{"id":3807,"date":"2014-05-20T00:00:00","date_gmt":"2014-05-20T00:00:00","guid":{"rendered":"http:\/\/elvinodelaspiedras.local\/ies-joaquin-costa-de-carinena-segundo-en-el-campeonato-europeo-de-escuelas-de-vitivinicultura\/"},"modified":"2020-11-13T12:29:34","modified_gmt":"2020-11-13T12:29:34","slug":"ies-joaquin-costa-de-carinena-segundo-en-el-campeonato-europeo-de-escuelas-de-vitivinicultura","status":"publish","type":"post","link":"https:\/\/elvinodelaspiedras.es\/en\/comunicacion\/noticias\/ies-joaquin-costa-de-carinena-segundo-en-el-campeonato-europeo-de-escuelas-de-vitivinicultura\/","title":{"rendered":"IES Joaqu\u00edn Costa de Cari\u00f1ena, segundo en el campeonato europeo de escuelas de vitivinicultura"},"content":{"rendered":"<p>La semana pasada se celebr\u00f3 la IX Edici\u00f3n de competici\u00f3n anual Europea de Escuelas de Vitivinicultura en la localidad de Ath, B\u00e9lgica.<\/p>\n<p>En dicho Campeonato participan 30 escuelas de m\u00e1s de 15 pa\u00edses europeos que \u00a0imparten formaci\u00f3n vitivin\u00edcola.<\/p>\n<p>Desde hace tres a\u00f1os el Departamento de Industrias Alimentarias-Enolog\u00eda del \u00a0IES Joaqu\u00edn Costa de Cari\u00f1ena, y en l\u00ednea con su \u00e1nimo de internacionalizar la formaci\u00f3n de sus estudiantes viene participando en este evento. En esta ocasi\u00f3n los alumnos Noem\u00ed Arnal Sancho y Ander Carcar Echepare, han conseguido quedar en una meritoria segunda posici\u00f3n en la modalidad por equipos, si bien empatados a puntos con el equipo Austriaco que qued\u00f3 en primera posici\u00f3n por cuestiones t\u00e9cnicas.<\/p>\n<p>Es para todos los alumnos, y para todos los profesores de este Centro una gran satisfacci\u00f3n el poder contar con unos alumnos tan bien preparados, capaces de competir en Europa dejando nuestro pabell\u00f3n bien alto, esperemos que este \u00e9xito sea el primero de otros muchos venideros, comenta Jos\u00e9 Manuel Grande , Jefe del Departamento de Industrias Alimentarias-Enolog\u00eda.<\/p>\n<p>Ganar este premio y quedar en segunda posici\u00f3n es una gran satisfacci\u00f3n, pero no lo es menos las horas que hemos compartido \u00a0con alumnos de toda Europa que estudian lo mismo que nosotros, tanto a nivel acad\u00e9mico como personal, hemos hecho muy buenas amistades y lo hemos pasado fenomenal, ha sido una experiencia inolvidable, Comentan los miembros del equipo.<\/p>\n<p>El IES JOAQU\u00cdN COSTA imparte un ciclo formativo de Grado Medio en Elaboraci\u00f3n de Aceites de Oliva y Vinos, y un ciclo de Grado Superior en Vitivinicultura, con una alta tasa de inserci\u00f3n laboral, www.estudiaelvino.com.<\/p>\n<hr>\n<figure id=\"attachment_325\" aria-describedby=\"caption-attachment-325\" style=\"width: 300px\" class=\"wp-caption alignnone\"><a href=\"\/_archivos\/imagenes\/2631.jpg\" target=\"_blank\" rel=\"noopener noreferrer\"><img decoding=\"async\" class=\"size-medium\" src=\"\/_archivos\/imagenes\/300\/2631.jpg\" alt=\"2\" title=\"2\" width=\"300\" height=\"auto\" \/><\/a><figcaption id=\"caption-attachment-325\" class=\"wp-caption-text\"><a href=\"\/_archivos\/imagenes\/2631.jpg\" target=\"_blank\" rel=\"noopener noreferrer\">Descargar imagen<\/a><\/figcaption><\/figure>\n","protected":false},"excerpt":{"rendered":"<p>La semana pasada se celebr\u00f3 la IX Edici\u00f3n de competici\u00f3n anual Europea de Escuelas de Vitivinicultura en la localidad de Ath, B\u00e9lgica. En dicho Campeonato participan 30 escuelas de m\u00e1s de 15 pa\u00edses europeos que \u00a0imparten formaci\u00f3n vitivin\u00edcola. Desde hace tres a\u00f1os el Departamento de Industrias Alimentarias-Enolog\u00eda del \u00a0IES Joaqu\u00edn Costa de Cari\u00f1ena, y en &hellip;<\/p>\n","protected":false},"author":6,"featured_media":3800,"comment_status":"closed","ping_status":"closed","sticky":false,"template":"","format":"standard","meta":{"_genesis_hide_title":false,"_genesis_hide_breadcrumbs":false,"_genesis_hide_singular_image":false,"_genesis_hide_footer_widgets":false,"_genesis_custom_body_class":"","_genesis_custom_post_class":"","_genesis_layout":"","ngg_post_thumbnail":0,"footnotes":""},"categories":[1],"tags":[],"class_list":{"0":"post-3807","1":"post","2":"type-post","3":"status-publish","4":"format-standard","5":"has-post-thumbnail","7":"category-noticias","8":"entry"},"_links":{"self":[{"href":"https:\/\/elvinodelaspiedras.es\/en\/wp-json\/wp\/v2\/posts\/3807"}],"collection":[{"href":"https:\/\/elvinodelaspiedras.es\/en\/wp-json\/wp\/v2\/posts"}],"about":[{"href":"https:\/\/elvinodelaspiedras.es\/en\/wp-json\/wp\/v2\/types\/post"}],"author":[{"embeddable":true,"href":"https:\/\/elvinodelaspiedras.es\/en\/wp-json\/wp\/v2\/users\/6"}],"replies":[{"embeddable":true,"href":"https:\/\/elvinodelaspiedras.es\/en\/wp-json\/wp\/v2\/comments?post=3807"}],"version-history":[{"count":1,"href":"https:\/\/elvinodelaspiedras.es\/en\/wp-json\/wp\/v2\/posts\/3807\/revisions"}],"predecessor-version":[{"id":5997,"href":"https:\/\/elvinodelaspiedras.es\/en\/wp-json\/wp\/v2\/posts\/3807\/revisions\/5997"}],"wp:featuredmedia":[{"embeddable":true,"href":"https:\/\/elvinodelaspiedras.es\/en\/wp-json\/wp\/v2\/media\/3800"}],"wp:attachment":[{"href":"https:\/\/elvinodelaspiedras.es\/en\/wp-json\/wp\/v2\/media?parent=3807"}],"wp:term":[{"taxonomy":"category","embeddable":true,"href":"https:\/\/elvinodelaspiedras.es\/en\/wp-json\/wp\/v2\/categories?post=3807"},{"taxonomy":"post_tag","embeddable":true,"href":"https:\/\/elvinodelaspiedras.es\/en\/wp-json\/wp\/v2\/tags?post=3807"}],"curies":[{"name":"wp","href":"https:\/\/api.w.org\/{rel}","templated":true}]}}