{"id":3809,"date":"2014-05-23T00:00:00","date_gmt":"2014-05-23T00:00:00","guid":{"rendered":"http:\/\/elvinodelaspiedras.local\/beso-de-vino-edicion-especial-futbol-y-realidad-aumentada\/"},"modified":"2020-11-13T12:29:34","modified_gmt":"2020-11-13T12:29:34","slug":"beso-de-vino-edicion-especial-futbol-y-realidad-aumentada","status":"publish","type":"post","link":"https:\/\/elvinodelaspiedras.es\/en\/comunicacion\/noticias\/beso-de-vino-edicion-especial-futbol-y-realidad-aumentada\/","title":{"rendered":"Beso de vino. edici\u00f3n especial f\u00fatbol y realidad aumentada"},"content":{"rendered":"<p>Beso de Vino, una de las marcas banderas de Grandes Vinos y Vi\u00f1edos, la Bodega m\u00e1s grande de la D.O.P. Cari\u00f1ena y de toda Arag\u00f3n y una de las Bodegas l\u00edderes del Sector Vitivin\u00edcola Espa\u00f1ol, ha experimentado desde su lanzamiento en 2009 un crecimiento y una expansi\u00f3n constante estando presente ya en m\u00e1s de 30 pa\u00edses.<\/p>\n<p>La marca dise\u00f1ada por la F\u00e1brica de ideas y dibujos Kukuxumusu, ilustra en su etiqueta a \u00a0Antonio, un toro joven, simp\u00e1tico, sociable y aventurero que se enamor\u00f3 de Beso de Vino la primera vez que lo prob\u00f3 y desde entonces recorre el mundo para compartirlo con todos los consumidores.<\/p>\n<p>Uno de los atractivos de la marca es la capacidad de lanzar ediciones especiales, en torno a diferentes tem\u00e1ticas, eventos o festividades, y de cara al evento que transformar\u00e1 el pr\u00f3ximo mes la tierra en una gran pelota de f\u00fatbol, Antonio no ha querido perderse la oportunidad de formar parte de este evento mundial y por ello Beso de Vino ha lanzado dos nuevas referencias futboleras:<\/p>\n<p>Un Cabernet Sauvignon 2013, en el que Antonio se viste la m\u00edtica camiseta n\u00ba10 amarilla de la \u201cCanarinha\u201d y un Selecci\u00f3n 2011, Syrah&amp;Garnacha con 3 meses de barrica que en esta ocasi\u00f3n se viste con la camiseta roja que tambi\u00e9n aspira a convertirse en campeona del mundo.<\/p>\n<p>Adicionalmente a estas dos referencias, Grandes Vinos y Vi\u00f1edos que considera la innovaci\u00f3n uno de sus pilares de crecimiento, ha incorporado una experiencia de realidad aumentada a estas dos etiquetas, en colaboraci\u00f3n con la tambi\u00e9n zaragozana empresa IMASCONO.<\/p>\n<p>Con s\u00f3lo descargarse la aplicaci\u00f3n gratuita \u201cIMASCONO\u201d (Apple o Android) y apuntar a las etiquetas con el m\u00f3vil o la tablet, el consumidor podr\u00e1 disfrutar de una experiencia de realidad aumentada en 3D, donde Antonio sale de la botella, da unos toques a la pelota, marca un gol de chilena y lo celebra bailando un poco de samba.<\/p>\n<p>En el mundo actual donde las redes sociales nos conectan a diario con nuestros amigos y familiares, compartir la foto de Antonio tambi\u00e9n tendr\u00e1 premio, pues Beso de Vino ha cerrado el c\u00edrculo de esta edici\u00f3n especial, con un gran concurso a nivel mundial con muchos premios, el primero una semana en hoteles de 4 estrellas en Madrid y Barcelona, incluyendo tour a los estadios de f\u00fatbol. Informaci\u00f3n completa del concurso y bases en www.besodevino.com, donde tambi\u00e9n los consumidores podr\u00e1n personalizar y recibir en su mail un pdf para montar en la botella, la camiseta de su selecci\u00f3n favorita con su nombre y dorsal.<\/p>\n<hr>\n<figure id=\"attachment_326\" aria-describedby=\"caption-attachment-326\" style=\"width: 300px\" class=\"wp-caption alignnone\"><a href=\"\/_archivos\/imagenes\/2635.jpg\" target=\"_blank\" rel=\"noopener noreferrer\"><img decoding=\"async\" class=\"size-medium\" src=\"\/_archivos\/imagenes\/300\/2635.jpg\" alt=\"1\" title=\"1\" width=\"300\" height=\"auto\" \/><\/a><figcaption id=\"caption-attachment-326\" class=\"wp-caption-text\"><a href=\"\/_archivos\/imagenes\/2635.jpg\" target=\"_blank\" rel=\"noopener noreferrer\">Descargar imagen<\/a><\/figcaption><\/figure>\n","protected":false},"excerpt":{"rendered":"<p>Beso de Vino, una de las marcas banderas de Grandes Vinos y Vi\u00f1edos, la Bodega m\u00e1s grande de la D.O.P. Cari\u00f1ena y de toda Arag\u00f3n y una de las Bodegas l\u00edderes del Sector Vitivin\u00edcola Espa\u00f1ol, ha experimentado desde su lanzamiento en 2009 un crecimiento y una expansi\u00f3n constante estando presente ya en m\u00e1s de 30 &hellip;<\/p>\n","protected":false},"author":6,"featured_media":3810,"comment_status":"closed","ping_status":"closed","sticky":false,"template":"","format":"standard","meta":{"_genesis_hide_title":false,"_genesis_hide_breadcrumbs":false,"_genesis_hide_singular_image":false,"_genesis_hide_footer_widgets":false,"_genesis_custom_body_class":"","_genesis_custom_post_class":"","_genesis_layout":"","ngg_post_thumbnail":0,"footnotes":""},"categories":[1],"tags":[],"class_list":{"0":"post-3809","1":"post","2":"type-post","3":"status-publish","4":"format-standard","5":"has-post-thumbnail","7":"category-noticias","8":"entry"},"_links":{"self":[{"href":"https:\/\/elvinodelaspiedras.es\/en\/wp-json\/wp\/v2\/posts\/3809"}],"collection":[{"href":"https:\/\/elvinodelaspiedras.es\/en\/wp-json\/wp\/v2\/posts"}],"about":[{"href":"https:\/\/elvinodelaspiedras.es\/en\/wp-json\/wp\/v2\/types\/post"}],"author":[{"embeddable":true,"href":"https:\/\/elvinodelaspiedras.es\/en\/wp-json\/wp\/v2\/users\/6"}],"replies":[{"embeddable":true,"href":"https:\/\/elvinodelaspiedras.es\/en\/wp-json\/wp\/v2\/comments?post=3809"}],"version-history":[{"count":1,"href":"https:\/\/elvinodelaspiedras.es\/en\/wp-json\/wp\/v2\/posts\/3809\/revisions"}],"predecessor-version":[{"id":5996,"href":"https:\/\/elvinodelaspiedras.es\/en\/wp-json\/wp\/v2\/posts\/3809\/revisions\/5996"}],"wp:featuredmedia":[{"embeddable":true,"href":"https:\/\/elvinodelaspiedras.es\/en\/wp-json\/wp\/v2\/media\/3810"}],"wp:attachment":[{"href":"https:\/\/elvinodelaspiedras.es\/en\/wp-json\/wp\/v2\/media?parent=3809"}],"wp:term":[{"taxonomy":"category","embeddable":true,"href":"https:\/\/elvinodelaspiedras.es\/en\/wp-json\/wp\/v2\/categories?post=3809"},{"taxonomy":"post_tag","embeddable":true,"href":"https:\/\/elvinodelaspiedras.es\/en\/wp-json\/wp\/v2\/tags?post=3809"}],"curies":[{"name":"wp","href":"https:\/\/api.w.org\/{rel}","templated":true}]}}