{"id":3813,"date":"2014-06-04T00:00:00","date_gmt":"2014-06-04T00:00:00","guid":{"rendered":"http:\/\/elvinodelaspiedras.local\/el-valor-de-los-vinos-de-carinena-es-realmente-increible\/"},"modified":"2020-11-13T12:29:34","modified_gmt":"2020-11-13T12:29:34","slug":"el-valor-de-los-vinos-de-carinena-es-realmente-increible","status":"publish","type":"post","link":"https:\/\/elvinodelaspiedras.es\/en\/comunicacion\/noticias\/el-valor-de-los-vinos-de-carinena-es-realmente-increible\/","title":{"rendered":"\u201cEl valor de los vinos de Cari\u00f1ena es realmente incre\u00edble\u201d"},"content":{"rendered":"<p>Una representaci\u00f3n de los mejores sumilleres y periodistas especializados de EEUU est\u00e1 visitando durante estos d\u00edas, a trav\u00e9s de una misi\u00f3n inversa, la Denominaci\u00f3n de Origen Protegida Cari\u00f1ena. Se trata de uno de losactos que se enmarcan dentro de las acciones de promoci\u00f3n de sus vinos en pa\u00edses terceros \u2013los situados fuera de la  Uni\u00f3n Europea-. Este proyecto, que est\u00e1 llevando a cabo la Denominaci\u00f3n desde el mes de marzo y que finaliza este mes de junio, cuenta con un presupuesto total de 600.000 euros.<\/p>\n<p>En total son diez los expertos vin\u00edcolas que est\u00e1n descubriendo, a lo largo de esta semana, el vino, el territorio y las gentes de la zona. \u201cEsta acci\u00f3n es una apuesta firme por dar a conocer, fuera de nuestras fronteras, las garnachas de Cari\u00f1ena y nuestra peculiaridad de los vi\u00f1edos en piedra, algo que les ha llamado mucho la atenci\u00f3n por la calidad que est\u00e1n dando los vinos. Adem\u00e1s de conocer las bodegas y vi\u00f1edos de la D.O.P., durante su estancia, tienen un programa de turismo por las tardes en el que visitan Zaragoza y la casa natal de Goya, entre otras actividades.\u201d, ha explicado el director de M\u00e1rketing y Comunicaci\u00f3n de la  Denominaci\u00f3n de Origen Protegida Cari\u00f1ena, Jos\u00e9 Luis Campos.<\/p>\n<p>A lo largo de estos d\u00edas, los periodistas y sumilleres,\u00a0 no s\u00f3lo est\u00e1n conociendo las modernas m\u00e1quinas en las que se elabora el vino, sino que se les est\u00e1 mostrando el origen real de todo el proceso. De esta manera, est\u00e1n viendo el trabajo de los agricultores, podadores, recolectores\u2026todo lo que ligado al producto final da la esencia y la imagen de cada uno de los vinos.<\/p>\n<p>Para Lyn Farmer, periodista de Tropic Magazine, Inoulge Magazine, los vinos de Cari\u00f1ena son \u201cexcelentes\u201d y la garnacha tiene un sabor \u201cmuy elegante y fresco\u201d. Farmer tambi\u00e9n ha a\u00f1adido que \u201chasta que no conoces la zona en la que se produce un vino, no conoces realmente el vino\u201d.<\/p>\n<p>Gracias a este proyecto, Cari\u00f1ena ha tenido una gran presencia durante estos meses en Estados Unidos. \u201cEstamos muy satisfechos con este plan, pero esto no ha hecho m\u00e1s que empezar, porque ahora hay un programa con nuestra Agencia Americana para tres a\u00f1os m\u00e1s y tenemos que hacer muchas cosas y alcanzar a esos grandes \u201cgur\u00fas\u201d present\u00e1ndoles nuestros vinos. La aspiraci\u00f3n es que para nosotros EEUU se convierta en un mercado como el de Reino Unido con 19 millones de botellas vendidas hace un a\u00f1o. Queremos llegar a un mercado emergente donde hay mucha competencia\u201d, ha destacado Jos\u00e9 Luis Campos.<\/p>\n<p>Por su parte, Chris Tanghe, del Restaurante Aragona, en Seattle, ha explicado que le gusta la fruta de Cari\u00f1ena y que el vino de garnacha es de \u201cmuy buena calidad\u201d. Asimismo, Tanghe ha asegurado que \u201cel valor de estos vinos es realmente incre\u00edble, acompa\u00f1an muy bien la comida y son muy buenos para restaurantes y programas de vinos\u201d.<\/p>\n<p>Esta acci\u00f3n promocional de Cari\u00f1ena, que exporta ya a 48 pa\u00edses del mundo, se centra en 14 pa\u00edses.\u00a0 \u201cEsta es una gran oportunidad para conocer y descubrir Cari\u00f1ena, la vida de esta zona y su cultura. EEUU se encuentra ahora en un momento de apertura en el que busca explorar nuevos vinos y nuevas regiones del mundo\u201d, ha indicado Carolina L\u00f3pez Bethel, dedicada a la compraventa de vinos para una cadena de mercados (Miami, Florida).<\/p>\n<p>Esta tarde a las 19,30 horas, en el Restaurante Casa Pedro de Zaragoza, tendr\u00e1 lugar una charla t\u00e9cnica, completada con la cata de seis vinos de la Denominaci\u00f3n, impartida por el prestigioso sumiller turolense Ra\u00fal Igual, campe\u00f3n de Espa\u00f1a de Sumilleres en San Sebastian Gastronomika y finalista en el Campeonato del Mundo de Sumilleres.<\/p>\n<hr>\n<figure id=\"attachment_329\" aria-describedby=\"caption-attachment-329\" style=\"width: 300px\" class=\"wp-caption alignnone\"><a href=\"\/_archivos\/imagenes\/2637.jpg\" target=\"_blank\" rel=\"noopener noreferrer\"><img decoding=\"async\" class=\"size-medium\" src=\"\/_archivos\/imagenes\/300\/2637.jpg\" alt=\"1\" title=\"1\" width=\"300\" height=\"auto\" \/><\/a><figcaption id=\"caption-attachment-329\" class=\"wp-caption-text\"><a href=\"\/_archivos\/imagenes\/2637.jpg\" target=\"_blank\" rel=\"noopener noreferrer\">Descargar imagen<\/a><\/figcaption><\/figure>\n","protected":false},"excerpt":{"rendered":"<p>Una representaci\u00f3n de los mejores sumilleres y periodistas especializados de EEUU est\u00e1 visitando durante estos d\u00edas, a trav\u00e9s de una misi\u00f3n inversa, la Denominaci\u00f3n de Origen Protegida Cari\u00f1ena. Se trata de uno de losactos que se enmarcan dentro de las acciones de promoci\u00f3n de sus vinos en pa\u00edses terceros \u2013los situados fuera de la Uni\u00f3n &hellip;<\/p>\n","protected":false},"author":6,"featured_media":3810,"comment_status":"closed","ping_status":"closed","sticky":false,"template":"","format":"standard","meta":{"_genesis_hide_title":false,"_genesis_hide_breadcrumbs":false,"_genesis_hide_singular_image":false,"_genesis_hide_footer_widgets":false,"_genesis_custom_body_class":"","_genesis_custom_post_class":"","_genesis_layout":"","ngg_post_thumbnail":0,"footnotes":""},"categories":[1],"tags":[],"class_list":{"0":"post-3813","1":"post","2":"type-post","3":"status-publish","4":"format-standard","5":"has-post-thumbnail","7":"category-noticias","8":"entry"},"_links":{"self":[{"href":"https:\/\/elvinodelaspiedras.es\/en\/wp-json\/wp\/v2\/posts\/3813"}],"collection":[{"href":"https:\/\/elvinodelaspiedras.es\/en\/wp-json\/wp\/v2\/posts"}],"about":[{"href":"https:\/\/elvinodelaspiedras.es\/en\/wp-json\/wp\/v2\/types\/post"}],"author":[{"embeddable":true,"href":"https:\/\/elvinodelaspiedras.es\/en\/wp-json\/wp\/v2\/users\/6"}],"replies":[{"embeddable":true,"href":"https:\/\/elvinodelaspiedras.es\/en\/wp-json\/wp\/v2\/comments?post=3813"}],"version-history":[{"count":1,"href":"https:\/\/elvinodelaspiedras.es\/en\/wp-json\/wp\/v2\/posts\/3813\/revisions"}],"predecessor-version":[{"id":5994,"href":"https:\/\/elvinodelaspiedras.es\/en\/wp-json\/wp\/v2\/posts\/3813\/revisions\/5994"}],"wp:featuredmedia":[{"embeddable":true,"href":"https:\/\/elvinodelaspiedras.es\/en\/wp-json\/wp\/v2\/media\/3810"}],"wp:attachment":[{"href":"https:\/\/elvinodelaspiedras.es\/en\/wp-json\/wp\/v2\/media?parent=3813"}],"wp:term":[{"taxonomy":"category","embeddable":true,"href":"https:\/\/elvinodelaspiedras.es\/en\/wp-json\/wp\/v2\/categories?post=3813"},{"taxonomy":"post_tag","embeddable":true,"href":"https:\/\/elvinodelaspiedras.es\/en\/wp-json\/wp\/v2\/tags?post=3813"}],"curies":[{"name":"wp","href":"https:\/\/api.w.org\/{rel}","templated":true}]}}