{"id":3815,"date":"2014-06-16T00:00:00","date_gmt":"2014-06-16T00:00:00","guid":{"rendered":"http:\/\/elvinodelaspiedras.local\/melendi-ofrecera-en-carinena-la-unica-actuacion-en-aragon-de-su-gira-10-aniversario\/"},"modified":"2020-11-13T12:29:34","modified_gmt":"2020-11-13T12:29:34","slug":"melendi-ofrecera-en-carinena-la-unica-actuacion-en-aragon-de-su-gira-10-aniversario","status":"publish","type":"post","link":"https:\/\/elvinodelaspiedras.es\/en\/comunicacion\/noticias\/melendi-ofrecera-en-carinena-la-unica-actuacion-en-aragon-de-su-gira-10-aniversario\/","title":{"rendered":"Melendi ofrecer\u00e1 en Cari\u00f1ena la \u00fanica actuaci\u00f3n en arag\u00f3n de su gira \u201d10\u00ba aniversario\u201d"},"content":{"rendered":"<p>El cantante Melendi, que cumple diez a\u00f1os sobre los escenarios, ofrecer\u00e1 en Cari\u00f1ena, el pr\u00f3ximo 19 de julio, la \u00fanica actuaci\u00f3n en Arag\u00f3n de su gira \u201c10\u00ba Aniversario\u201d. El concierto, que tendr\u00e1 lugar en el Silo de la localidad (Calle de la Cruz s\/n) a las 23,30 horas, se enmarca dentro de la segunda edici\u00f3n de la Ruta de Verano del Vino de las Piedras, organizada por la  Denominaci\u00f3n de Origen Protegida Cari\u00f1ena, y que se celebra los d\u00edas 18 y 19 de julio. De esta manera, la D.O.P. contin\u00faa apostando por fomentar y dar a conocer la cultura vin\u00edcola y de la zona entre el p\u00fablico joven.<\/p>\n<p>Las entradas para el concierto de Cari\u00f1ena tienen un precio de 10 euros y se pueden adquirir en ticketmaster.es, cajeros Grupo Ibercaja y sede del Consejo Regulador de la D.O.P. Cari\u00f1ena o en taquilla el mismo d\u00eda del evento a un precio de 15 euros.<\/p>\n<p>A lo largo de esta gira, que comenz\u00f3 en el mes de de abril en Barcelona y que finaliza el 26 de septiembre en Sevilla, Melendi ofrece conciertos en cerca de 30 ciudades espa\u00f1olas y en algunos pa\u00edses lationamericanos, como son Argentina, M\u00e9xico o Colombia. En esta gira, el asturiano, colabora, adem\u00e1s, con la Federaci\u00f3n Espa\u00f1ola de Bancos de Alimentos, de tal modo que se coloca a la puerta de cada concierto un cami\u00f3n en el que los asistentes podr\u00e1n depositar una aportaci\u00f3n voluntaria.<\/p>\n<p>En cada concierto de su nueva gira, Melendi ofrece, a lo largo de dos horas, una espectacular puesta en escena de luces y sonido con un elaborado repertorio de los temas m\u00e1s emblem\u00e1ticos de todos sus discos: &#8220;Caminando por la vida&#8221;, &#8220;Sin noticias de Holanda&#8221;, &#8220;El informe del forense&#8221;, &#8220;Desde mi ventana&#8221;, &#8220;Un recuerdo que olvidar&#8221;, &#8220;Novia a la fuga&#8221;, &#8220;Gangs of London&#8221; o &#8220;Quisiera yo saber&#8221;, entre otros. Y muchas m\u00e1s canciones que Melendi no ha tocado en directo en los \u00faltimos a\u00f1os y que ser\u00e1n un homenaje a todos los fans que despu\u00e9s de tanto tiempo le siguen con la misma energ\u00eda que en 2004. Adem\u00e1s, el asturiano promete sorpresas durante las actuaciones.<\/p>\n<p>El cantante asturiano ha vendido a lo largo de esta d\u00e9cada dos millones de copias, ha editado seis discos y ha recogido un gran n\u00famero de premios por sus trabajos.<\/p>\n<hr>\n<figure id=\"attachment_330\" aria-describedby=\"caption-attachment-330\" style=\"width: 300px\" class=\"wp-caption alignnone\"><a href=\"\/_archivos\/imagenes\/2662.jpg\" target=\"_blank\" rel=\"noopener noreferrer\"><img decoding=\"async\" class=\"size-medium\" src=\"\/_archivos\/imagenes\/300\/2662.jpg\" alt=\"Melendi\" title=\"Melendi\" width=\"300\" height=\"auto\" \/><\/a><figcaption id=\"caption-attachment-330\" class=\"wp-caption-text\"><a href=\"\/_archivos\/imagenes\/2662.jpg\" target=\"_blank\" rel=\"noopener noreferrer\">Descargar imagen<\/a><\/figcaption><\/figure>\n","protected":false},"excerpt":{"rendered":"<p>El cantante Melendi, que cumple diez a\u00f1os sobre los escenarios, ofrecer\u00e1 en Cari\u00f1ena, el pr\u00f3ximo 19 de julio, la \u00fanica actuaci\u00f3n en Arag\u00f3n de su gira \u201c10\u00ba Aniversario\u201d. El concierto, que tendr\u00e1 lugar en el Silo de la localidad (Calle de la Cruz s\/n) a las 23,30 horas, se enmarca dentro de la segunda edici\u00f3n &hellip;<\/p>\n","protected":false},"author":6,"featured_media":3816,"comment_status":"closed","ping_status":"closed","sticky":false,"template":"","format":"standard","meta":{"_genesis_hide_title":false,"_genesis_hide_breadcrumbs":false,"_genesis_hide_singular_image":false,"_genesis_hide_footer_widgets":false,"_genesis_custom_body_class":"","_genesis_custom_post_class":"","_genesis_layout":"","ngg_post_thumbnail":0,"footnotes":""},"categories":[1],"tags":[],"class_list":{"0":"post-3815","1":"post","2":"type-post","3":"status-publish","4":"format-standard","5":"has-post-thumbnail","7":"category-noticias","8":"entry"},"_links":{"self":[{"href":"https:\/\/elvinodelaspiedras.es\/en\/wp-json\/wp\/v2\/posts\/3815"}],"collection":[{"href":"https:\/\/elvinodelaspiedras.es\/en\/wp-json\/wp\/v2\/posts"}],"about":[{"href":"https:\/\/elvinodelaspiedras.es\/en\/wp-json\/wp\/v2\/types\/post"}],"author":[{"embeddable":true,"href":"https:\/\/elvinodelaspiedras.es\/en\/wp-json\/wp\/v2\/users\/6"}],"replies":[{"embeddable":true,"href":"https:\/\/elvinodelaspiedras.es\/en\/wp-json\/wp\/v2\/comments?post=3815"}],"version-history":[{"count":1,"href":"https:\/\/elvinodelaspiedras.es\/en\/wp-json\/wp\/v2\/posts\/3815\/revisions"}],"predecessor-version":[{"id":5993,"href":"https:\/\/elvinodelaspiedras.es\/en\/wp-json\/wp\/v2\/posts\/3815\/revisions\/5993"}],"wp:featuredmedia":[{"embeddable":true,"href":"https:\/\/elvinodelaspiedras.es\/en\/wp-json\/wp\/v2\/media\/3816"}],"wp:attachment":[{"href":"https:\/\/elvinodelaspiedras.es\/en\/wp-json\/wp\/v2\/media?parent=3815"}],"wp:term":[{"taxonomy":"category","embeddable":true,"href":"https:\/\/elvinodelaspiedras.es\/en\/wp-json\/wp\/v2\/categories?post=3815"},{"taxonomy":"post_tag","embeddable":true,"href":"https:\/\/elvinodelaspiedras.es\/en\/wp-json\/wp\/v2\/tags?post=3815"}],"curies":[{"name":"wp","href":"https:\/\/api.w.org\/{rel}","templated":true}]}}