{"id":3817,"date":"2014-07-10T00:00:00","date_gmt":"2014-07-10T00:00:00","guid":{"rendered":"http:\/\/elvinodelaspiedras.local\/la-dop-carinena-ya-comercializa-el-75-de-sus-botellas-en-el-mercado-exterior\/"},"modified":"2020-11-13T12:29:34","modified_gmt":"2020-11-13T12:29:34","slug":"la-dop-carinena-ya-comercializa-el-75-de-sus-botellas-en-el-mercado-exterior","status":"publish","type":"post","link":"https:\/\/elvinodelaspiedras.es\/en\/comunicacion\/noticias\/la-dop-carinena-ya-comercializa-el-75-de-sus-botellas-en-el-mercado-exterior\/","title":{"rendered":"La D.O.P. Cari\u00f1ena ya comercializa el 75% de sus botellas en el mercado exterior"},"content":{"rendered":"<p>La Denominaci\u00f3nde Origen Protegida Cari\u00f1ena ya comercializa el 75,12 % de sus botellas en el exterior, el resto, un 24,88%, lo destina al interior. Las ventas en este mercado han experimentado una evoluci\u00f3n muy positiva, ya que han aumentado un 4% respecto a 2012 y un 23% con respecto a 2008. <\/p>\n<p>En el ejercicio de 2013, las empresas inscritas han realizado expediciones a 50 pa\u00edses al mercado exterior donde han vendido un total de 42.883.608 botellas. Reino Unido es el pa\u00eds al que m\u00e1s vino se ha exportado, con cerca de 16 millones de botellas, seguido de Alemania -al que duplica en ventas-, Estados Unidos, Canad\u00e1, China y Rusia.<\/p>\n<p>El crecimiento de las ventas en el exterior se ha producido sobre todo en la \u00faltima d\u00e9cada. En el a\u00f1o 2005, el porcentaje de mercado interior e internacional era similar. Precisamente, el aumento de las exportaciones ha paliado la bajada de consumo de vino en Espa\u00f1a durante los a\u00f1os de crisis.<\/p>\n<p>La  D.O.P. Cari\u00f1ena ha logrado en este sentido incrementar a\u00f1o a a\u00f1o sus ventas en esta reciente etapa, con la \u00fanica excepci\u00f3n del pasado a\u00f1o. En 2013, produjo 77.157.625 de kilos de uva, un 8% m\u00e1s que en 2012, y vendi\u00f3 57 millones de botellas, un 8,4 % menos que en el periodo anterior. Este descenso en la comercializaci\u00f3n se debe, en gran medida, al aumento de los\u00a0 precios de los vinos en los diferentes mercados.<\/p>\n<p>No obstante, la cifra de ventas de 2013 es muy similar a la media de los \u00faltimos cinco a\u00f1os: 56.691.002 botellas. Este dato supera ampliamente, en un 38 %, a la media de los cinco a\u00f1os anteriores (2004-08): 40.994.600 unidades.<\/p>\n<p>En las 14.513 hect\u00e1reas de la Denominaci\u00f3n de Origen Protegida Cari\u00f1ena se cultivan en estos momentos 14 variedades de uva, siendo la Garnacha  Tinta y el Tempranillo las preponderantes en la zona de \u00e1mbito geogr\u00e1fico, con un 31,35% y un 25,34%, respectivamente. Les siguen la Cabernet Sauvignon (12,77%), la Macabeo (11,27%), la Syrah (7,02%) o la Merlot (4,80%).<\/p>\n<hr>\n<figure id=\"attachment_331\" aria-describedby=\"caption-attachment-331\" style=\"width: 300px\" class=\"wp-caption alignnone\"><a href=\"\/_archivos\/imagenes\/2666.jpg\" target=\"_blank\" rel=\"noopener noreferrer\"><img decoding=\"async\" class=\"size-medium\" src=\"\/_archivos\/imagenes\/300\/2666.jpg\" alt=\"DSC_0125\" title=\"DSC_0125\" width=\"300\" height=\"auto\" \/><\/a><figcaption id=\"caption-attachment-331\" class=\"wp-caption-text\"><a href=\"\/_archivos\/imagenes\/2666.jpg\" target=\"_blank\" rel=\"noopener noreferrer\">Descargar imagen<\/a><\/figcaption><\/figure>\n","protected":false},"excerpt":{"rendered":"<p>La Denominaci\u00f3nde Origen Protegida Cari\u00f1ena ya comercializa el 75,12 % de sus botellas en el exterior, el resto, un 24,88%, lo destina al interior. Las ventas en este mercado han experimentado una evoluci\u00f3n muy positiva, ya que han aumentado un 4% respecto a 2012 y un 23% con respecto a 2008. En el ejercicio de &hellip;<\/p>\n","protected":false},"author":6,"featured_media":3818,"comment_status":"closed","ping_status":"closed","sticky":false,"template":"","format":"standard","meta":{"_genesis_hide_title":false,"_genesis_hide_breadcrumbs":false,"_genesis_hide_singular_image":false,"_genesis_hide_footer_widgets":false,"_genesis_custom_body_class":"","_genesis_custom_post_class":"","_genesis_layout":"","ngg_post_thumbnail":0,"footnotes":""},"categories":[1],"tags":[],"class_list":{"0":"post-3817","1":"post","2":"type-post","3":"status-publish","4":"format-standard","5":"has-post-thumbnail","7":"category-noticias","8":"entry"},"_links":{"self":[{"href":"https:\/\/elvinodelaspiedras.es\/en\/wp-json\/wp\/v2\/posts\/3817"}],"collection":[{"href":"https:\/\/elvinodelaspiedras.es\/en\/wp-json\/wp\/v2\/posts"}],"about":[{"href":"https:\/\/elvinodelaspiedras.es\/en\/wp-json\/wp\/v2\/types\/post"}],"author":[{"embeddable":true,"href":"https:\/\/elvinodelaspiedras.es\/en\/wp-json\/wp\/v2\/users\/6"}],"replies":[{"embeddable":true,"href":"https:\/\/elvinodelaspiedras.es\/en\/wp-json\/wp\/v2\/comments?post=3817"}],"version-history":[{"count":1,"href":"https:\/\/elvinodelaspiedras.es\/en\/wp-json\/wp\/v2\/posts\/3817\/revisions"}],"predecessor-version":[{"id":5992,"href":"https:\/\/elvinodelaspiedras.es\/en\/wp-json\/wp\/v2\/posts\/3817\/revisions\/5992"}],"wp:featuredmedia":[{"embeddable":true,"href":"https:\/\/elvinodelaspiedras.es\/en\/wp-json\/wp\/v2\/media\/3818"}],"wp:attachment":[{"href":"https:\/\/elvinodelaspiedras.es\/en\/wp-json\/wp\/v2\/media?parent=3817"}],"wp:term":[{"taxonomy":"category","embeddable":true,"href":"https:\/\/elvinodelaspiedras.es\/en\/wp-json\/wp\/v2\/categories?post=3817"},{"taxonomy":"post_tag","embeddable":true,"href":"https:\/\/elvinodelaspiedras.es\/en\/wp-json\/wp\/v2\/tags?post=3817"}],"curies":[{"name":"wp","href":"https:\/\/api.w.org\/{rel}","templated":true}]}}