{"id":3819,"date":"2014-07-11T00:00:00","date_gmt":"2014-07-11T00:00:00","guid":{"rendered":"http:\/\/elvinodelaspiedras.local\/la-dop-carinena-te-invita-al-concierto-de-melendi\/"},"modified":"2020-11-13T12:29:34","modified_gmt":"2020-11-13T12:29:34","slug":"la-dop-carinena-te-invita-al-concierto-de-melendi","status":"publish","type":"post","link":"https:\/\/elvinodelaspiedras.es\/en\/comunicacion\/noticias\/la-dop-carinena-te-invita-al-concierto-de-melendi\/","title":{"rendered":"La D.O.P. Cari\u00f1ena te invita al concierto de melendi"},"content":{"rendered":"<p>\u00bfQuieres escuchar en directo a Melendi? La D.O.P. Cari\u00f1ena te invita al \u00fanico concierto de la gira &#8220;10\u00ba Aniversario&#8221; que el cantante asturiano ofrece en Arag\u00f3n, dentro de la II Ruta de Verano del Vino de las Piedras. Para participar s\u00f3lo tienes que subir una fotograf\u00eda a nuestro <a href=\"https:\/\/www.facebook.com\/elvinodelaspiedras\" target=\"_blank\" rel=\"noopener noreferrer\">Facebook <\/a>dando la bienvenida al verano con una copita de un Vino de las Piedras. Las tres im\u00e1genes que m\u00e1s &#8220;Me gusta&#8221; reciban hasta el domingo a las 12 de la noche, ganar\u00e1n dos entradas cada una.<\/p>\n<hr>\n<figure id=\"attachment_332\" aria-describedby=\"caption-attachment-332\" style=\"width: 300px\" class=\"wp-caption alignnone\"><a href=\"\/_archivos\/imagenes\/2673.jpg\" target=\"_blank\" rel=\"noopener noreferrer\"><img decoding=\"async\" class=\"size-medium\" src=\"\/_archivos\/imagenes\/300\/2673.jpg\" alt=\"entrada Melendi (1)\" title=\"entrada Melendi (1)\" width=\"300\" height=\"auto\" \/><\/a><figcaption id=\"caption-attachment-332\" class=\"wp-caption-text\"><a href=\"\/_archivos\/imagenes\/2673.jpg\" target=\"_blank\" rel=\"noopener noreferrer\">Descargar imagen<\/a><\/figcaption><\/figure>\n","protected":false},"excerpt":{"rendered":"<p>\u00bfQuieres escuchar en directo a Melendi? La D.O.P. Cari\u00f1ena te invita al \u00fanico concierto de la gira &#8220;10\u00ba Aniversario&#8221; que el cantante asturiano ofrece en Arag\u00f3n, dentro de la II Ruta de Verano del Vino de las Piedras. Para participar s\u00f3lo tienes que subir una fotograf\u00eda a nuestro Facebook dando la bienvenida al verano con &hellip;<\/p>\n","protected":false},"author":6,"featured_media":3820,"comment_status":"closed","ping_status":"closed","sticky":false,"template":"","format":"standard","meta":{"_genesis_hide_title":false,"_genesis_hide_breadcrumbs":false,"_genesis_hide_singular_image":false,"_genesis_hide_footer_widgets":false,"_genesis_custom_body_class":"","_genesis_custom_post_class":"","_genesis_layout":"","ngg_post_thumbnail":0,"footnotes":""},"categories":[1],"tags":[],"class_list":{"0":"post-3819","1":"post","2":"type-post","3":"status-publish","4":"format-standard","5":"has-post-thumbnail","7":"category-noticias","8":"entry"},"_links":{"self":[{"href":"https:\/\/elvinodelaspiedras.es\/en\/wp-json\/wp\/v2\/posts\/3819"}],"collection":[{"href":"https:\/\/elvinodelaspiedras.es\/en\/wp-json\/wp\/v2\/posts"}],"about":[{"href":"https:\/\/elvinodelaspiedras.es\/en\/wp-json\/wp\/v2\/types\/post"}],"author":[{"embeddable":true,"href":"https:\/\/elvinodelaspiedras.es\/en\/wp-json\/wp\/v2\/users\/6"}],"replies":[{"embeddable":true,"href":"https:\/\/elvinodelaspiedras.es\/en\/wp-json\/wp\/v2\/comments?post=3819"}],"version-history":[{"count":1,"href":"https:\/\/elvinodelaspiedras.es\/en\/wp-json\/wp\/v2\/posts\/3819\/revisions"}],"predecessor-version":[{"id":5991,"href":"https:\/\/elvinodelaspiedras.es\/en\/wp-json\/wp\/v2\/posts\/3819\/revisions\/5991"}],"wp:featuredmedia":[{"embeddable":true,"href":"https:\/\/elvinodelaspiedras.es\/en\/wp-json\/wp\/v2\/media\/3820"}],"wp:attachment":[{"href":"https:\/\/elvinodelaspiedras.es\/en\/wp-json\/wp\/v2\/media?parent=3819"}],"wp:term":[{"taxonomy":"category","embeddable":true,"href":"https:\/\/elvinodelaspiedras.es\/en\/wp-json\/wp\/v2\/categories?post=3819"},{"taxonomy":"post_tag","embeddable":true,"href":"https:\/\/elvinodelaspiedras.es\/en\/wp-json\/wp\/v2\/tags?post=3819"}],"curies":[{"name":"wp","href":"https:\/\/api.w.org\/{rel}","templated":true}]}}