{"id":3821,"date":"2014-07-15T00:00:00","date_gmt":"2014-07-15T00:00:00","guid":{"rendered":"http:\/\/elvinodelaspiedras.local\/a-punto-de-agotarse-las-entradas-del-concierto-que-ofrece-melendi-en-carinena-dentro-de-la-ii-ruta-de-verano-del-vino-de-las-piedras\/"},"modified":"2020-11-13T12:29:34","modified_gmt":"2020-11-13T12:29:34","slug":"a-punto-de-agotarse-las-entradas-del-concierto-que-ofrece-melendi-en-carinena-dentro-de-la-ii-ruta-de-verano-del-vino-de-las-piedras","status":"publish","type":"post","link":"https:\/\/elvinodelaspiedras.es\/en\/comunicacion\/noticias\/a-punto-de-agotarse-las-entradas-del-concierto-que-ofrece-melendi-en-carinena-dentro-de-la-ii-ruta-de-verano-del-vino-de-las-piedras\/","title":{"rendered":"A punto de agotarse las entradas del concierto que ofrece melendi en Cari\u00f1ena dentro de la ii ruta de verano del vino de las piedras"},"content":{"rendered":"<p>La Denominaci\u00f3nde Origen Protegida Cari\u00f1ena apuesta fuertemente por la continuidad de la Ruta de Verano del Vino de las Piedras. Un singular evento que, en su primera edici\u00f3n, recibi\u00f3 la visita de m\u00e1s de 6.000 personas. El enoturismo, la restauraci\u00f3n o el patrimonio cultural de la zona son algunos de los valores que la Denominaci\u00f3n quiere fomentar y dar a conocer a trav\u00e9s de la II Ruta de Verano del Vino de las Piedras, que se celebrar\u00e1 el 18 y 19 de julio.<\/p>\n<p>El objetivo del Consejo Regulador es mostrar, a trav\u00e9s de este proyecto\u00a0 -que arranca el viernes 18 de julio a las 10 horas y se prolongar\u00e1 hasta la madrugada del s\u00e1bado al domingo con la actuaci\u00f3n de Melendi-,\u00a0 las tierras, las gentes y los trabajadores que participan en el proceso de creaci\u00f3n de algunos de los vinos m\u00e1s apreciados del mundo.<\/p>\n<p>La segunda edici\u00f3n de la  Ruta de Verano del Vino de las Piedras ha sido presentada esta ma\u00f1ana a los medios por el presidente del Consejo Regulador, Antonio Ubide, y por el director de Comunicaci\u00f3n y M\u00e1rketing de la Denominaci\u00f3n, Jos\u00e9 Luis Campos.<\/p>\n<p>El n\u00facleo central de esta cita ser\u00e1 uno de los espacios urbanos m\u00e1s emblem\u00e1ticos de Cari\u00f1ena: El Paseo del Vino. En \u00e9l, las bodegas de la D.O.P. ofrecer\u00e1n, a precios especiales, una selecci\u00f3n de sus mejores vinos y algunos de los restaurantes y bares m\u00e1s prestigiosos de la comarca elaborar\u00e1n exquisitas tapas. Las casetas permanecer\u00e1n abiertas desde las 19,00 horas hasta las 23,30 horas, el viernes 18, y desde las 19,00 horas hasta las 23,00 horas, el s\u00e1bado 19 de julio.<\/p>\n<p><strong>MELENDI PARTICIPA EN LA RUTA<\/strong><\/p>\n<p>Tras el cierre del c\u00e9lebre Paseo del Vino, la Ruta contin\u00faa en marcha con dos grandes actuaciones, que tendr\u00e1n lugar a las 23,30 horas en el Silo,\u00a0 organizadas por el Consejo Regulador de la Denominaci\u00f3n de Origen, que sigue apostando por fomentar y dar a conocer la cultura vin\u00edcola y de la zona entre el p\u00fablico joven. De esta manera, la orquesta Jamaica amenizar\u00e1 la primera velada de la II Ruta de\u00a0 Verano del Vino de las Piedras y el plato fuerte de esta cita cultural ser\u00e1 la actuaci\u00f3n del conocido artista asturiano Melendi, que har\u00e1 bailar, al ritmo de sus pegadizas y conocidas canciones, a todos aquellos que se acerquen hasta Cari\u00f1ena en la noche del s\u00e1bado. Las entradas para ver al cantante asturiano est\u00e1n a punto de agotarse. De los 3.000 tickets que salieron a la venta por el aforo concedido ya se ha vendido el 85% y se espera que las 500 restantes se adquieran en los pr\u00f3ximos cuatro d\u00edas.<\/p>\n<p>Melendi, que cumple diez a\u00f1os sobre los escenarios, ofrecer\u00e1 en Cari\u00f1ena, el pr\u00f3ximo 19 de julio, la \u00fanica actuaci\u00f3n en Arag\u00f3n de su gira &#8220;10\u00ba Aniversario&#8221;. Las entradas para el concierto de Cari\u00f1ena tienen un precio de 10 euros y se pueden adquirir en ticketmaster.es, cajeros Grupo Ibercaja y sede del Consejo Regulador de la D.O.P. Cari\u00f1ena o, si no se agotaran del todo, en taquilla el mismo d\u00eda del evento a un precio de 15 euros.<\/p>\n<p>En esta gira, el asturiano colabora, adem\u00e1s, con la Federaci\u00f3n Espa\u00f1ola de Bancos de Alimentos, de tal modo que se coloca a la puerta de cada concierto un cami\u00f3n en el que los asistentes podr\u00e1n depositar una aportaci\u00f3n voluntaria. En cada concierto, Melendi ofrece, a lo largo de dos horas, una espectacular puesta en escena de luces y sonido con un elaborado repertorio de los temas m\u00e1s emblem\u00e1ticos de todos sus discos: &#8220;Caminando por la vida&#8221;, &#8220;Sin noticias de Holanda&#8221;, &#8220;El informe del forense&#8221;, &#8220;Desde mi ventana&#8221;, &#8220;Un recuerdo que olvidar&#8221;, &#8220;Novia a la fuga&#8221;, &#8220;Gangs of London&#8221; o &#8220;Quisiera yo saber&#8221;, entre otros. Y muchas m\u00e1s canciones que Melendi no ha tocado en directo en los \u00faltimos a\u00f1os y que ser\u00e1n un homenaje a todos los fans que despu\u00e9s de tanto tiempo le siguen con la misma energ\u00eda que en 2004. Adem\u00e1s, el asturiano promete sorpresas durante las actuaciones.<\/p>\n<p><strong>SEIS BODEGAS MUESTRAN SU HISTORIA<\/strong><\/p>\n<p>Por otra parte, a lo largo de estos dos d\u00edas, seis bodegas &#8211; Grandes Vinos y Vi\u00f1edos, Solar de Urbezo, Tosos Ecol\u00f3gica, Manuel Moneva, Prinur y Hacienda de Molleda- abrir\u00e1n sus puertas a todo aquel que quiera conocer de cerca la historia y el d\u00eda a d\u00eda de un trabajo centenario y reconocido internacionalmente.<\/p>\n<p>Cada una de ellas participa en esta Ruta con diferentes actividades y pases. De esta manera, Grandes Vinos y Vi\u00f1edos ofrecer\u00e1 una visita guiada a la bodega, que incluye un vino degustaci\u00f3n y una botella de Monasterio de las Vi\u00f1as Crianza 2008. Los pases para visitarla son las 11, las 12,30, las 16 y las 17 horas. Adem\u00e1s, la visita de las 12,30 horas puede completarse con una cata a ciegas de tres vinos de Corona de Arag\u00f3n, y el obsequio de una botella de Corona de Arag\u00f3n Crianza 2009. Al mejor catador se le otorgar\u00e1 el premio Nariz de Oro de Corona de Arag\u00f3n consistente en una botella de Corona de Arag\u00f3n Gran Reserva 2004.<\/p>\n<p>Por su parte, Bodegas Solar de Urbezo ofrece una visita guiada y una cata de vinos. Los pases para disfrutar de esta actividad son a las 10, las 16 y a las 18 horas. Adem\u00e1s, a las 11,30 horas,\u00a0 tambi\u00e9n se podr\u00e1n visitar los vi\u00f1edos.<\/p>\n<p>En Bodegas Tosos Ecol\u00f3gica todo aquel que lo desee podr\u00e1 disfrutar de una visita guiada, una explicaci\u00f3n de los procesos de elaboraci\u00f3n del vino ecol\u00f3gico y una degustaci\u00f3n. Los pases se realizar\u00e1n el viernes a las 19 horas y el s\u00e1bado a\u00a0 las 12 y a las 19 horas.<\/p>\n<p>Para celebrar esta II Ruta de Verano del Vino de las Piedras, en Bodegas Manuel Moneva e Hijos han organizado una visita guiada a la tradicional bodega subterr\u00e1nea. Los pases son el viernes a las 17 horas y el s\u00e1bado a las 11 y a las 17 horas.<\/p>\n<p>Asimismo, Bodegas Prinur ofrece tres actividades: una visita guiada a los vi\u00f1edos, a la bodega y una cata y maridaje de tapas. La visita guiada a los vi\u00f1edos incluye una explicaci\u00f3n detallada sobre los sistemas de cultivo y la de la bodega ofrece un amplio recorrido por las salas de elaboraci\u00f3n, embotellado y la bodega de crianza y reservas, con detalle de todas las funciones y tecnolog\u00edas que se usan. La actividad finaliza en el Hotel del Vino donde se realizar\u00e1 una cata de tres vinos: un blanco, tinto joven y un gran reserva. Todos ellos, galardonados con medalla de oro, se acompa\u00f1an de tres tapas exquisitas. Los pases de esta actividad son a las 11 y a las 19, el viernes y s\u00e1bado, y el domingo a las 11,30 horas.<\/p>\n<p>Adem\u00e1s, Bodegas Hacienda de Molleda, que s\u00f3lo abre sus puertas el s\u00e1bado, ofrece un recorrido guiado por sus instalaciones que se pueden visitar a las 11, 11,30 horas, 12 y 12,30 horas. Tambi\u00e9n se puede participar, a las 13 horas, en una cata comentada de la selecci\u00f3n de tres vinos. Adem\u00e1s, esta bodega ha organizado un concurso de fotograf\u00eda con todas las im\u00e1genes que hayan realizado los asistentes durante las visitas o catas.<\/p>\n<p>Para disfrutar de las actividades en las bodegas hay que solicitar cita previa a cada una de ellas y algunas tienen un coste adicional.<\/p>\n<p>El Museo del Vino de Cari\u00f1ena tambi\u00e9n ofrece estos d\u00edas una visita guiada por toda su amplia exposici\u00f3n dedicada a las gentes de la zona, que durante siglos han trabajado en la actividad vitivin\u00edcola, divulgando la labor de viticultores, bodegueros y en\u00f3logos. El viernes se podr\u00e1 visitar de 16  a 18 horas y el s\u00e1bado todo el d\u00eda de 11 a 14 y de 17,30 a 19 horas.<\/p>\n<p>Adem\u00e1s, a lo largo de este fin de semana, Cari\u00f1ena y tambi\u00e9n los otros 13 municipios que integran la Denominaci\u00f3n se convertir\u00e1n en el centro de todas las miradas, gracias a esta iniciativa cuya finalidad es que las actividades de promoci\u00f3n tur\u00edstica repercutan positivamente en la econom\u00eda de la zona. <\/p>\n<p>Una zona formada por unas localidades llenas de historia, con variados paisajes y una riqueza monumental que abarca desde el pasado romano hasta la actualidad, destacando la elegancia del g\u00f3tico, la gracia del mud\u00e9jar\u00a0 o la exuberancia del barroco.<\/p>\n<p>Cari\u00f1ena se encuentra situada en un enclave privilegiado ya que, adem\u00e1s de estar rodeada de un paisaje natural envidiable, cuenta en sus proximidades con grandes atractivos tur\u00edsticos.<\/p>\n<p><strong>CARI\u00d1ENA Y EL TURISMO EN LOS 13 MUNICIPIOS<\/strong><\/p>\n<p>En todos y cada uno de los 14 municipios que integran la Denominaci\u00f3n de Origen Protegida de Cari\u00f1ena &#8211; Aguar\u00f3n, Aladr\u00e9n, Alfam\u00e9n, Almonacid de la Sierra, Cari\u00f1ena, Cosuenda, Encinacorba, Longares, Mezalocha, Muel, Paniza, Tosos y Villanueva de Huerva- se puede disfrutar de su amplio patrimonio y atractivos tur\u00edsticos. Adem\u00e1s, los visitantes pueden practicar el Enoturismo y conocer la cultura vin\u00edcola, a trav\u00e9s de la visita a las bodegas y vi\u00f1edos de la Denominaci\u00f3n y de la degustaci\u00f3n de sus vinos.<\/p>\n<p>En la zona destaca la famosa Cer\u00e1mica de Muel, en Muel. En esta poblaci\u00f3n, la cer\u00e1mica ha ocupado, desde hace siglos, un papel protagonista en la vida local. En su Escuela Taller se difunden las t\u00e9cnicas artesanas y se recupera la antigua tradici\u00f3n alfarera. La poblaci\u00f3n cuenta, adem\u00e1s, con otros atractivos, como la Ermita de la Virgen de la Fuente, decorada con pinturas del pintor Francisco de Goya.<\/p>\n<p>Otro de los encantos tur\u00edsticos de esta zona est\u00e1 en Fuendetodos. Esta poblaci\u00f3n cercana a Cari\u00f1ena es la cuna del pintor Francisco de Goya y en ella se puede visitar la casa familiar del artista zaragozano y el Museo del Grabado, con una amplia muestra de su trabajo.<\/p>\n<p>Y para que nadie se quede sin saber\u00a0 lo que pasa en Cari\u00f1ena ese fin de semana el periodista de la Cadena Ser Miguel Mena se acercar\u00e1, el s\u00e1bado 19 de julio, hasta Cari\u00f1ena para contar en directo, en su programa &#8220;A vivir Arag\u00f3n&#8221;,\u00a0 todo sobre la II Ruta de Verano del Vino de las Piedras .<\/p>\n<hr>\n<figure id=\"attachment_333\" aria-describedby=\"caption-attachment-333\" style=\"width: 300px\" class=\"wp-caption alignnone\"><a href=\"\/_archivos\/imagenes\/2674.jpg\" target=\"_blank\" rel=\"noopener noreferrer\"><img decoding=\"async\" class=\"size-medium\" src=\"\/_archivos\/imagenes\/300\/2674.jpg\" alt=\"1\" title=\"1\" width=\"300\" height=\"auto\" \/><\/a><figcaption id=\"caption-attachment-333\" class=\"wp-caption-text\"><a href=\"\/_archivos\/imagenes\/2674.jpg\" target=\"_blank\" rel=\"noopener noreferrer\">Descargar imagen<\/a><\/figcaption><\/figure>\n","protected":false},"excerpt":{"rendered":"<p>La Denominaci\u00f3nde Origen Protegida Cari\u00f1ena apuesta fuertemente por la continuidad de la Ruta de Verano del Vino de las Piedras. Un singular evento que, en su primera edici\u00f3n, recibi\u00f3 la visita de m\u00e1s de 6.000 personas. El enoturismo, la restauraci\u00f3n o el patrimonio cultural de la zona son algunos de los valores que la Denominaci\u00f3n &hellip;<\/p>\n","protected":false},"author":6,"featured_media":3822,"comment_status":"closed","ping_status":"closed","sticky":false,"template":"","format":"standard","meta":{"_genesis_hide_title":false,"_genesis_hide_breadcrumbs":false,"_genesis_hide_singular_image":false,"_genesis_hide_footer_widgets":false,"_genesis_custom_body_class":"","_genesis_custom_post_class":"","_genesis_layout":"","ngg_post_thumbnail":0,"footnotes":""},"categories":[1],"tags":[],"class_list":{"0":"post-3821","1":"post","2":"type-post","3":"status-publish","4":"format-standard","5":"has-post-thumbnail","7":"category-noticias","8":"entry"},"_links":{"self":[{"href":"https:\/\/elvinodelaspiedras.es\/en\/wp-json\/wp\/v2\/posts\/3821"}],"collection":[{"href":"https:\/\/elvinodelaspiedras.es\/en\/wp-json\/wp\/v2\/posts"}],"about":[{"href":"https:\/\/elvinodelaspiedras.es\/en\/wp-json\/wp\/v2\/types\/post"}],"author":[{"embeddable":true,"href":"https:\/\/elvinodelaspiedras.es\/en\/wp-json\/wp\/v2\/users\/6"}],"replies":[{"embeddable":true,"href":"https:\/\/elvinodelaspiedras.es\/en\/wp-json\/wp\/v2\/comments?post=3821"}],"version-history":[{"count":1,"href":"https:\/\/elvinodelaspiedras.es\/en\/wp-json\/wp\/v2\/posts\/3821\/revisions"}],"predecessor-version":[{"id":5990,"href":"https:\/\/elvinodelaspiedras.es\/en\/wp-json\/wp\/v2\/posts\/3821\/revisions\/5990"}],"wp:featuredmedia":[{"embeddable":true,"href":"https:\/\/elvinodelaspiedras.es\/en\/wp-json\/wp\/v2\/media\/3822"}],"wp:attachment":[{"href":"https:\/\/elvinodelaspiedras.es\/en\/wp-json\/wp\/v2\/media?parent=3821"}],"wp:term":[{"taxonomy":"category","embeddable":true,"href":"https:\/\/elvinodelaspiedras.es\/en\/wp-json\/wp\/v2\/categories?post=3821"},{"taxonomy":"post_tag","embeddable":true,"href":"https:\/\/elvinodelaspiedras.es\/en\/wp-json\/wp\/v2\/tags?post=3821"}],"curies":[{"name":"wp","href":"https:\/\/api.w.org\/{rel}","templated":true}]}}