{"id":3823,"date":"2014-07-17T00:00:00","date_gmt":"2014-07-17T00:00:00","guid":{"rendered":"http:\/\/elvinodelaspiedras.local\/melendi-cuelga-el-cartel-de-no-hay-entradas-para-su-concierto-del-sabado-en-carinena\/"},"modified":"2020-11-13T12:29:34","modified_gmt":"2020-11-13T12:29:34","slug":"melendi-cuelga-el-cartel-de-no-hay-entradas-para-su-concierto-del-sabado-en-carinena","status":"publish","type":"post","link":"https:\/\/elvinodelaspiedras.es\/en\/comunicacion\/noticias\/melendi-cuelga-el-cartel-de-no-hay-entradas-para-su-concierto-del-sabado-en-carinena\/","title":{"rendered":"Melendi cuelga el cartel de \u201cno hay entradas\u201d para su concierto de ma\u00f1ana s\u00e1bado en Cari\u00f1ena"},"content":{"rendered":"<p>El verano es sin\u00f3nimo de calor, de buen tiempo, de vacaciones y, para los cari\u00f1enenses, de la Ruta de Verano del Vino de las Piedras. Un proyecto \u00fanico organizado por el Consejo Regulador de la Denominaci\u00f3n de Origen Protegida Cari\u00f1ena, que ha arrancado hoy viernes a las 10 horas, y que este a\u00f1o cumple su segunda edici\u00f3n. La Ruta se prolongar\u00e1 hasta ma\u00f1ana s\u00e1bado, d\u00eda 19.<\/p>\n<p>Uno de los platos fuertes de este a\u00f1o es la actuaci\u00f3n del cantante Melendi, que ya ha colgado el cartel de \u201cno hay entradas\u201d para la actuaci\u00f3n que ofrecer\u00e1 ma\u00f1ana s\u00e1bado 19 de julio, a las 23,30 horas, en el recinto de las piscinas. El aforo de 3.000 personas se ha completado a falta de un d\u00eda para la actuaci\u00f3n, por lo que ya no se pondr\u00e1n a la venta tampoco tickets en taquilla.<\/p>\n<p>El Consejo Regulador de la Denominaci\u00f3n de Origen Protegida Cari\u00f1ena agradece la masiva respuesta del p\u00fablico y confirma que \u201cno hay ninguna opci\u00f3n de conseguir entradas ni de forma anticipada ni en taquilla\u201d. El director de M\u00e1rketing y Comunicaci\u00f3n de la D.O.P. Cari\u00f1ena, Jos\u00e9 Luis Campos, advierte que \u201cno queremos que nadie haga un viaje innecesario si su \u00fanico objetivo es asistir al concierto de Melendi, porque ya se han vendido las 3.000 entradas que se hab\u00edan puesto a la venta. Sin embargo, pueden acercarse hasta Cari\u00f1ena para disfrutar de otros muchos atractivos que ofrece la II Ruta de Verano del Vino de las Piedras como son las visitas a las bodegas, las catas, la degustaci\u00f3n de vinos y tapas en el Paseo del Vino o un recorrido por el emblem\u00e1tico Museo del Vino\u201d.<\/p>\n<p>Siguiendo con el programa de actividades para este fin de semana, el n\u00facleo central de esta cita ser\u00e1 uno de los espacios urbanos m\u00e1s emblem\u00e1ticos de Cari\u00f1ena: El Paseo del Vino. En \u00e9l, las bodegas de la D.O.P. ofrecer\u00e1n, a precios especiales, una selecci\u00f3n de sus mejores vinos y algunos de los restaurantes y bares m\u00e1s prestigiosos de la comarca elaborar\u00e1n exquisitas tapas. Las casetas permanecer\u00e1n abiertas desde las 19,00 horas hasta las 23,30 horas, hoy viernes 18, y desde las 19,00 horas hasta las 23,00 horas, ma\u00f1ana s\u00e1bado 19 de julio.<\/p>\n<p>Tras el cierre, la Ruta contin\u00faa en marcha con dos grandes actuaciones, en el recinto de las piscinas, \u00a0organizadas por el Consejo Regulador de la Denominaci\u00f3n de Origen, que sigue apostando por fomentar y dar a conocer la cultura vin\u00edcola y de la zona entre el p\u00fablico joven. As\u00ed, la orquesta Jamaica amenizar\u00e1 hoy viernes la primera velada de la II Ruta de \u00a0Verano del Vino de las Piedras y Melendi har\u00e1 lo propio la noche del s\u00e1bado al domingo, con el \u00fanico concierto que ofrece en Arag\u00f3n de su gira &#8220;10\u00ba Aniversario&#8221;.<\/p>\n<p>Por otra parte, a lo largo de estos dos d\u00edas, seis bodegas -Grandes Vinos y Vi\u00f1edos, Solar de Urbezo, Tosos Ecol\u00f3gica, Manuel Moneva, Prinur y Hacienda de Molleda- abrir\u00e1n sus puertas a todo aquel que quiera conocer de cerca la historia y el d\u00eda a d\u00eda de un trabajo centenario y reconocido internacionalmente.<\/p>\n<p>Cada una de ellas participa en esta Ruta con diferentes actividades y pases. De esta manera, Grandes Vinos y Vi\u00f1edos ofrecer\u00e1 una visita guiada a la bodega, que incluye un vino degustaci\u00f3n y una botella de Monasterio de las Vi\u00f1as Crianza 2008. Los pases para visitarla son las 11, las 12,30, las 16 y las 17 horas. Adem\u00e1s, la visita de las 12,30 horas puede completarse con una cata a ciegas de tres vinos de Corona de Arag\u00f3n, y el obsequio de una botella de Corona de Arag\u00f3n Crianza 2009. Al mejor catador se le otorgar\u00e1 el premio Nariz de Oro de Corona de Arag\u00f3n consistente en una botella de Corona de Arag\u00f3n Gran Reserva 2004.<\/p>\n<p>Por su parte, Bodegas Solar de Urbezo ofrece una visita guiada y una cata de vinos. Los pases para disfrutar de esta actividad son a las 10, las 16 y a las 18 horas. Adem\u00e1s, a las 11,30 horas, \u00a0tambi\u00e9n se podr\u00e1n visitar los vi\u00f1edos.<\/p>\n<p>En Bodegas Tosos Ecol\u00f3gica todo aquel que lo desee podr\u00e1 disfrutar de una visita guiada, una explicaci\u00f3n de los procesos de elaboraci\u00f3n del vino ecol\u00f3gico y una degustaci\u00f3n. Los pases se realizar\u00e1n el viernes a las 19 horas y el s\u00e1bado a \u00a0las 12 y a las 19 horas.<\/p>\n<p>Para celebrar esta II Ruta de Verano del Vino de las Piedras, en Bodegas Manuel Moneva e Hijos han organizado una visita guiada a la tradicional bodega subterr\u00e1nea. Los pases son hoy viernes a las 17 horas y ma\u00f1ana s\u00e1bado a las 11 y a las 17 horas.<\/p>\n<p>Asimismo, Bodegas Prinur ofrece tres actividades: una visita guiada a los vi\u00f1edos, a la bodega y una cata y maridaje de tapas. La visita guiada a los vi\u00f1edos incluye una explicaci\u00f3n detallada sobre los sistemas de cultivo y la de la bodega ofrece un amplio recorrido por las salas de elaboraci\u00f3n, embotellado y la bodega de crianza y reservas, con detalle de todas las funciones y tecnolog\u00edas que se usan. La actividad finaliza en el Hotel del Vino donde se realizar\u00e1 una cata de tres vinos: un blanco, tinto joven y un gran reserva. Todos ellos, galardonados con medalla de oro, se acompa\u00f1an de tres tapas exquisitas. Los pases de esta actividad son a las 11 y a las 19, hoy viernes y s\u00e1bado, y el domingo a las 11,30 horas.<\/p>\n<p>Adem\u00e1s, Bodegas Hacienda de Molleda, que s\u00f3lo abre sus puertas el s\u00e1bado, ofrece un recorrido guiado por sus instalaciones que se pueden visitar a las 11, 11,30 horas, 12 y 12,30 horas. Tambi\u00e9n se puede participar, a las 13 horas, en una cata comentada de la selecci\u00f3n de tres vinos. Adem\u00e1s, esta bodega ha organizado un concurso de fotograf\u00eda con todas las im\u00e1genes que hayan realizado los asistentes durante las visitas o catas.<\/p>\n<p>Para disfrutar de las actividades en las bodegas hay que solicitar cita previa a cada una de ellas y algunas tienen un coste adicional.<\/p>\n<p>El Museo del Vino de Cari\u00f1ena tambi\u00e9n ofrece estos d\u00edas una visita guiada por toda su amplia exposici\u00f3n dedicada a las gentes de la zona, que durante siglos han trabajado en la actividad vitivin\u00edcola, divulgando la labor de viticultores, bodegueros y en\u00f3logos. Hoy viernes se podr\u00e1 visitar de 16 a 18 horas y ma\u00f1ana s\u00e1bado todo el d\u00eda de 11 a 14 y de 17,30 a 19 horas.<\/p>\n<p>Adem\u00e1s, a lo largo de este fin de semana, Cari\u00f1ena y tambi\u00e9n los otros 13 municipios que integran la Denominaci\u00f3n se convertir\u00e1n en el centro de todas las miradas, gracias a esta iniciativa cuya finalidad es que las actividades de promoci\u00f3n tur\u00edstica repercutan positivamente en la econom\u00eda de la zona.<\/p>\n<p>Una zona formada por unas localidades llenas de historia, con variados paisajes y una riqueza monumental que abarca desde el pasado romano hasta la actualidad, destacando la elegancia del g\u00f3tico, la gracia del mud\u00e9jar \u00a0o la exuberancia del barroco.<\/p>\n<p>Cari\u00f1ena se encuentra situada en un enclave privilegiado ya que, adem\u00e1s de estar rodeada de un paisaje natural envidiable, cuenta en sus proximidades con grandes atractivos tur\u00edsticos.<\/p>\n<hr>\n<figure id=\"attachment_334\" aria-describedby=\"caption-attachment-334\" style=\"width: 300px\" class=\"wp-caption alignnone\"><a href=\"\/_archivos\/imagenes\/2675.jpg\" target=\"_blank\" rel=\"noopener noreferrer\"><img decoding=\"async\" class=\"size-medium\" src=\"\/_archivos\/imagenes\/300\/2675.jpg\" alt=\"melendi-latinoamerica-5\" title=\"melendi-latinoamerica-5\" width=\"300\" height=\"auto\" \/><\/a><figcaption id=\"caption-attachment-334\" class=\"wp-caption-text\"><a href=\"\/_archivos\/imagenes\/2675.jpg\" target=\"_blank\" rel=\"noopener noreferrer\">Descargar imagen<\/a><\/figcaption><\/figure>\n","protected":false},"excerpt":{"rendered":"<p>El verano es sin\u00f3nimo de calor, de buen tiempo, de vacaciones y, para los cari\u00f1enenses, de la Ruta de Verano del Vino de las Piedras. Un proyecto \u00fanico organizado por el Consejo Regulador de la Denominaci\u00f3n de Origen Protegida Cari\u00f1ena, que ha arrancado hoy viernes a las 10 horas, y que este a\u00f1o cumple su &hellip;<\/p>\n","protected":false},"author":6,"featured_media":3824,"comment_status":"closed","ping_status":"closed","sticky":false,"template":"","format":"standard","meta":{"_genesis_hide_title":false,"_genesis_hide_breadcrumbs":false,"_genesis_hide_singular_image":false,"_genesis_hide_footer_widgets":false,"_genesis_custom_body_class":"","_genesis_custom_post_class":"","_genesis_layout":"","ngg_post_thumbnail":0,"footnotes":""},"categories":[1],"tags":[],"class_list":{"0":"post-3823","1":"post","2":"type-post","3":"status-publish","4":"format-standard","5":"has-post-thumbnail","7":"category-noticias","8":"entry"},"_links":{"self":[{"href":"https:\/\/elvinodelaspiedras.es\/en\/wp-json\/wp\/v2\/posts\/3823"}],"collection":[{"href":"https:\/\/elvinodelaspiedras.es\/en\/wp-json\/wp\/v2\/posts"}],"about":[{"href":"https:\/\/elvinodelaspiedras.es\/en\/wp-json\/wp\/v2\/types\/post"}],"author":[{"embeddable":true,"href":"https:\/\/elvinodelaspiedras.es\/en\/wp-json\/wp\/v2\/users\/6"}],"replies":[{"embeddable":true,"href":"https:\/\/elvinodelaspiedras.es\/en\/wp-json\/wp\/v2\/comments?post=3823"}],"version-history":[{"count":1,"href":"https:\/\/elvinodelaspiedras.es\/en\/wp-json\/wp\/v2\/posts\/3823\/revisions"}],"predecessor-version":[{"id":5989,"href":"https:\/\/elvinodelaspiedras.es\/en\/wp-json\/wp\/v2\/posts\/3823\/revisions\/5989"}],"wp:featuredmedia":[{"embeddable":true,"href":"https:\/\/elvinodelaspiedras.es\/en\/wp-json\/wp\/v2\/media\/3824"}],"wp:attachment":[{"href":"https:\/\/elvinodelaspiedras.es\/en\/wp-json\/wp\/v2\/media?parent=3823"}],"wp:term":[{"taxonomy":"category","embeddable":true,"href":"https:\/\/elvinodelaspiedras.es\/en\/wp-json\/wp\/v2\/categories?post=3823"},{"taxonomy":"post_tag","embeddable":true,"href":"https:\/\/elvinodelaspiedras.es\/en\/wp-json\/wp\/v2\/tags?post=3823"}],"curies":[{"name":"wp","href":"https:\/\/api.w.org\/{rel}","templated":true}]}}