{"id":3825,"date":"2014-07-18T00:00:00","date_gmt":"2014-07-18T00:00:00","guid":{"rendered":"http:\/\/elvinodelaspiedras.local\/el-programa-a-vivir-aragon-de-la-cadena-ser-visita-manana-la-ii-ruta-de-verano-del-vino-de-las-piedras\/"},"modified":"2020-11-13T12:29:34","modified_gmt":"2020-11-13T12:29:34","slug":"el-programa-a-vivir-aragon-de-la-cadena-ser-visita-manana-la-ii-ruta-de-verano-del-vino-de-las-piedras","status":"publish","type":"post","link":"https:\/\/elvinodelaspiedras.es\/en\/comunicacion\/noticias\/el-programa-a-vivir-aragon-de-la-cadena-ser-visita-manana-la-ii-ruta-de-verano-del-vino-de-las-piedras\/","title":{"rendered":"El programa \u201ca vivir arag\u00f3n\u201d de la cadena ser visita ma\u00f1ana la ii ruta de verano del vino de las piedras"},"content":{"rendered":"<p>El periodista Miguel Mena y su equipo visitan ma\u00f1ana Cari\u00f1ena, con el programa &#8220;A Vivir Arag\u00f3n&#8221;. El magazine de fin de semana de la Cadena Ser contar\u00e1 en directo todos los detalles de la II Ruta de Verano del Vino de las Piedras los contenidos habituales del programa y, adem\u00e1s, entrevistar\u00e1n \u00a0a algunos de los responsables de la Denominaci\u00f3n de Origen Protegida Cari\u00f1ena y de las bodegas.<\/p>\n<p>Todos ellos analizar\u00e1n la puesta a punto y la continuidad de esta gran cita, organizada por el Consejo Regulador, y que este a\u00f1o celebra su segunda edici\u00f3n.<\/p>\n<p>\u201cA Vivir Arag\u00f3n\u201d se emitir\u00e1 ma\u00f1ana, de 12 a 14 horas, \u00a0desde el Sal\u00f3n de Actos del Museo del Vino, ubicado en la sede del Consejo Regulador (camino de la Platera 7).<\/p>\n<hr>\n<figure id=\"attachment_335\" aria-describedby=\"caption-attachment-335\" style=\"width: 300px\" class=\"wp-caption alignnone\"><a href=\"\/_archivos\/imagenes\/2676.jpg\" target=\"_blank\" rel=\"noopener noreferrer\"><img decoding=\"async\" class=\"size-medium\" src=\"\/_archivos\/imagenes\/300\/2676.jpg\" alt=\"DSC_0342\" title=\"DSC_0342\" width=\"300\" height=\"auto\" \/><\/a><figcaption id=\"caption-attachment-335\" class=\"wp-caption-text\"><a href=\"\/_archivos\/imagenes\/2676.jpg\" target=\"_blank\" rel=\"noopener noreferrer\">Descargar imagen<\/a><\/figcaption><\/figure>\n","protected":false},"excerpt":{"rendered":"<p>El periodista Miguel Mena y su equipo visitan ma\u00f1ana Cari\u00f1ena, con el programa &#8220;A Vivir Arag\u00f3n&#8221;. El magazine de fin de semana de la Cadena Ser contar\u00e1 en directo todos los detalles de la II Ruta de Verano del Vino de las Piedras los contenidos habituales del programa y, adem\u00e1s, entrevistar\u00e1n \u00a0a algunos de los &hellip;<\/p>\n","protected":false},"author":6,"featured_media":3826,"comment_status":"closed","ping_status":"closed","sticky":false,"template":"","format":"standard","meta":{"_genesis_hide_title":false,"_genesis_hide_breadcrumbs":false,"_genesis_hide_singular_image":false,"_genesis_hide_footer_widgets":false,"_genesis_custom_body_class":"","_genesis_custom_post_class":"","_genesis_layout":"","ngg_post_thumbnail":0,"footnotes":""},"categories":[1],"tags":[],"class_list":{"0":"post-3825","1":"post","2":"type-post","3":"status-publish","4":"format-standard","5":"has-post-thumbnail","7":"category-noticias","8":"entry"},"_links":{"self":[{"href":"https:\/\/elvinodelaspiedras.es\/en\/wp-json\/wp\/v2\/posts\/3825"}],"collection":[{"href":"https:\/\/elvinodelaspiedras.es\/en\/wp-json\/wp\/v2\/posts"}],"about":[{"href":"https:\/\/elvinodelaspiedras.es\/en\/wp-json\/wp\/v2\/types\/post"}],"author":[{"embeddable":true,"href":"https:\/\/elvinodelaspiedras.es\/en\/wp-json\/wp\/v2\/users\/6"}],"replies":[{"embeddable":true,"href":"https:\/\/elvinodelaspiedras.es\/en\/wp-json\/wp\/v2\/comments?post=3825"}],"version-history":[{"count":1,"href":"https:\/\/elvinodelaspiedras.es\/en\/wp-json\/wp\/v2\/posts\/3825\/revisions"}],"predecessor-version":[{"id":5987,"href":"https:\/\/elvinodelaspiedras.es\/en\/wp-json\/wp\/v2\/posts\/3825\/revisions\/5987"}],"wp:featuredmedia":[{"embeddable":true,"href":"https:\/\/elvinodelaspiedras.es\/en\/wp-json\/wp\/v2\/media\/3826"}],"wp:attachment":[{"href":"https:\/\/elvinodelaspiedras.es\/en\/wp-json\/wp\/v2\/media?parent=3825"}],"wp:term":[{"taxonomy":"category","embeddable":true,"href":"https:\/\/elvinodelaspiedras.es\/en\/wp-json\/wp\/v2\/categories?post=3825"},{"taxonomy":"post_tag","embeddable":true,"href":"https:\/\/elvinodelaspiedras.es\/en\/wp-json\/wp\/v2\/tags?post=3825"}],"curies":[{"name":"wp","href":"https:\/\/api.w.org\/{rel}","templated":true}]}}