{"id":3827,"date":"2014-07-18T00:00:00","date_gmt":"2014-07-18T00:00:00","guid":{"rendered":"http:\/\/elvinodelaspiedras.local\/arranca-la-ii-ruta-de-verano-del-vino-de-las-piedras-la-apuesta-enoturistica-y-cultural-de-la-dop-carinena\/"},"modified":"2020-11-13T12:29:34","modified_gmt":"2020-11-13T12:29:34","slug":"arranca-la-ii-ruta-de-verano-del-vino-de-las-piedras-la-apuesta-enoturistica-y-cultural-de-la-dop-carinena","status":"publish","type":"post","link":"https:\/\/elvinodelaspiedras.es\/en\/comunicacion\/noticias\/arranca-la-ii-ruta-de-verano-del-vino-de-las-piedras-la-apuesta-enoturistica-y-cultural-de-la-dop-carinena\/","title":{"rendered":"Arranca la ii ruta de verano del vino de las piedras, la apuesta enotur\u00edstica y cultural de la D.O.P. Cari\u00f1ena"},"content":{"rendered":"<p>Ya ha pasado un a\u00f1o desde que el Consejo Regulador de la Denominaci\u00f3n de Origen Protegida Cari\u00f1ena presentara, por primera vez, a la sociedad aragonesa su gran proyecto enotur\u00edstico: La Ruta de Verano del Vino de las Piedras. Un encuentro gastron\u00f3mico y cultural, en torno al vino, que el a\u00f1o pasado recibi\u00f3 la visita de 6.000 personas y que ha logrado convertirse en uno de los principales atractivos tur\u00edsticos de los que, en esta \u00e9poca estival, se pueden disfrutar en Arag\u00f3n.<\/p>\n<p>En esta II edici\u00f3n, que ha arrancado esta ma\u00f1ana con algunas actividades como catas, visitas guiadas a algunas bodegas y al Museo del Vino, el Consejo ha apostado fuertemente por la continuidad de esta cita como base fundamental para fomentar el turismo enol\u00f3gico de la zona, la restauraci\u00f3n y el patrimonio cultural de forma permanente en los 14 municipios y en las 31 bodegas de la D.O.P. Cari\u00f1ena.<\/p>\n<p>En la jornada de hoy han abierto sus puertas cuatro de las seis bodegas que participan en esta Ruta: Grandes Vinos y Vi\u00f1edos, Solar de Urbezo, Prinur y Bodegas Manuel Moneva e Hijos. Todas ellas han mostrado su bodega, su historia, sus vi\u00f1edos y en algunas de ellas los visitantes han podido participar en interesantes catas.<\/p>\n<p>El n\u00facleo central de este encuentro gastron\u00f3mico y cultural es el Paseo del Vino, \u00a0una extensa avenida situada en pleno centro de Cari\u00f1ena, que se ha inaugurado esta tarde, a las 19 horas, \u00a0y en el que se pueden degustar, a precios especiales, \u00a0a lo largo de estos dos d\u00edas de fiesta, una selecci\u00f3n de los mejores vinos de las bodegas pertenecientes a la Denominaci\u00f3n y exquisitas tapas elaboradas por algunos de los restaurantes y bares m\u00e1s prestigiosos de la comarca.<\/p>\n<p>Media hora antes de su apertura, los visitantes ya rondaban por el emblem\u00e1tico paseo disfrutando del buen tiempo y de la Ruta. Y se han contado por centenares los amantes del vino que, a mitad de tarde, han podido degustar y disfrutar de los Vino de las Piedras.<\/p>\n<p>Las casetas permanecer\u00e1n abiertas desde las 19,00 horas hasta las 23,30 horas, hoy viernes 18, y desde las 19,00 horas hasta las 23,00 horas, ma\u00f1ana s\u00e1bado 19 de julio.<\/p>\n<p>Como colof\u00f3n a esta primera jornada, la orquesta Jamaica amenizar\u00e1 \u00a0esta noche a los visitantes con un gran espect\u00e1culo de luces y m\u00fasica que se prolongar\u00e1 hasta la madrugada.<\/p>\n<p>OTRA JORNADA EN TORNO A LA CULTURA DEL VINO<\/p>\n<p>En la jornada de ma\u00f1ana s\u00e1bado todo aquel que se acerque hasta Cari\u00f1ena podr\u00e1 disfrutar de la visita a seis bodegas -Grandes Vinos y Vi\u00f1edos, Solar de Urbezo, Tosos Ecol\u00f3gica, Manuel Moneva, Prinur y Hacienda de Molleda-. Todas ellas, \u00a0abrir\u00e1n sus puertas a todo aquel que quiera conocer de cerca la historia y el d\u00eda a d\u00eda de un trabajo centenario y reconocido internacionalmente.<\/p>\n<p>Grandes Vinos y Vi\u00f1edos ofrecer\u00e1 una visita guiada a la bodega, que incluye un vino degustaci\u00f3n y una botella de Monasterio de las Vi\u00f1as Crianza 2008. Los pases para visitarla son las 11, las 12,30, las 16 y las 17 horas. Adem\u00e1s, la visita de las 12,30 horas puede completarse con una cata a ciegas de tres vinos de Corona de Arag\u00f3n, y el obsequio de una botella de Corona de Arag\u00f3n Crianza 2009. Al mejor catador se le otorgar\u00e1 el premio Nariz de Oro de Corona de Arag\u00f3n consistente en una botella de Corona de Arag\u00f3n Gran Reserva 2004.<\/p>\n<p>Por su parte, Bodegas Solar de Urbezo ofrece una visita guiada y una cata de vinos. Los pases para disfrutar de esta actividad son a las 10, las 16 y a las 18 horas. Adem\u00e1s, a las 11,30 horas, \u00a0tambi\u00e9n se podr\u00e1n visitar los vi\u00f1edos.<\/p>\n<p>En Bodegas Tosos Ecol\u00f3gica todo aquel que lo desee podr\u00e1 disfrutar de una visita guiada, una explicaci\u00f3n de los procesos de elaboraci\u00f3n del vino ecol\u00f3gico y una degustaci\u00f3n. Los pases se realizar\u00e1n a las 12 y a las 19 horas.<\/p>\n<p>Para celebrar esta II Ruta de Verano del Vino de las Piedras, en Bodegas Manuel Moneva e Hijos han organizado una visita guiada a la tradicional bodega subterr\u00e1nea. Los pases son a las 11 y a las 17 horas.<\/p>\n<p>Asimismo, Bodegas Prinur ofrece tres actividades: una visita guiada a los vi\u00f1edos, a la bodega y una cata y maridaje de tapas. La visita guiada a los vi\u00f1edos incluye una explicaci\u00f3n detallada sobre los sistemas de cultivo y la de la bodega ofrece un amplio recorrido por las salas de elaboraci\u00f3n, embotellado y la bodega de crianza y reservas, con detalle de todas las funciones y tecnolog\u00edas que se usan. La actividad finaliza en el Hotel del Vino donde se realizar\u00e1 una cata de tres vinos: un blanco, tinto joven y un gran reserva. Todos ellos, galardonados con medalla de oro, se acompa\u00f1an de tres tapas exquisitas. Los pases de esta actividad son el s\u00e1bado, y el domingo a las 11,30 horas.<\/p>\n<p>Adem\u00e1s, Bodegas Hacienda de Molleda ofrece un recorrido guiado por sus instalaciones que se pueden visitar a las 11, 11,30 horas, 12 y 12,30 horas. Tambi\u00e9n se puede participar, a las 13 horas, en una cata comentada de la selecci\u00f3n de tres vinos. Adem\u00e1s, esta bodega ha organizado un concurso de fotograf\u00eda con todas las im\u00e1genes que hayan realizado los asistentes durante las visitas o catas.<\/p>\n<p>Para disfrutar de las actividades en las bodegas hay que solicitar cita previa a cada una de ellas y algunas tienen un coste adicional.<\/p>\n<p>El Museo del Vino de Cari\u00f1ena tambi\u00e9n ofrece ma\u00f1ana visitas guiadas, de 11 a 14 y de 17,30 a 19 horas, \u00a0por toda su amplia exposici\u00f3n dedicada a las gentes de la zona, que durante siglos han trabajado en la actividad vitivin\u00edcola, divulgando la labor de viticultores, bodegueros y en\u00f3logos.<\/p>\n<p>Y \u00a0como traca final a esta II Ruta de Verano del Vino de las Piedras, el cantante Melendi ofrecer\u00e1 ma\u00f1ana, a las 23,30 horas en el recinto de las piscinas de Cari\u00f1ena, el \u00fanico concierto de su gira \u201c10\u00ba Aniversario\u201d, que da en Arag\u00f3n. A falta de un d\u00eda para su actuaci\u00f3n, el asturiano ha colgado el cartel de \u201cno hay entradas\u201d, completando as\u00ed el aforo permitido de 3.000 personas que tendr\u00e1n la oportunidad de bailar y disfrutar de sus pegadizas canciones.<\/p>\n<p>Adem\u00e1s, ma\u00f1ana de 12 a 14 horas el periodista Miguel Mena y su equipo viajar\u00e1n hasta Cari\u00f1ena para emitir en directo su programa \u201cA Vivir Arag\u00f3n\u201d. El cl\u00e1sico magazine de fin de semana de la Cadena Ser har\u00e1 un especial desde el Museo del Vino del Consejo Regulador de Cari\u00f1ena y vivir\u00e1 acercar\u00e1 a todos los oyentes a la II Ruta de Verano del Vino de las Piedras.<\/p>\n<hr>\n<figure id=\"attachment_336\" aria-describedby=\"caption-attachment-336\" style=\"width: 300px\" class=\"wp-caption alignnone\"><a href=\"\/_archivos\/imagenes\/2677.jpg\" target=\"_blank\" rel=\"noopener noreferrer\"><img decoding=\"async\" class=\"size-medium\" src=\"\/_archivos\/imagenes\/300\/2677.jpg\" alt=\"2\" title=\"2\" width=\"300\" height=\"auto\" \/><\/a><figcaption id=\"caption-attachment-336\" class=\"wp-caption-text\"><a href=\"\/_archivos\/imagenes\/2677.jpg\" target=\"_blank\" rel=\"noopener noreferrer\">Descargar imagen<\/a><\/figcaption><\/figure>\n","protected":false},"excerpt":{"rendered":"<p>Ya ha pasado un a\u00f1o desde que el Consejo Regulador de la Denominaci\u00f3n de Origen Protegida Cari\u00f1ena presentara, por primera vez, a la sociedad aragonesa su gran proyecto enotur\u00edstico: La Ruta de Verano del Vino de las Piedras. Un encuentro gastron\u00f3mico y cultural, en torno al vino, que el a\u00f1o pasado recibi\u00f3 la visita de &hellip;<\/p>\n","protected":false},"author":6,"featured_media":3828,"comment_status":"closed","ping_status":"closed","sticky":false,"template":"","format":"standard","meta":{"_genesis_hide_title":false,"_genesis_hide_breadcrumbs":false,"_genesis_hide_singular_image":false,"_genesis_hide_footer_widgets":false,"_genesis_custom_body_class":"","_genesis_custom_post_class":"","_genesis_layout":"","ngg_post_thumbnail":0,"footnotes":""},"categories":[1],"tags":[],"class_list":{"0":"post-3827","1":"post","2":"type-post","3":"status-publish","4":"format-standard","5":"has-post-thumbnail","7":"category-noticias","8":"entry"},"_links":{"self":[{"href":"https:\/\/elvinodelaspiedras.es\/en\/wp-json\/wp\/v2\/posts\/3827"}],"collection":[{"href":"https:\/\/elvinodelaspiedras.es\/en\/wp-json\/wp\/v2\/posts"}],"about":[{"href":"https:\/\/elvinodelaspiedras.es\/en\/wp-json\/wp\/v2\/types\/post"}],"author":[{"embeddable":true,"href":"https:\/\/elvinodelaspiedras.es\/en\/wp-json\/wp\/v2\/users\/6"}],"replies":[{"embeddable":true,"href":"https:\/\/elvinodelaspiedras.es\/en\/wp-json\/wp\/v2\/comments?post=3827"}],"version-history":[{"count":1,"href":"https:\/\/elvinodelaspiedras.es\/en\/wp-json\/wp\/v2\/posts\/3827\/revisions"}],"predecessor-version":[{"id":5988,"href":"https:\/\/elvinodelaspiedras.es\/en\/wp-json\/wp\/v2\/posts\/3827\/revisions\/5988"}],"wp:featuredmedia":[{"embeddable":true,"href":"https:\/\/elvinodelaspiedras.es\/en\/wp-json\/wp\/v2\/media\/3828"}],"wp:attachment":[{"href":"https:\/\/elvinodelaspiedras.es\/en\/wp-json\/wp\/v2\/media?parent=3827"}],"wp:term":[{"taxonomy":"category","embeddable":true,"href":"https:\/\/elvinodelaspiedras.es\/en\/wp-json\/wp\/v2\/categories?post=3827"},{"taxonomy":"post_tag","embeddable":true,"href":"https:\/\/elvinodelaspiedras.es\/en\/wp-json\/wp\/v2\/tags?post=3827"}],"curies":[{"name":"wp","href":"https:\/\/api.w.org\/{rel}","templated":true}]}}