{"id":3829,"date":"2014-07-20T00:00:00","date_gmt":"2014-07-20T00:00:00","guid":{"rendered":"http:\/\/elvinodelaspiedras.local\/melendi-revoluciona-carinena-y-pone-el-broche-de-oro-a-la-ii-ruta-de-verano-del-vino-de-las-piedras\/"},"modified":"2020-11-13T12:29:34","modified_gmt":"2020-11-13T12:29:34","slug":"melendi-revoluciona-carinena-y-pone-el-broche-de-oro-a-la-ii-ruta-de-verano-del-vino-de-las-piedras","status":"publish","type":"post","link":"https:\/\/elvinodelaspiedras.es\/en\/comunicacion\/noticias\/melendi-revoluciona-carinena-y-pone-el-broche-de-oro-a-la-ii-ruta-de-verano-del-vino-de-las-piedras\/","title":{"rendered":"Melendi revoluciona Cari\u00f1ena y pone el broche de oro a la ii ruta de verano del vino de las piedras"},"content":{"rendered":"<p>Luces, sonido, aplausos, gritos\u2026 comienza el espect\u00e1culo. Las entradas agotadas desde el viernes hac\u00edan presagiar una gran noche y Melendi no ha defraudado en el concierto que ha dado en Cari\u00f1ena, la \u00fanica actuaci\u00f3n de su gira \u201c10\u00ba Aniversario\u201d que ofrece en Arag\u00f3n. Con un p\u00fablico totalmente entregado, el asturiano ha conquistado \u201cla ciudad del vino\u201d con un gran espect\u00e1culo de dos horas.<\/p>\n<p>Tres mil personas han disfrutado durante la madrugada del s\u00e1bado al domingo de la actuaci\u00f3n de Melendi, plato fuerte de la II Ruta de Verano del Vino de las Piedras, y de los \u00a0temas que han marcado su carrera musical como \u201cCaminando por la vida\u201d o \u201cKisiera yo saber\u201d, entre otros muchos.<\/p>\n<p>El concierto no ha dejado indiferente a nadie y el juego de luces y de color, que cambiaba al ritmo de sus pegadizas canciones, pod\u00eda verse desde algunos de los municipios cercanos a Cari\u00f1ena. En un enclave casi id\u00edlico, el p\u00fablico ha podido comprobar que, tal y como suele afirmar el propio artista, \u201cMelendi ha alcanzado su madurez musical\u201d.<\/p>\n<p>A la espera de conocer su pr\u00f3ximo disco, el cual estuvo grabando en Miami hasta el pasado mes de abril, el cantante asturiano hace este verano un homenaje a los grandes \u00e9xitos de su discograf\u00eda en su \u201cGira 10\u00ba Aniversario\u201d. Con un amplio repertorio de 27 canciones, el int\u00e9rprete ha demostrado a las tres mil personas congregadas en Cari\u00f1ena que, en estos \u00faltimos diez a\u00f1os, tanto su presencia sobre las tablas como su voz han evolucionado. Temas como \u201cCon la luna llena\u201d, \u201cCheque al portamor\u201d, \u201cCanciones de Holanda\u201d y \u201cVolvamos a empezar\u201d han emocionado a un p\u00fablico que se ha dejado la voz durante todo el concierto.<\/p>\n<p>Aunque durante todo el d\u00eda las nubes amenazaron con lluvia, finalmente el buen tiempo se quiso sumar a la fiesta y los asistentes pudieron disfrutar de una agradable noche de suave temperatura.<\/p>\n<p>El espect\u00e1culo fue, tal y como se hab\u00eda previsto, el que m\u00e1s p\u00fablico congreg\u00f3 de las actividades propuestas para los d\u00edas 18 y 19 de julio por la D.O.P. Cari\u00f1ena, aunque el resto -actuaci\u00f3n de la Orquesta Jamaica el viernes, visitas y catas en bodegas, Paseo del Vino y visitas guiadas al Museo- tambi\u00e9n registraron una gran afluencia de p\u00fablico. Con actuaciones como las de Melendi, la D.O.P. Cari\u00f1ena contin\u00faa apostando por fomentar y dar a conocer la cultura vin\u00edcola y de la zona entre el p\u00fablico joven. El objetivo final de la II Ruta de Verano es potenciar el enoturismo y las actividades culturales en los 14 municipios y 31 bodegas que integran la Denominaci\u00f3n Cari\u00f1ena, no solo durante esta cita anual sino de forma permanente.<\/p>\n<p>En este sentido, el presidente de la Denominaci\u00f3n, Antonio Ubide, considera &#8220;altamente positivo&#8221; el balance de la II Ruta. &#8220;Las visitas a las bodegas y al Museo han cumplido las expectativas de p\u00fablico, tambi\u00e9n el Paseo del Vino, y en los conciertos ha habido llenazo los dos d\u00edas; por lo tanto, la valoraci\u00f3n general y de afluencia de p\u00fablico de fuera es de m\u00e1s impacto todav\u00eda que el a\u00f1o pasado&#8221;.<\/p>\n<p>Para Ubide, la repercusi\u00f3n de la Ruta en el enoturismo de la zona es clara. &#8220;A\u00f1o a a\u00f1o aumenta el n\u00famero de personas interesadas en el enoturismo. Cuantos m\u00e1s actos hacemos como este u otros como el Sal\u00f3n del Vino, m\u00e1s gente est\u00e1 interesada en conocernos y en visitar nuestras bodegas y nuestro territorio, porque lo importante es el vino y el territorio, que son las gentes que viven en \u00e9l: los viticultores y todas sus familias y ciudadanos del Campo de Cari\u00f1ena&#8221;.<\/p>\n<p>De cara al pr\u00f3ximo a\u00f1o, el director de Comunicaci\u00f3n y Marketing, Jos\u00e9 Luis Campos, adelanta que las bodegas cobrar\u00e1n un mayor protagonismo. \u201cLa Ruta de Verano, tal cual est\u00e1 dise\u00f1ada ahora, tiene que tener fecha de caducidad, esto ha de ser un acontecimiento de fiesta del vino pero las actividades enotur\u00edsticas tienen que partir del sector vitivin\u00edcola, del hostelero, del patrimonio cultural y paisaj\u00edstico, etc\u00e9tera. Nosotros ahora somos las v\u00edas lanzaderas, pero tiene que quedar claro que el Consejo no puede mantener este pulso inversor tan importante todos los a\u00f1os\u201d.<\/p>\n<hr>\n<figure id=\"attachment_337\" aria-describedby=\"caption-attachment-337\" style=\"width: 300px\" class=\"wp-caption alignnone\"><a href=\"\/_archivos\/imagenes\/2678.jpg\" target=\"_blank\" rel=\"noopener noreferrer\"><img decoding=\"async\" class=\"size-medium\" src=\"\/_archivos\/imagenes\/300\/2678.jpg\" alt=\"DSC_0365\" title=\"DSC_0365\" width=\"300\" height=\"auto\" \/><\/a><figcaption id=\"caption-attachment-337\" class=\"wp-caption-text\"><a href=\"\/_archivos\/imagenes\/2678.jpg\" target=\"_blank\" rel=\"noopener noreferrer\">Descargar imagen<\/a><\/figcaption><\/figure>\n","protected":false},"excerpt":{"rendered":"<p>Luces, sonido, aplausos, gritos\u2026 comienza el espect\u00e1culo. Las entradas agotadas desde el viernes hac\u00edan presagiar una gran noche y Melendi no ha defraudado en el concierto que ha dado en Cari\u00f1ena, la \u00fanica actuaci\u00f3n de su gira \u201c10\u00ba Aniversario\u201d que ofrece en Arag\u00f3n. Con un p\u00fablico totalmente entregado, el asturiano ha conquistado \u201cla ciudad del &hellip;<\/p>\n","protected":false},"author":6,"featured_media":3830,"comment_status":"closed","ping_status":"closed","sticky":false,"template":"","format":"standard","meta":{"_genesis_hide_title":false,"_genesis_hide_breadcrumbs":false,"_genesis_hide_singular_image":false,"_genesis_hide_footer_widgets":false,"_genesis_custom_body_class":"","_genesis_custom_post_class":"","_genesis_layout":"","ngg_post_thumbnail":0,"footnotes":""},"categories":[1],"tags":[],"class_list":{"0":"post-3829","1":"post","2":"type-post","3":"status-publish","4":"format-standard","5":"has-post-thumbnail","7":"category-noticias","8":"entry"},"_links":{"self":[{"href":"https:\/\/elvinodelaspiedras.es\/en\/wp-json\/wp\/v2\/posts\/3829"}],"collection":[{"href":"https:\/\/elvinodelaspiedras.es\/en\/wp-json\/wp\/v2\/posts"}],"about":[{"href":"https:\/\/elvinodelaspiedras.es\/en\/wp-json\/wp\/v2\/types\/post"}],"author":[{"embeddable":true,"href":"https:\/\/elvinodelaspiedras.es\/en\/wp-json\/wp\/v2\/users\/6"}],"replies":[{"embeddable":true,"href":"https:\/\/elvinodelaspiedras.es\/en\/wp-json\/wp\/v2\/comments?post=3829"}],"version-history":[{"count":1,"href":"https:\/\/elvinodelaspiedras.es\/en\/wp-json\/wp\/v2\/posts\/3829\/revisions"}],"predecessor-version":[{"id":5986,"href":"https:\/\/elvinodelaspiedras.es\/en\/wp-json\/wp\/v2\/posts\/3829\/revisions\/5986"}],"wp:featuredmedia":[{"embeddable":true,"href":"https:\/\/elvinodelaspiedras.es\/en\/wp-json\/wp\/v2\/media\/3830"}],"wp:attachment":[{"href":"https:\/\/elvinodelaspiedras.es\/en\/wp-json\/wp\/v2\/media?parent=3829"}],"wp:term":[{"taxonomy":"category","embeddable":true,"href":"https:\/\/elvinodelaspiedras.es\/en\/wp-json\/wp\/v2\/categories?post=3829"},{"taxonomy":"post_tag","embeddable":true,"href":"https:\/\/elvinodelaspiedras.es\/en\/wp-json\/wp\/v2\/tags?post=3829"}],"curies":[{"name":"wp","href":"https:\/\/api.w.org\/{rel}","templated":true}]}}