{"id":3831,"date":"2014-07-24T00:00:00","date_gmt":"2014-07-24T00:00:00","guid":{"rendered":"http:\/\/elvinodelaspiedras.local\/el-ministerio-crea-una-interprofesional-sin-contar-con-las-denominaciones-de-origen-vitivinicolas\/"},"modified":"2020-11-13T12:29:34","modified_gmt":"2020-11-13T12:29:34","slug":"el-ministerio-crea-una-interprofesional-sin-contar-con-las-denominaciones-de-origen-vitivinicolas","status":"publish","type":"post","link":"https:\/\/elvinodelaspiedras.es\/en\/comunicacion\/noticias\/el-ministerio-crea-una-interprofesional-sin-contar-con-las-denominaciones-de-origen-vitivinicolas\/","title":{"rendered":"El ministerio crea una interprofesional sin contar con las denominaciones de origen vitivin\u00edcolas"},"content":{"rendered":"<p><strong>Las decisiones de esta Interprofesional afectar\u00e1n a muchos operadores que no han estado representados en su gestaci\u00f3n, lo que no augura un buen comienzo para esa organizaci\u00f3n. \u00a0Dif\u00edcilmente se va a conseguir un consenso como el que el sector necesita para afrontar sus principales problemas si se trata de imponer los acuerdos de una Organizaci\u00f3n Interprofesional a un gran n\u00famero de viticultores y bodegueros que no han tenido representaci\u00f3n en la constituci\u00f3n de la misma. Resulta igualmente complicado que \u00e9sta cumpla los objetivos y funciones que la ley asigna a las organizaciones interprofesionales agroalimentarias si no se cuenta con una parte tan importante del sector.<\/strong><\/p>\n<p>A pesar de los llamamientos que han realizado las Denominaciones de Origen Vitivin\u00edcolas para que se les informe sobre los objetivos y las necesidades que pretende satisfacer la Organizaci\u00f3n Interprofesional del Vino a nivel nacional que ha impulsado el Ministerio, \u00e9ste ha hecho caso omiso a esas peticiones y ha provocado un acuerdo entre una parte del sector, ignorando la opini\u00f3n, sin embargo, de las 69 denominaciones de origen vitivin\u00edcolas, cuya importancia y protagonismo en el mercado en los \u00faltimos a\u00f1os ha crecido significativamente y, seg\u00fan datos oficiales, est\u00e1n fuera de toda discusi\u00f3n, contribuyendo a generar valor para el vino espa\u00f1ol en el mercado exterior e interior y a ganar cuotas de mercado a nivel internacional hasta hace pocos a\u00f1os impensables para el vino de nuestro pa\u00eds, algo que ha ocurrido gracias al esfuerzo y al trabajo de las bodegas y viticultores a ellas adscritas, muchos de los cuales no han estado representados en las negociaciones para la creaci\u00f3n de esta interprofesional.<\/p>\n<p>La constituci\u00f3n de una Interprofesional con la representatividad que ha conseguido aglutinar el Ministerio, obviando a una parte tan importante del sector y sus peticiones, no ya para formar parte de la organizaci\u00f3n, sino para que su opini\u00f3n a la hora de darle forma fuera tenida en cuenta, dado el conocimiento del mercado que aglutinan las denominaciones de origen vitivin\u00edcolas, se puede calificar como una foto para la galer\u00eda y no como una soluci\u00f3n a los problemas del sector.<\/p>\n<p>Dif\u00edcilmente se va a conseguir con una organizaci\u00f3n as\u00ed gestada el amplio consenso que el sector necesita para afrontar sus problemas si se trata de imponer los acuerdos de una Organizaci\u00f3n Interprofesional a un gran n\u00famero de viticultores y bodegueros que no han tenido ni arte ni parte en la constituci\u00f3n de la misma. De igual modo, se antoja complicado conseguir los objetivos y funciones que la Ley 38\/1994, de 30 diciembre, reguladora de las organizaciones interprofesionales agroalimentarias asigna a \u00e9stas si no se cuenta con una parte tan importante del sector.<\/p>\n<p>La Conferencia Espa\u00f1ola de Consejos Reguladores Vitivin\u00edcolas integra en la actualidad a 52 Consejos Reguladores, representativos de 54 denominaciones de origen (los consejos de Jerez y M\u00e1laga lo son tambi\u00e9n de las D.O. Manzanilla y Sierras de M\u00e1laga, respectivamente).<\/p>\n<p>En t\u00e9rminos comerciales sus asociados agrupan a m\u00e1s de 4.000 bodegas en todo el pa\u00eds, que comercializan una cifra superior a 1.384.000.000 botellas de vino con D.O., la inmensa mayor\u00eda de la comercializaci\u00f3n del vino (m\u00e1s del 90%) del vino envasado con D.O. en nuestro pa\u00eds.<\/p>\n<p>Los 52 Consejos Reguladores integran m\u00e1s de 134.500 viticultores, titulares de m\u00e1s de 580.000 hect\u00e1reas de vi\u00f1edo.<\/p>\n<hr>\n","protected":false},"excerpt":{"rendered":"<p>Las decisiones de esta Interprofesional afectar\u00e1n a muchos operadores que no han estado representados en su gestaci\u00f3n, lo que no augura un buen comienzo para esa organizaci\u00f3n. \u00a0Dif\u00edcilmente se va a conseguir un consenso como el que el sector necesita para afrontar sus principales problemas si se trata de imponer los acuerdos de una Organizaci\u00f3n &hellip;<\/p>\n","protected":false},"author":6,"featured_media":0,"comment_status":"closed","ping_status":"closed","sticky":false,"template":"","format":"standard","meta":{"_genesis_hide_title":false,"_genesis_hide_breadcrumbs":false,"_genesis_hide_singular_image":false,"_genesis_hide_footer_widgets":false,"_genesis_custom_body_class":"","_genesis_custom_post_class":"","_genesis_layout":"","ngg_post_thumbnail":0,"footnotes":""},"categories":[1],"tags":[],"class_list":{"0":"post-3831","1":"post","2":"type-post","3":"status-publish","4":"format-standard","6":"category-noticias","7":"entry"},"_links":{"self":[{"href":"https:\/\/elvinodelaspiedras.es\/en\/wp-json\/wp\/v2\/posts\/3831"}],"collection":[{"href":"https:\/\/elvinodelaspiedras.es\/en\/wp-json\/wp\/v2\/posts"}],"about":[{"href":"https:\/\/elvinodelaspiedras.es\/en\/wp-json\/wp\/v2\/types\/post"}],"author":[{"embeddable":true,"href":"https:\/\/elvinodelaspiedras.es\/en\/wp-json\/wp\/v2\/users\/6"}],"replies":[{"embeddable":true,"href":"https:\/\/elvinodelaspiedras.es\/en\/wp-json\/wp\/v2\/comments?post=3831"}],"version-history":[{"count":1,"href":"https:\/\/elvinodelaspiedras.es\/en\/wp-json\/wp\/v2\/posts\/3831\/revisions"}],"predecessor-version":[{"id":5985,"href":"https:\/\/elvinodelaspiedras.es\/en\/wp-json\/wp\/v2\/posts\/3831\/revisions\/5985"}],"wp:attachment":[{"href":"https:\/\/elvinodelaspiedras.es\/en\/wp-json\/wp\/v2\/media?parent=3831"}],"wp:term":[{"taxonomy":"category","embeddable":true,"href":"https:\/\/elvinodelaspiedras.es\/en\/wp-json\/wp\/v2\/categories?post=3831"},{"taxonomy":"post_tag","embeddable":true,"href":"https:\/\/elvinodelaspiedras.es\/en\/wp-json\/wp\/v2\/tags?post=3831"}],"curies":[{"name":"wp","href":"https:\/\/api.w.org\/{rel}","templated":true}]}}