{"id":3832,"date":"2014-09-08T00:00:00","date_gmt":"2014-09-08T00:00:00","guid":{"rendered":"http:\/\/elvinodelaspiedras.local\/david-trueba-sera-el-invitado-de-honor-en-la-48-fiesta-de-la-vendimia-de-la-denominacion-de-origen-protegida-carinena\/"},"modified":"2020-11-13T12:29:34","modified_gmt":"2020-11-13T12:29:34","slug":"david-trueba-sera-el-invitado-de-honor-en-la-48-fiesta-de-la-vendimia-de-la-denominacion-de-origen-protegida-carinena","status":"publish","type":"post","link":"https:\/\/elvinodelaspiedras.es\/en\/comunicacion\/noticias\/david-trueba-sera-el-invitado-de-honor-en-la-48-fiesta-de-la-vendimia-de-la-denominacion-de-origen-protegida-carinena\/","title":{"rendered":"David Trueba ser\u00e1 el invitado de honor en la 48\u00aa fiesta de la vendimia de la denominaci\u00f3n de origen protegida Cari\u00f1ena"},"content":{"rendered":"<p>La cuadrag\u00e9simo octava edici\u00f3n de la Fiesta de la Vendimia de la Denominaci\u00f3n de Origen Protegida Cari\u00f1ena, que tendr\u00e1 lugar el pr\u00f3ximo domingo 14 de septiembre, contar\u00e1 con el director de cine David Trueba como invitado de honor. El autor de la pel\u00edcula \u201cVivir es f\u00e1cil con los ojos cerrados\u201d, triunfadora en los \u00faltimos Premios Goya, ser\u00e1 el protagonista del acto de encendido de la Fuente de la Mora con el que se dar\u00e1 comienzo oficial a la vendimia en la Denominaci\u00f3n.<\/p>\n<p>Este tradicional acto coincidir\u00e1 adem\u00e1s con las fiestas patronales de la localidad zaragozana, en honor al Santo Cristo de Santiago. Y as\u00ed suceder\u00e1 tambi\u00e9n en los pr\u00f3ximos a\u00f1os, ya que el Consejo Regulador ha acordado que la Fiesta de la Vendimia se celebre el d\u00eda 14 de septiembre, festividad del Santo.<\/p>\n<p>La Fiesta comenzar\u00e1 a las 12,30 horas de la ma\u00f1ana con el acto de exaltaci\u00f3n del vino y la ofrenda del primer mosto del a\u00f1o al Santo Cristo de Santiago. El momento culminante se producir\u00e1 cuando el invitado de honor active el interruptor que enciende la Fuente de la Mora y de sus ca\u00f1os comience a manar vino. David Trueba ser\u00e1 el encargado de hacerlo este a\u00f1o, una funci\u00f3n que en ediciones anteriores han protagonizado otros destacados personajes de diferentes \u00e1mbitos como el cocinero Juan Manuel S\u00e1nchez, primer ganador de MasterChef; el actor y gastr\u00f3nomo Juan Echanove, el entrenador de la selecci\u00f3n espa\u00f1ola, Vicente del Bosque, la exministra Carmen Chac\u00f3n o los entonces Reyes de Espa\u00f1a, Don Juan Carlos y Do\u00f1a Sof\u00eda.<\/p>\n<p>Otra gran novedad de la edici\u00f3n de este a\u00f1o ser\u00e1 la inauguraci\u00f3n del Paseo de las Estrellas, que a modo del famoso bulevar hollywoodiense albergar\u00e1 las manos de algunas de las personalidades que visiten la Denominaci\u00f3n de Origen Protegida. Las primeras ser\u00e1n las de David Trueba, en un acto que dar\u00e1 comienzo a las 13,10 h, inmediatamente despu\u00e9s de la Exaltaci\u00f3n del Vino. El cineasta estampar\u00e1 sus manos sobre una placa de granito natural con una silueta de hoja de vid en cemento en lugar de la cl\u00e1sica estrella. La Fiesta de la Vendimia 2014 continuar\u00e1 en el mismo paseo, convertido ahora en Paseo del Vino, donde estar\u00e1 instalada la Carpa Central de la Denominaci\u00f3n, en la que el p\u00fablico podr\u00e1 catar una amplia selecci\u00f3n de Vinos de las Piedras (con diversas marcas de las bodegas Grandes Vinos y Vi\u00f1edos, Esteban Mart\u00edn, Ignacio Mar\u00edn, Coop. San Nicolas, Bodegas San Valero, COVINCA y Paniza) y donde se ofrecer\u00e1n tambi\u00e9n exquisitas tapas y raciones, hasta las 21,30 horas de la noche. La Carpa Central estar\u00e1 gestionanda por la empresa cari\u00f1enense que es propietaria del tradicional bar &#8220;Hamburgo&#8221;.<\/p>\n<p>El programa festivo se completa con los actos organizados por el Ayuntamiento de Cari\u00f1ena para honrar a su patr\u00f3n. Entre ellos, el &#8220;bautizo&#8221; de los nuevos Gigantes Lagunas y Valero, \u201cLos Vendimiadores\u201d, acompa\u00f1ados por las comparsas de H\u00edjar y Gallur, que tendr\u00e1 lugar a las 13,30 horas. No faltar\u00e1n tampoco los tradicionales cabezudos y numerosas actividades para los m\u00e1s peque\u00f1os como castillos hinchables o el espect\u00e1culo &#8220;Un d\u00eda con los piratas&#8221;. En la plaza de toros &#8220;Jes\u00fas Arruga&#8221; tendr\u00e1 lugar por la tarde el Concurso Nacional de Recortadores de Anillas \u201cGoyesco\u201d y, ya por la noche, el Toro Engamellado al \u201cEstilo Cari\u00f1ena\u201d y una suelta de vaquillas.<\/p>\n<p><strong>DAVID TRUEBA, UN CONSAGRADO DIRECTOR DE CINE<\/strong><\/p>\n<p>El hermano peque\u00f1o del c\u00e9lebre realizador Fernando Trueba ha ido haci\u00e9ndose un hueco en el mundo cinematogr\u00e1fico con el paso de los a\u00f1os y en estos momentos es ya un director consagrado, sobe todo despu\u00e9s de que su \u00faltima pel\u00edcula, &#8220;Vivir es f\u00e1cil con los ojos cerrados&#8221; se hiciera con seis estatuillas en los Premios Goya 2014 de la Academia de las Artes y Ciencias Cinematogr\u00e1ficas de Espa\u00f1a. A\u00fan sin haber acabado la carrera de Ciencias de la Informaci\u00f3n en la Universidad Complutense de Madrid, David Trueba (Madrid, 1969) ya colabor\u00f3 como guionista en la pel\u00edcula \u201cAmo tu cama rica\u201d, dirigida por Emilio Mart\u00ednez L\u00e1zaro y con cuya protagonista, Ariadna Gil, se cas\u00f3 y tuvo dos hijos.<\/p>\n<p>Aunque comenz\u00f3 su andadura profesional con comedias como \u201cLos peores a\u00f1os de nuestra vida\u201d, \u201cLa buena vida\u201d y \u201cObra maestra\u201d, dio un cambio radical al llevar a la gran pantalla la novela de Javier Cercas \u201cSoldados de Salamina\u201d, un drama que recibi\u00f3 ocho nominaciones a los Goya. Pero, sin duda, el largometraje m\u00e1s reconocido de David Trueba es su \u00faltima obra, \u201cVivir es f\u00e1cil con los ojos cerrados\u201d, que, basada en hechos reales, narra el emotivo encuentro en Almer\u00eda de un profesor de ingl\u00e9s con el cantante John Lennon cuando este se encontraba rodando una pel\u00edcula.<\/p>\n<p>Adem\u00e1s, el director de cine y guionista combina su trabajo con el de columnista en peri\u00f3dicos y revistas y con el de escritor, habiendo publicado ya las novelas \u201cAbierto toda la noche\u201d, \u201cCuatro amigos\u201d y \u201cSaber perder\u201d, esta \u00faltima ganadora del Premio Nacional de la Cr\u00edtica en el a\u00f1o 2008.<\/p>\n<p><a href=\"https:\/\/elvinodelaspiedras.es\/en\/_archivos\/ficheros\/noticias_137.pdf\" target=\"_blank\" rel=\"noopener noreferrer\">Programa Fiesta de la Vendimia 2014<\/a><\/p>\n<hr>\n<figure id=\"attachment_339\" aria-describedby=\"caption-attachment-339\" style=\"width: 300px\" class=\"wp-caption alignnone\"><a href=\"\/_archivos\/imagenes\/2703.jpg\" target=\"_blank\" rel=\"noopener noreferrer\"><img decoding=\"async\" class=\"size-medium\" src=\"\/_archivos\/imagenes\/300\/2703.jpg\" alt=\"1\" title=\"1\" width=\"300\" height=\"auto\" \/><\/a><figcaption id=\"caption-attachment-339\" class=\"wp-caption-text\"><a href=\"\/_archivos\/imagenes\/2703.jpg\" target=\"_blank\" rel=\"noopener noreferrer\">Descargar imagen<\/a><\/figcaption><\/figure>\n","protected":false},"excerpt":{"rendered":"<p>La cuadrag\u00e9simo octava edici\u00f3n de la Fiesta de la Vendimia de la Denominaci\u00f3n de Origen Protegida Cari\u00f1ena, que tendr\u00e1 lugar el pr\u00f3ximo domingo 14 de septiembre, contar\u00e1 con el director de cine David Trueba como invitado de honor. El autor de la pel\u00edcula \u201cVivir es f\u00e1cil con los ojos cerrados\u201d, triunfadora en los \u00faltimos Premios &hellip;<\/p>\n","protected":false},"author":6,"featured_media":3833,"comment_status":"closed","ping_status":"closed","sticky":false,"template":"","format":"standard","meta":{"_genesis_hide_title":false,"_genesis_hide_breadcrumbs":false,"_genesis_hide_singular_image":false,"_genesis_hide_footer_widgets":false,"_genesis_custom_body_class":"","_genesis_custom_post_class":"","_genesis_layout":"","ngg_post_thumbnail":0,"footnotes":""},"categories":[1],"tags":[],"class_list":{"0":"post-3832","1":"post","2":"type-post","3":"status-publish","4":"format-standard","5":"has-post-thumbnail","7":"category-noticias","8":"entry"},"_links":{"self":[{"href":"https:\/\/elvinodelaspiedras.es\/en\/wp-json\/wp\/v2\/posts\/3832"}],"collection":[{"href":"https:\/\/elvinodelaspiedras.es\/en\/wp-json\/wp\/v2\/posts"}],"about":[{"href":"https:\/\/elvinodelaspiedras.es\/en\/wp-json\/wp\/v2\/types\/post"}],"author":[{"embeddable":true,"href":"https:\/\/elvinodelaspiedras.es\/en\/wp-json\/wp\/v2\/users\/6"}],"replies":[{"embeddable":true,"href":"https:\/\/elvinodelaspiedras.es\/en\/wp-json\/wp\/v2\/comments?post=3832"}],"version-history":[{"count":1,"href":"https:\/\/elvinodelaspiedras.es\/en\/wp-json\/wp\/v2\/posts\/3832\/revisions"}],"predecessor-version":[{"id":5984,"href":"https:\/\/elvinodelaspiedras.es\/en\/wp-json\/wp\/v2\/posts\/3832\/revisions\/5984"}],"wp:featuredmedia":[{"embeddable":true,"href":"https:\/\/elvinodelaspiedras.es\/en\/wp-json\/wp\/v2\/media\/3833"}],"wp:attachment":[{"href":"https:\/\/elvinodelaspiedras.es\/en\/wp-json\/wp\/v2\/media?parent=3832"}],"wp:term":[{"taxonomy":"category","embeddable":true,"href":"https:\/\/elvinodelaspiedras.es\/en\/wp-json\/wp\/v2\/categories?post=3832"},{"taxonomy":"post_tag","embeddable":true,"href":"https:\/\/elvinodelaspiedras.es\/en\/wp-json\/wp\/v2\/tags?post=3832"}],"curies":[{"name":"wp","href":"https:\/\/api.w.org\/{rel}","templated":true}]}}