{"id":3836,"date":"2014-09-14T00:00:00","date_gmt":"2014-09-14T00:00:00","guid":{"rendered":"http:\/\/elvinodelaspiedras.local\/david-trueba-el-cine-y-el-vino-es-una-tarea-lenta-y-esforzada-que-hacemos-para-dar-placer-a-los-demas\/"},"modified":"2020-11-13T12:29:34","modified_gmt":"2020-11-13T12:29:34","slug":"david-trueba-el-cine-y-el-vino-es-una-tarea-lenta-y-esforzada-que-hacemos-para-dar-placer-a-los-demas","status":"publish","type":"post","link":"https:\/\/elvinodelaspiedras.es\/en\/comunicacion\/noticias\/david-trueba-el-cine-y-el-vino-es-una-tarea-lenta-y-esforzada-que-hacemos-para-dar-placer-a-los-demas\/","title":{"rendered":"David Trueba: \u201del cine y el vino es una tarea lenta y esforzada que hacemos para dar placer a los dem\u00e1s\u201d"},"content":{"rendered":"<p>La Fiesta de la Vendimia de la Denominaci\u00f3n de Origen Protegida Cari\u00f1ena ha tenido este a\u00f1o destacadas novedades que la han hecho todav\u00eda m\u00e1s brillante. Se ha celebrado el d\u00eda grande de las fiestas patronales de la localidad zaragozana, en honor al Santo Cristo de Santiago, una fecha que el Consejo Regulador quiere que tenga continuidad en los pr\u00f3ximos a\u00f1os. El protagonista ha sido el director de cine,\u00a0 David Trueba, que en su intervenci\u00f3n ha destacado las relaciones que existen entre el cine y el vino. Adem\u00e1s ha inaugurado el Paseo de las Estrellas, plasmando sus manos en una hoja de vid de cemento a modo del famoso paseo de Hollywood. Otro hecho singular de esta 48\u00aa edici\u00f3n es que el pisado de las uvas ha tenido protagonismo femenino: han sido dos j\u00f3venes de Villanueva de Huerva -Sandra Beatove y Davinia Tremps- las encargadas este a\u00f1o de pisar las uvas para generar el primer mosto del a\u00f1o. <\/p>\n<p>Todo ello en un d\u00eda radiante y con la presencia de cientos de personas que han abarrotado la plaza de Espa\u00f1a de Cari\u00f1ena y la Calle Mayor de Cari\u00f1ena para asistir al acto de Exaltaci\u00f3n del Vino y encendido de la Fuente de la Mora, de la que durante toda la jornada brotar\u00e1n miles de litros de vino. La fiesta se prolongar\u00e1 tambi\u00e9n por la tarde con el Paseo del Vino como principal escenario, junto a las numerosas actividades programadas por el Ayuntamiento cari\u00f1enense.<\/p>\n<p>Cari\u00f1ena ha recibido con entusiasmo al reciente triunfador de los Premios Goya -su pel\u00edcula &#8220;Vivir es f\u00e1cil con los ojos cerrados&#8221; obtuvo seis estatuillas- y han sido muchos los que han querido fotografiarse con el cineasta o pedirle un aut\u00f3grafo. David Trueba ha dado las gracias a todos los que hacen posible la Denominaci\u00f3n &#8220;por invitarme y sobre todo por recordarme que lo mejor de una tierra siempre es la gente que habita en esa tierra&#8221;. &#8220;Vosotros, con esta maravillosa Denominaci\u00f3n de Origen Cari\u00f1ena y con el Vino de las Piedras que cuid\u00e1is y distribu\u00eds, sab\u00e9is que hay que conquistar el mundo para seguir dando trabajo a toda la gente que vive de una riqueza as\u00ed&#8221;, ha a\u00f1adido.<\/p>\n<p>El escritor y director de cine ha incidido tambi\u00e9n en la relaci\u00f3n que existe entre el s\u00e9ptimo arte y el vino. &#8220;Hacer cine es una tarea lenta y esforzada que hacemos para dar placer a los dem\u00e1s, sin importarnos la sequ\u00eda, la dureza, lo desagradable del esfuerzo, las tormentas y el pedrisco que tambi\u00e9n de vez en cuando nos cae encima&#8221;. <\/p>\n<p>Trueba ha comentado: &#8220;Cuando nace este vino como el que hemos presenciado hoy siempre tengo la sensaci\u00f3n de que es como las pel\u00edculas: exprimimos lo que llevamos dentro y lo que sale nos representa&#8221;. A su juicio, &#8220;la cultura es lo que queda de una persona cuando la exprimes, es todo aquello que tiene dentro sin saberlo&#8221;.<\/p>\n<p>El autor de &#8220;Soldados de Salamina&#8221; se ha dirigido de nuevo a todos los vitivinicultores: &#8220;La humildad y la generosidad son las mejores virtudes de quien hace vino y de quien hace cine, no las perd\u00e1is jam\u00e1s&#8221;. El invitado de honor ha indicado: &#8220;Siempre he tenido esa sensaci\u00f3n de que cuando ven\u00eda a estas tierras de Arag\u00f3n me encontraba con gente humilde y con gente orgullosa. Sois una tierra \u00fanica que da gente \u00fanica. Ahora que se defienden tanto las fronteras y que todo el mundo est\u00e1 empe\u00f1ado en alzar barreras m\u00e1s grandes de las que ya tenemos, a m\u00ed me gusta derribarlas y sentirme entre vosotros alguien de aqu\u00ed. Somos m\u00e1s libres cuanto m\u00e1s libertad concedemos al de al lado y somos m\u00e1s parecidos cuanto m\u00e1s distintos somos y, sin embargo, apreciamos esas diferencias. Ojala que el vino de este a\u00f1o sea de concordia y de fiesta, que os traiga felicidad y salud, que no cambi\u00e9is nunca y se\u00e1is siempre tan generosos y buenos anfitriones como s\u00e9 que sois conmigo y con todos los que se acercan por aqu\u00ed&#8221;.<\/p>\n<p>Trueba ha concluido su intervenci\u00f3n clamando &#8220;\u00a1Viva el Vino de las Piedras y viva la buena gente!&#8221;. <\/p>\n<p><strong>ANTONIO UBIDE: &#8220;DEJ\u00c9MONOS DE BATALLAS EST\u00c9RILES E INNECESARIAS&#8221;<\/strong><\/p>\n<p>Por su parte, el presidente de la D.O.P. Cari\u00f1ena, Antonio Ubide, ha destacado durante su discurso la buena colaboraci\u00f3n con el Ayuntamiento de Cari\u00f1ena para que la celebraci\u00f3n de la Fiesta de la Vendimia el 14 de septiembre y que este hecho tenga continuidad en pr\u00f3ximas ediciones. Sin embargo, ha reclamado uni\u00f3n institucional para impulsar los proyectos enotur\u00edsticos de la zona. &#8220;No se puede permitir ni un minuto m\u00e1s la descoordinaci\u00f3n y duplicidad de la utilizaci\u00f3n de los recursos; primero se est\u00e1 trabajando a espaldas de quien ostenta la representaci\u00f3n, y por tanto del sector, y en segundo lugar, ser\u00eda de mucha m\u00e1s eficacia y consecuci\u00f3n de logros si los recursos econ\u00f3micos fueran en una misma direcci\u00f3n&#8221;, ha manifestado. Ubide ha hecho hincapi\u00e9 en que &#8220;las rutas enotur\u00edsticas, que gozan de una consolidaci\u00f3n importante, aportan m\u00e1s de un 20% de los recursos que generan los negocios implicados&#8221;. Y ha aseverado: &#8220;Luchemos por tanto por ello y dej\u00e9monos\u00a0 de batallas est\u00e9riles e innecesarias&#8221;.<\/p>\n<p>El presidente de la Denominaci\u00f3n ha felicitado a todos los viticultores: &#8220;Con vuestro esmerado trabajo est\u00e1is, estamos consiguiendo que la materia prima necesaria para crear un producto final de alta calidad sea la esperada. Felicidades y enhorabuena&#8221;.<\/p>\n<p>En este sentido, ha querido transmitirles un mensaje de esperanza en estos tiempos dif\u00edciles. &#8220;En el Consejo trabajamos y destinamos importantes esfuerzos en consolidar y conquistar los mercados m\u00e1s exigentes del mundo, gracias a las ayudas institucionales y al esfuerzo de nuestras empresas y bodegas,\u00a0 invirtiendo cantidades millonarias, que a medio y largo plazo, si seguimos haciendo bien las cosas, dar\u00e1n sus resultados&#8221;.<\/p>\n<p>Por su parte, el alcalde de Cari\u00f1ena, Sergio Ortiz, ha dado la bienvenida a todos los invitados que han participado en la Fiesta, en la que han estado presentes otras autoridades como el director general de Alimentaci\u00f3n del Gobierno de Arag\u00f3n, Luis Miguel Albarr\u00e1n; el vicepresidente de la Diputaci\u00f3n de Zaragoza, Francisco Artajona y la vicepresidenta de la Comarca Campo de Cari\u00f1ena, Sara Morales.<\/p>\n<p>Tras las intervenciones y el pisado de las uvas, ha llegado el momento m\u00e1s esperado: el encendido de la Fuente de la Mora, de la que hoy brotar\u00e1n miles de litros de vino en lugar de agua. El primer mosto del a\u00f1o ha sido ofrecido, como es tradicional, al Santo Cristo de Santiago, y con ello ha concluido el acto institucional.<\/p>\n<p>Pero las novedades han continuado con la inauguraci\u00f3n del Paseo de las Estrellas, en el que personalidades de distintos \u00e1mbitos que visiten la Denominaci\u00f3n de Origen Protegida inmortalizar\u00e1n sus manos en hojas de vid de cemento. David Trueba ha sido la primera, entre bromas y los aplausos de las autoridades y del numeroso p\u00fablico congregado. &#8220;Es un honor ser el primero pero espero que pronto me acompa\u00f1en otras manos. Al final el prestigio de las cosas es el prestigio de todos, yo creo que como pa\u00eds lo tenemos que entender siempre. Que uno que puede despuntar en algo en el fondo se apoya tambi\u00e9n en los que despuntaron antes, y hay que tener una idea colectiva. Hemos sido siempre los espa\u00f1oles demasiado individualistas y nos hemos olvidado de que hay que crear el campo para que las cosas salgan. Espero que a esas primeras manos se le sumen muchas m\u00e1s y que sea una ocasi\u00f3n para festejarlo, no para darse importancia, sino todo lo contrario: para dar importancia a esta Comunidad&#8221;, ha declarado a los medios.<\/p>\n<p>En el mismo Paseo continuar\u00e1 la fiesta hasta las 21,30 horas. En \u00e9l est\u00e1 ubicada la Carpa Central de la  Denominaci\u00f3n, en la que el p\u00fablico puede catar una amplia selecci\u00f3n de Vinos de las Piedras (con diversas marcas de las bodegas Grandes Vinos y Vi\u00f1edos, Esteban Mart\u00edn, Ignacio Mar\u00edn, Coop. San Nicolas, Bodegas San Valero, COVINCA y Paniza) y donde se ofrecer\u00e1n tambi\u00e9n exquisitas tapas y raciones. <\/p>\n<hr>\n<figure id=\"attachment_341\" aria-describedby=\"caption-attachment-341\" style=\"width: 300px\" class=\"wp-caption alignnone\"><a href=\"\/_archivos\/imagenes\/2705.jpg\" target=\"_blank\" rel=\"noopener noreferrer\"><img decoding=\"async\" class=\"size-medium\" src=\"\/_archivos\/imagenes\/300\/2705.jpg\" alt=\"Trueba enciende la Fuente con Antonio Ubide\" title=\"Trueba enciende la Fuente con Antonio Ubide\" width=\"300\" height=\"auto\" \/><\/a><figcaption id=\"caption-attachment-341\" class=\"wp-caption-text\"><a href=\"\/_archivos\/imagenes\/2705.jpg\" target=\"_blank\" rel=\"noopener noreferrer\">Descargar imagen<\/a><\/figcaption><\/figure>\n","protected":false},"excerpt":{"rendered":"<p>La Fiesta de la Vendimia de la Denominaci\u00f3n de Origen Protegida Cari\u00f1ena ha tenido este a\u00f1o destacadas novedades que la han hecho todav\u00eda m\u00e1s brillante. Se ha celebrado el d\u00eda grande de las fiestas patronales de la localidad zaragozana, en honor al Santo Cristo de Santiago, una fecha que el Consejo Regulador quiere que tenga &hellip;<\/p>\n","protected":false},"author":6,"featured_media":3837,"comment_status":"closed","ping_status":"closed","sticky":false,"template":"","format":"standard","meta":{"_genesis_hide_title":false,"_genesis_hide_breadcrumbs":false,"_genesis_hide_singular_image":false,"_genesis_hide_footer_widgets":false,"_genesis_custom_body_class":"","_genesis_custom_post_class":"","_genesis_layout":"","ngg_post_thumbnail":0,"footnotes":""},"categories":[1],"tags":[],"class_list":{"0":"post-3836","1":"post","2":"type-post","3":"status-publish","4":"format-standard","5":"has-post-thumbnail","7":"category-noticias","8":"entry"},"_links":{"self":[{"href":"https:\/\/elvinodelaspiedras.es\/en\/wp-json\/wp\/v2\/posts\/3836"}],"collection":[{"href":"https:\/\/elvinodelaspiedras.es\/en\/wp-json\/wp\/v2\/posts"}],"about":[{"href":"https:\/\/elvinodelaspiedras.es\/en\/wp-json\/wp\/v2\/types\/post"}],"author":[{"embeddable":true,"href":"https:\/\/elvinodelaspiedras.es\/en\/wp-json\/wp\/v2\/users\/6"}],"replies":[{"embeddable":true,"href":"https:\/\/elvinodelaspiedras.es\/en\/wp-json\/wp\/v2\/comments?post=3836"}],"version-history":[{"count":1,"href":"https:\/\/elvinodelaspiedras.es\/en\/wp-json\/wp\/v2\/posts\/3836\/revisions"}],"predecessor-version":[{"id":5982,"href":"https:\/\/elvinodelaspiedras.es\/en\/wp-json\/wp\/v2\/posts\/3836\/revisions\/5982"}],"wp:featuredmedia":[{"embeddable":true,"href":"https:\/\/elvinodelaspiedras.es\/en\/wp-json\/wp\/v2\/media\/3837"}],"wp:attachment":[{"href":"https:\/\/elvinodelaspiedras.es\/en\/wp-json\/wp\/v2\/media?parent=3836"}],"wp:term":[{"taxonomy":"category","embeddable":true,"href":"https:\/\/elvinodelaspiedras.es\/en\/wp-json\/wp\/v2\/categories?post=3836"},{"taxonomy":"post_tag","embeddable":true,"href":"https:\/\/elvinodelaspiedras.es\/en\/wp-json\/wp\/v2\/tags?post=3836"}],"curies":[{"name":"wp","href":"https:\/\/api.w.org\/{rel}","templated":true}]}}