{"id":3838,"date":"2014-09-18T00:00:00","date_gmt":"2014-09-18T00:00:00","guid":{"rendered":"http:\/\/elvinodelaspiedras.local\/la-dop-carinena-celebra-manana-el-dia-internacional-de-la-garnacha-con-catas-especiales-y-la-visita-de-cinco-periodistas-norteamericanos\/"},"modified":"2020-11-13T12:29:34","modified_gmt":"2020-11-13T12:29:34","slug":"la-dop-carinena-celebra-manana-el-dia-internacional-de-la-garnacha-con-catas-especiales-y-la-visita-de-cinco-periodistas-norteamericanos","status":"publish","type":"post","link":"https:\/\/elvinodelaspiedras.es\/en\/comunicacion\/noticias\/la-dop-carinena-celebra-manana-el-dia-internacional-de-la-garnacha-con-catas-especiales-y-la-visita-de-cinco-periodistas-norteamericanos\/","title":{"rendered":"La D.O.P. Cari\u00f1ena celebra ma\u00f1ana el d\u00eda internacional de la garnacha con catas especiales y la visita de cinco periodistas norteamericanos"},"content":{"rendered":"<p>Denominaci\u00f3n de Origen Protegida Cari\u00f1ena celebra ma\u00f1ana viernes, 19 de septiembre, el D\u00eda Internacional de la Garnacha. Una festividad con la que se reconoce mundialmente a esta variedad, que tan bien se adapta a los terrenos pedregosos como los de Cari\u00f1ena.<\/p>\n<p>Para conmemorar este d\u00eda, la Denominaci\u00f3n ha organizado m\u00faltiples actividades como una jornada de puertas abiertas al Museo del Vino de Cari\u00f1ena o catas especiales en la Bodega Hacienda de Molleda.<\/p>\n<p>Durante la jornada, en la Bodega Hacienda de Molleda, se podr\u00e1 disfrutar de las siguientes actividades: una cata de uvas de garnacha con distinto grado de maduraci\u00f3n, una cata vertical de garnachas Gran Hacienda Molleda y una cata de licor de Garnacha. Todo ello tendr\u00e1 lugar en la terraza Mirador de la bodega Cari\u00f1enense, sobre las 18:30 horas, para que los visitantes puedan disfrutar de la puesta del sol. El coste de la cata es de 7 euros y las reservas para disfrutar de esta actividad se pueden realizar llamando a la Bodega.<\/p>\n<p>Adem\u00e1s, en este d\u00eda tan se\u00f1alado, cinco periodistas americanos que trabajan en prestigiosas revistas del sector en Estados Unidos, visitar\u00e1n los vi\u00f1edos de la \u00a0Denominaci\u00f3n de Origen Protegida Cari\u00f1ena y conocer\u00e1n de primera mano las caracter\u00edsticas de cada vino y cada zona de la Denominaci\u00f3n. Se trata de una misi\u00f3n inversa en la que estos profesionales aprenden la historia de la D.O.P. y se convierten en embajadores de Cari\u00f1ena en EEUU.<\/p>\n<p>El presidente de la D.O.P. Cari\u00f1ena, Antonio Ubide, recibir\u00e1 a las 10,00 horas a los expertos para explicarles las caracter\u00edsticas de la Denominaci\u00f3n y, a continuaci\u00f3n, har\u00e1n una visita a diferentes vi\u00f1edos. Los expertos catar\u00e1n tambi\u00e9n una selecci\u00f3n de Vinos de las Piedras en una casa rural de la localidad.<\/p>\n<p>Entre los periodistas que van a visitar Cari\u00f1ena se encuentran cuatro americanos y una canadiense.<\/p>\n<p>Laurie Daniel (EE.UU). Periodista desde hace 30 a\u00f1os y especializada en vinos desde 1993. Escribe un art\u00edculo semanal sobre vino que se publica en el San Jose Mercury News as\u00ed como en otros peri\u00f3dicos de California. Ha escrito en Food &amp; Wine, Wine Country Living, Wines &amp; Vines, Drinks and Wine Enthusiast. Participa en los jurados de varias competiciones de vinos en California. Impulsora de la Appellation \u00a0America que abarca a varias zonas de California. San Jose Mercury News recibe en su website (www.mercurynews.com) 1.6 millones de visitas al mes y est\u00e1 considerado el quinto peri\u00f3dico en difusi\u00f3n impresa de Estados Unidos. Es un peri\u00f3dico y Online Wine Consumer.<\/p>\n<p>Ed Deitch (EE.UU). Producer senior en NBC Night News y cr\u00edtico de vinos en NBC Today Show, desde Nueva York.Today.com que recibe 8 millones de visitantes mensuales. Escribe el blog Vint-end. Le dieron el premio James Beard \u00a0Foundation Award en 2008. Ha escrito varios art\u00edculos sobre vinos y alimentos de diferentes partes de Espa\u00f1a mostrando su familiaridad e inter\u00e9s con los vinos de nuestro pa\u00eds. \u00a0NBC News fue fundado en 1940. Tiene su sede central en Nueva York. Es una de las cadenas l\u00edderes de televisi\u00f3n en Estados Unidos. NBC Today Show tienen una secci\u00f3n dedicada a la alimentaci\u00f3n donde incluye sus reportajes dedicados al vino.<\/p>\n<p>Fred Swan (EE.UU). Es asiduo columnista en el Tasting Panel Magazine. Tasting Panel Magazine tiene 75.000 ejemplares de difusi\u00f3n en San Francisco. Se publica mensualmente. Est\u00e1 considerado como una publicaci\u00f3n de gran influencia en el sector de los vinos por el tipo de profesionales que lo leen. Entre sus actividades hace catas de vinos pero su principal reconocimiento es acerca la informaci\u00f3n que difunde. Las catas y competiciones de vino que organiza tienen renombre nacional e internacional.<\/p>\n<p>Dirige Norcalwine.com que est\u00e1 especializado en los vinos del Norte de California donde cubre la mayor\u00eda de sus contenidos y es el director de educaci\u00f3n Affairs of the Wine y ense\u00f1a en la San Francisco Wine School y Grape Experience. Escribe regularmente en Snooth.com y en el San Francisco Wine School blog. Entre otros reconocimientos, fue incluido en Echansonnerie des Papes, que es una organizaci\u00f3n de la regi\u00f3n de Ch\u00e2teauneuf-du-Pape AOC. Es escritor, educador y autoridad reconocida en California.<\/p>\n<p>Rebecca Tucker (Canada). Es Online Arts Editor for Arts &amp; Life del National Post News Service Online. Lleva en este puesto cerca de 4 a\u00f1os. Tambi\u00e9n cubre las \u00e1reas de alimentaci\u00f3n y bebidas en su blog Appetizer. El National Post News Service Online, tiene 660.241 visitas al mes en su sitio web. \u00a0El peri\u00f3dico National Post tiene su base en Toronto y la empresa que lo edita cotiza en el Toronto Stock Exchange. Esta ciudad est\u00e1 considerada la cuarta ciudad en Norteam\u00e9rica por la importancia de sus medios, despu\u00e9s de Nueva York, Los Angeles y Chicago. El peri\u00f3dico fue fundado en 1998 y tiene una difusi\u00f3n diaria de alrededor de 150.000 copias.<\/p>\n<p>Ross Wasserman (Estados Unidos). Ex vicepresidente de Benson Marketing Group y responsable de la oficina de Nueva York durante varios a\u00f1os. Se ha encargado, por encargo de Jeremy Benson, de los contactos con la prensa en la Campa\u00f1a de Promoci\u00f3n de la Garnacha. Gran experiencia en relaciones p\u00fablicas.<\/p>\n<hr>\n<figure id=\"attachment_342\" aria-describedby=\"caption-attachment-342\" style=\"width: 300px\" class=\"wp-caption alignnone\"><a href=\"\/_archivos\/imagenes\/2719.jpg\" target=\"_blank\" rel=\"noopener noreferrer\"><img decoding=\"async\" class=\"size-medium\" src=\"\/_archivos\/imagenes\/300\/2719.jpg\" alt=\"DSC_0166\" title=\"DSC_0166\" width=\"300\" height=\"auto\" \/><\/a><figcaption id=\"caption-attachment-342\" class=\"wp-caption-text\"><a href=\"\/_archivos\/imagenes\/2719.jpg\" target=\"_blank\" rel=\"noopener noreferrer\">Descargar imagen<\/a><\/figcaption><\/figure>\n","protected":false},"excerpt":{"rendered":"<p>Denominaci\u00f3n de Origen Protegida Cari\u00f1ena celebra ma\u00f1ana viernes, 19 de septiembre, el D\u00eda Internacional de la Garnacha. Una festividad con la que se reconoce mundialmente a esta variedad, que tan bien se adapta a los terrenos pedregosos como los de Cari\u00f1ena. Para conmemorar este d\u00eda, la Denominaci\u00f3n ha organizado m\u00faltiples actividades como una jornada de &hellip;<\/p>\n","protected":false},"author":6,"featured_media":3839,"comment_status":"closed","ping_status":"closed","sticky":false,"template":"","format":"standard","meta":{"_genesis_hide_title":false,"_genesis_hide_breadcrumbs":false,"_genesis_hide_singular_image":false,"_genesis_hide_footer_widgets":false,"_genesis_custom_body_class":"","_genesis_custom_post_class":"","_genesis_layout":"","ngg_post_thumbnail":0,"footnotes":""},"categories":[1],"tags":[],"class_list":{"0":"post-3838","1":"post","2":"type-post","3":"status-publish","4":"format-standard","5":"has-post-thumbnail","7":"category-noticias","8":"entry"},"_links":{"self":[{"href":"https:\/\/elvinodelaspiedras.es\/en\/wp-json\/wp\/v2\/posts\/3838"}],"collection":[{"href":"https:\/\/elvinodelaspiedras.es\/en\/wp-json\/wp\/v2\/posts"}],"about":[{"href":"https:\/\/elvinodelaspiedras.es\/en\/wp-json\/wp\/v2\/types\/post"}],"author":[{"embeddable":true,"href":"https:\/\/elvinodelaspiedras.es\/en\/wp-json\/wp\/v2\/users\/6"}],"replies":[{"embeddable":true,"href":"https:\/\/elvinodelaspiedras.es\/en\/wp-json\/wp\/v2\/comments?post=3838"}],"version-history":[{"count":1,"href":"https:\/\/elvinodelaspiedras.es\/en\/wp-json\/wp\/v2\/posts\/3838\/revisions"}],"predecessor-version":[{"id":5981,"href":"https:\/\/elvinodelaspiedras.es\/en\/wp-json\/wp\/v2\/posts\/3838\/revisions\/5981"}],"wp:featuredmedia":[{"embeddable":true,"href":"https:\/\/elvinodelaspiedras.es\/en\/wp-json\/wp\/v2\/media\/3839"}],"wp:attachment":[{"href":"https:\/\/elvinodelaspiedras.es\/en\/wp-json\/wp\/v2\/media?parent=3838"}],"wp:term":[{"taxonomy":"category","embeddable":true,"href":"https:\/\/elvinodelaspiedras.es\/en\/wp-json\/wp\/v2\/categories?post=3838"},{"taxonomy":"post_tag","embeddable":true,"href":"https:\/\/elvinodelaspiedras.es\/en\/wp-json\/wp\/v2\/tags?post=3838"}],"curies":[{"name":"wp","href":"https:\/\/api.w.org\/{rel}","templated":true}]}}