{"id":3840,"date":"2014-09-22T00:00:00","date_gmt":"2014-09-22T00:00:00","guid":{"rendered":"http:\/\/elvinodelaspiedras.local\/ubide-trabajamos-en-consolidar-y-conquistar-los-mercados-mas-exigentes-del-mundo\/"},"modified":"2020-11-13T12:29:33","modified_gmt":"2020-11-13T12:29:33","slug":"ubide-trabajamos-en-consolidar-y-conquistar-los-mercados-mas-exigentes-del-mundo","status":"publish","type":"post","link":"https:\/\/elvinodelaspiedras.es\/en\/comunicacion\/noticias\/ubide-trabajamos-en-consolidar-y-conquistar-los-mercados-mas-exigentes-del-mundo\/","title":{"rendered":"Ubide: \u201dtrabajamos en consolidar y conquistar los mercados m\u00e1s exigentes del mundo\u201d"},"content":{"rendered":"<p>Este es el discurso que pronunci\u00f3 Antonio Ubide, presidente de la D.O.P. Cari\u00f1ena, en el acto institucional de la 48\u00aa Fiesta de la Vendimia:<\/p>\n<p>&#8220;Se\u00f1or alcalde de la ciudad de Cari\u00f1ena \u2013gracias por tus palabras de bienvenida-, miembros del Pleno del Consejo Regulador don Fernando Calvo, Jefe de servicio de\u00a0 Industrias Agrarias, Se\u00f1or Vicepresidente de la Diputaci\u00f3n de Zaragoza, don Francisco Artajona<a><\/a>,\u00a0 Invitado de Honor, Se\u00f1or Director General de Alimentaci\u00f3n y Fomento Agroalimentario, don Luis Miguel Albarr\u00e1n,\u00a0 se\u00f1oras y se\u00f1ores gracias por estar presentes en uno de los actos m\u00e1s importantes para nuestra Denominaci\u00f3n de Origen.<\/p>\n<p>Hoy, 14 de septiembre, marcamos un punto de inflexi\u00f3n,\u00a0 y espero,\u00a0 de consolidaci\u00f3n\u00a0 con el que pretendemos fijar esta fecha como definitiva para el transcurso de los a\u00f1os venideros en la celebraci\u00f3n de la Fiesta de la Vendimia. Acontecimiento qu\u00e9, en coincidencia con las fiestas patronales de Cari\u00f1ena, ganar\u00e1 en esplendor al aglutinar el extenso programa de actividades que el Ayuntamiento prepara, y que sumado a nuestro acto de exaltaci\u00f3n del vino y la carpa central del\u00a0 Vino de las Piedras har\u00e1 disfrutar a todos los vecinos de nuestra comarca y a aquellos que deseen\u00a0 visitarnos.<\/p>\n<p>Desde el seno del Consejo Regulador, esperamos que de esta forma hayan quedado cubiertas todas las expectativas y peticiones qu\u00e9, a\u00f1o tras a\u00f1o, se vienen realizando desde los ayuntamientos de nuestro territorio. Por tanto, gracias al Ayuntamiento y a su alcalde por la disponibilidad para que esta Fiesta tenga su d\u00eda fijo en un calendario completo de actividades.\u00a0 Este Consejo Regulador continuar\u00e1, como le corresponde, liderando y potenciando la Fiesta de la Vendimia.<\/p>\n<p>En este cap\u00edtulo de reconocimientos, no puedo dejar pasar la ocasi\u00f3n de demostrar p\u00fablicamente el agradecimiento que siente todo el Consejo Regulador por la estrecha y decidida colaboraci\u00f3n que el Ayuntamiento de Cari\u00f1ena prest\u00f3 el pasado mes de julio cuando otras instituciones dificultaron la celebraci\u00f3n de actos importantes para todos nosotros, y enmarcados en\u00a0 la Segunda Ruta Enotur\u00edstica de Verano de \u201cEl\u00a0 Vino de las Piedras\u201d. Actividad con la que nos congratulamos y que nos sirve tambi\u00e9n para reflexionar sobre el verdadero punto de dinamizaci\u00f3n que redunde en el futuro de todo nuestro sector y de aquellos servicios tur\u00edsticos asentados en nuestro territorio.<\/p>\n<p>Por todo ello, y con la legitimidad que considero nos da la representaci\u00f3n que el Pleno del Consejo Regulador tiene sobre el sector vitivin\u00edcola de la comarca, quiero hacer un ruego en\u00e9rgico que no pretendo convertirlo en exigencia, por supuesto, pero del que deben hacerse eco y part\u00edcipes todas las Instituciones. Y es que no se puede permitir ni un minuto m\u00e1s la descoordinaci\u00f3n y duplicidad de la utilizaci\u00f3n de los recursos; primero se est\u00e1 trabajando a espaldas de quien ostenta la representaci\u00f3n, y por tanto del sector, y en segundo lugar, ser\u00eda de mucha m\u00e1s eficacia y consecuci\u00f3n de logros si los recursos econ\u00f3micos fueran en una misma direcci\u00f3n. Insisto, por tanto, en el ruego a todas las autoridades representativas de las distintas Instituciones, as\u00ed como quiero mostrar la mayor disponibilidad por nuestra parte, para conseguir este objetivo.<\/p>\n<p>Las rutas enotur\u00edsticas, que gozan de una consolidaci\u00f3n importante, aportan m\u00e1s de un 20% de los recursos que generan los negocios implicados, luchemos por tanto por ello y dej\u00e9monos\u00a0 de batallas est\u00e9riles e innecesarias.<\/p>\n<p>Quiero dar mi m\u00e1s sincera felicitaci\u00f3n a todos los viticultores de nuestra DO. Con vuestro esmerado trabajo est\u00e1is, estamos, consiguiendo que la materia prima necesaria para crear un producto final de alta calidad sea la esperada. Felicidades y enhorabuena.<\/p>\n<p>A vosotros, verdaderos protagonistas de esta fiesta, como a todo el sector vitivin\u00edcola, quiero dar un mensaje de esperanza en estos momentos dif\u00edciles por los que pasamos. En el Consejo trabajamos y destinamos importantes esfuerzos en consolidar y conquistar los mercados m\u00e1s exigentes del mundo, gracias a las ayudas institucionales y al esfuerzo de nuestras bodegas,\u00a0 invirtiendo cantidades millonarias, que a medio y largo plazo, si seguimos haciendo bien las cosas, dar\u00e1n sus resultados.<\/p>\n<p>Hoy, todos a los que estoy felicitando, y que con este acto homenajeamos, est\u00e1n representados en nuestro \u201cInvitado de Honor\u201d, David Trueba, un escritor que encandila a sus lectores y un cineasta que realiza proyectos adorables y que desbordan talento.<\/p>\n<p>Desde que se instaurara el encendido oficial de \u201cLa\u00a0 Fuente de la Mora\u201d, este a\u00f1o es uno de los que mayor ilusi\u00f3n me ha aportado. David, mil felicidades y nuestra m\u00e1s sincera enhorabuena por tu arrollador \u00e9xito en los premios Goya con esas 6 estatuillas, que sepas que nos has colmado de orgullo por haber aceptado ser nuestro Invitado de Honor.<\/p>\n<p>Precisamente, con la aceptaci\u00f3n de tu cargo, nos permite ver cumplido otro de nuestros anhelos, inaugurar el paseo de las estrellas de \u201cEl Vino de las Piedras\u201d, que en unos instantes, tras la ofrenda del primer mosto a nuestro Santo Cristo de Santiago, viviremos tan emocionante momento con la imposici\u00f3n de tus manos en lo que supone &#8220;nuestra estrella&#8221;&#8230; La hoja de parra.<\/p>\n<p>Te invito a que, si las musas tienen a bien regalarte su inspiraron, realices y produzcas una pel\u00edcula dedicada al Vino de las Piedras, a buen seguro que argumento y trama en torno al vino no han de faltarte para la consecuci\u00f3n de un largometraje que agrande tus \u00e9xitos.<\/p>\n<p>Se\u00f1oras y se\u00f1ores, autoridades, David, compa\u00f1eros del Consejo, Reinas de las Fiestas de Cari\u00f1ena y pisadoras de Villanueva de Huerva, muchas gracias a todos por\u00a0 vuestra asistencia.<\/p>\n<p>Buena y gran vendimia.<\/p>\n<p>Gracias&#8221;<\/p>\n<p>ANTONIO UBIDE, Presidente de la Denominaci\u00f3n de Origen Protegida Cari\u00f1ena<\/p>\n<hr>\n<figure id=\"attachment_343\" aria-describedby=\"caption-attachment-343\" style=\"width: 300px\" class=\"wp-caption alignnone\"><a href=\"\/_archivos\/imagenes\/2720.jpg\" target=\"_blank\" rel=\"noopener noreferrer\"><img decoding=\"async\" class=\"size-medium\" src=\"\/_archivos\/imagenes\/300\/2720.jpg\" alt=\"DSC_1036\" title=\"DSC_1036\" width=\"300\" height=\"auto\" \/><\/a><figcaption id=\"caption-attachment-343\" class=\"wp-caption-text\"><a href=\"\/_archivos\/imagenes\/2720.jpg\" target=\"_blank\" rel=\"noopener noreferrer\">Descargar imagen<\/a><\/figcaption><\/figure>\n","protected":false},"excerpt":{"rendered":"<p>Este es el discurso que pronunci\u00f3 Antonio Ubide, presidente de la D.O.P. Cari\u00f1ena, en el acto institucional de la 48\u00aa Fiesta de la Vendimia: &#8220;Se\u00f1or alcalde de la ciudad de Cari\u00f1ena \u2013gracias por tus palabras de bienvenida-, miembros del Pleno del Consejo Regulador don Fernando Calvo, Jefe de servicio de\u00a0 Industrias Agrarias, Se\u00f1or Vicepresidente de &hellip;<\/p>\n","protected":false},"author":6,"featured_media":3841,"comment_status":"closed","ping_status":"closed","sticky":false,"template":"","format":"standard","meta":{"_genesis_hide_title":false,"_genesis_hide_breadcrumbs":false,"_genesis_hide_singular_image":false,"_genesis_hide_footer_widgets":false,"_genesis_custom_body_class":"","_genesis_custom_post_class":"","_genesis_layout":"","ngg_post_thumbnail":0,"footnotes":""},"categories":[1],"tags":[],"class_list":{"0":"post-3840","1":"post","2":"type-post","3":"status-publish","4":"format-standard","5":"has-post-thumbnail","7":"category-noticias","8":"entry"},"_links":{"self":[{"href":"https:\/\/elvinodelaspiedras.es\/en\/wp-json\/wp\/v2\/posts\/3840"}],"collection":[{"href":"https:\/\/elvinodelaspiedras.es\/en\/wp-json\/wp\/v2\/posts"}],"about":[{"href":"https:\/\/elvinodelaspiedras.es\/en\/wp-json\/wp\/v2\/types\/post"}],"author":[{"embeddable":true,"href":"https:\/\/elvinodelaspiedras.es\/en\/wp-json\/wp\/v2\/users\/6"}],"replies":[{"embeddable":true,"href":"https:\/\/elvinodelaspiedras.es\/en\/wp-json\/wp\/v2\/comments?post=3840"}],"version-history":[{"count":1,"href":"https:\/\/elvinodelaspiedras.es\/en\/wp-json\/wp\/v2\/posts\/3840\/revisions"}],"predecessor-version":[{"id":5980,"href":"https:\/\/elvinodelaspiedras.es\/en\/wp-json\/wp\/v2\/posts\/3840\/revisions\/5980"}],"wp:featuredmedia":[{"embeddable":true,"href":"https:\/\/elvinodelaspiedras.es\/en\/wp-json\/wp\/v2\/media\/3841"}],"wp:attachment":[{"href":"https:\/\/elvinodelaspiedras.es\/en\/wp-json\/wp\/v2\/media?parent=3840"}],"wp:term":[{"taxonomy":"category","embeddable":true,"href":"https:\/\/elvinodelaspiedras.es\/en\/wp-json\/wp\/v2\/categories?post=3840"},{"taxonomy":"post_tag","embeddable":true,"href":"https:\/\/elvinodelaspiedras.es\/en\/wp-json\/wp\/v2\/tags?post=3840"}],"curies":[{"name":"wp","href":"https:\/\/api.w.org\/{rel}","templated":true}]}}