{"id":3907,"date":"2016-07-19T00:00:00","date_gmt":"2016-07-19T00:00:00","guid":{"rendered":"http:\/\/elvinodelaspiedras.local\/el-paseo-de-carinena-sumara-este-viernes-viernes-la-estrella-de-la-directora-de-cine-paula-ortiz\/"},"modified":"2020-11-13T12:29:32","modified_gmt":"2020-11-13T12:29:32","slug":"el-paseo-de-carinena-sumara-este-viernes-viernes-la-estrella-de-la-directora-de-cine-paula-ortiz","status":"publish","type":"post","link":"https:\/\/elvinodelaspiedras.es\/en\/comunicacion\/noticias\/el-paseo-de-carinena-sumara-este-viernes-viernes-la-estrella-de-la-directora-de-cine-paula-ortiz\/","title":{"rendered":"El paseo de Cari\u00f1ena sumar\u00e1 este viernes la estrella de la directora de cine paula ortiz"},"content":{"rendered":"<p>El <strong>Paseo de las Estrellas<\/strong> de Cari\u00f1ena, una iniciativa de la Denominaci\u00f3n de Origen Protegida que emula el famoso bulevar hollywoodiense, sigue sumando celebridades. El pr\u00f3ximo <strong>viernes 22 de julio, a las 13 horas,<\/strong> plasmar\u00e1 sus manos en \u00e9l la directora de cine zaragozana Paula Ortiz, autora de las pel\u00edculas <strong>&#8220;De tu ventana a la m\u00eda&#8221;<\/strong> y <strong>&#8220;La Novia&#8221;<\/strong>, que reuni\u00f3 <strong>12 nominaciones<\/strong> en los \u00faltimos <strong>Premios Goya<\/strong> de la Academia de Cine.<\/p>\n<p>El acto tendr\u00e1 lugar al <strong>comienzo del paseo de la localidad zaragozana<\/strong>, donde ya lucen las huellas de las anteriores estrellas que inauguraron este lugar de la fama: el director de cine y escritor <strong>David Trueba<\/strong> -el primero en hacerlo, como invitado de honor de la Fiesta de la Vendimia en septiembre de 2014-, el actor <strong>Gabino Diego<\/strong> y el tambi\u00e9n director aragon\u00e9s <strong>Miguel \u00c1ngel Lamata<\/strong>, ambos el pasado a\u00f1o.<\/p>\n<p>Paula Ortiz impondr\u00e1 sus manos en una placa con una <strong>gran hoja de vid rellena de cemento blando<\/strong> que, tras secarse y ser cubierta con un cristal, se sumar\u00e1 al Paseo de las Estrellas, una iniciativa que ya se ha convertido en todo un <strong>motivo de satisfacci\u00f3n<\/strong> para los habitantes de la Denominaci\u00f3n Cari\u00f1ena y en un <strong>reclamo tur\u00edstico<\/strong> para los visitantes.<\/p>\n<p>Al acto acudir\u00e1 el <strong>pleno del Consejo Regulador<\/strong>, representantes de las <strong>35 bodegas<\/strong> que integran la D.O.P., <strong>alcaldes de los municipios<\/strong> y <strong>p\u00fablico en general<\/strong>. Previamente, <strong>a las 12,30 h, la directora firmar\u00e1 en el Libro de Honor de la Denominaci\u00f3n. A las 12,45 h <\/strong>atender\u00e1 a los medios de comunicaci\u00f3n junto al <strong>presidente de la Denominaci\u00f3n, Antonio Ubide.<\/strong><\/p>\n<p><strong>PAULA ORTIZ, BRILLANTE REVELACI\u00d3N DEL CINE ESPA\u00d1OL<\/strong><\/p>\n<p>La guionista y directora de cine Paula Ortiz <strong>naci\u00f3 en Zaragoza en 1979<\/strong>. Licenciada en <strong>Filolog\u00eda Hisp\u00e1nica por la Universidad de Zaragoza<\/strong> (2002) y <strong>m\u00e1ster en Escritura para Cine y TV<\/strong> de la <strong>Universidad Aut\u00f3noma de Barcelona<\/strong> (2003), disfrut\u00f3 de una <strong>beca FPU del Ministerio de Educaci\u00f3n (2004-2008)<\/strong>, trabajando como investigadora y profesora en el \u00e1rea de <strong>Estudios de Cine y otros Medios Audiovisuales<\/strong> del Departamento de Historia del Arte de la Universidad de Zaragoza. Fruto de este trabajo fue su <strong>tesis doctoral<\/strong>, titulada El gui\u00f3n cinematogr\u00e1fico: actualizaci\u00f3n de sus bases te\u00f3ricas y pr\u00e1cticas, dirigida por <strong>Agust\u00edn S\u00e1nchez Vidal<\/strong> y defendida el 31 de enero de 2011 en la Universidad de Zaragoza.<\/p>\n<p>Se form\u00f3 en direcci\u00f3n de cine en el <strong>Graduate Department of Film and Television<\/strong> de la <strong>Tisch School of the Arts de la Universidad de Nueva York (NYU)<\/strong> y complet\u00f3 sus estudios de guion en la <strong>UCLA, Los \u00c1ngeles<\/strong>, principal centro de formaci\u00f3n cinematogr\u00e1fica de California. Fue miembro del <strong>Taller Bigas Luna<\/strong>, para <strong>narradores audiovisuales, y ha participado en la Screenwriters<\/strong> Expo de Los \u00c1ngeles y otros foros de guionistas en Espa\u00f1a y Estados Unidos. Es profesora en el Grado de Comunicaci\u00f3n Audiovisual de la <strong>Universidad San Jorge de Zaragoza<\/strong>.<\/p>\n<p>En su labor como guionista y directora destacan sus dos largometrajes: <strong>De tu ventana a la m\u00eda (2011)<\/strong> y <strong>La novia (2015)<\/strong>; un documental: <strong>Relato de esperanza (2006)<\/strong>; y varios <strong>cortometrajes<\/strong>: Para hacer una historia en cinco minutos (2001), Saldr\u00eda a pasear todas las noches (2002), El rostro de Ido (2003), Fotos de familia (2004) y El hueco de Trist\u00e1n Boj (2008).<\/p>\n<hr>\n<figure id=\"attachment_379\" aria-describedby=\"caption-attachment-379\" style=\"width: 300px\" class=\"wp-caption alignnone\"><a href=\"\/_archivos\/imagenes\/2887.jpg\" target=\"_blank\" rel=\"noopener noreferrer\"><img decoding=\"async\" class=\"size-medium\" src=\"\/_archivos\/imagenes\/300\/2887.jpg\" alt=\"Paula Ortiz\" title=\"Paula Ortiz\" width=\"300\" height=\"auto\" \/><\/a><figcaption id=\"caption-attachment-379\" class=\"wp-caption-text\"><a href=\"\/_archivos\/imagenes\/2887.jpg\" target=\"_blank\" rel=\"noopener noreferrer\">Descargar imagen<\/a><\/figcaption><\/figure>\n","protected":false},"excerpt":{"rendered":"<p>El Paseo de las Estrellas de Cari\u00f1ena, una iniciativa de la Denominaci\u00f3n de Origen Protegida que emula el famoso bulevar hollywoodiense, sigue sumando celebridades. El pr\u00f3ximo viernes 22 de julio, a las 13 horas, plasmar\u00e1 sus manos en \u00e9l la directora de cine zaragozana Paula Ortiz, autora de las pel\u00edculas &#8220;De tu ventana a la &hellip;<\/p>\n","protected":false},"author":6,"featured_media":3908,"comment_status":"closed","ping_status":"closed","sticky":false,"template":"","format":"standard","meta":{"_genesis_hide_title":false,"_genesis_hide_breadcrumbs":false,"_genesis_hide_singular_image":false,"_genesis_hide_footer_widgets":false,"_genesis_custom_body_class":"","_genesis_custom_post_class":"","_genesis_layout":"","ngg_post_thumbnail":0,"footnotes":""},"categories":[1],"tags":[],"class_list":{"0":"post-3907","1":"post","2":"type-post","3":"status-publish","4":"format-standard","5":"has-post-thumbnail","7":"category-noticias","8":"entry"},"_links":{"self":[{"href":"https:\/\/elvinodelaspiedras.es\/en\/wp-json\/wp\/v2\/posts\/3907"}],"collection":[{"href":"https:\/\/elvinodelaspiedras.es\/en\/wp-json\/wp\/v2\/posts"}],"about":[{"href":"https:\/\/elvinodelaspiedras.es\/en\/wp-json\/wp\/v2\/types\/post"}],"author":[{"embeddable":true,"href":"https:\/\/elvinodelaspiedras.es\/en\/wp-json\/wp\/v2\/users\/6"}],"replies":[{"embeddable":true,"href":"https:\/\/elvinodelaspiedras.es\/en\/wp-json\/wp\/v2\/comments?post=3907"}],"version-history":[{"count":1,"href":"https:\/\/elvinodelaspiedras.es\/en\/wp-json\/wp\/v2\/posts\/3907\/revisions"}],"predecessor-version":[{"id":5946,"href":"https:\/\/elvinodelaspiedras.es\/en\/wp-json\/wp\/v2\/posts\/3907\/revisions\/5946"}],"wp:featuredmedia":[{"embeddable":true,"href":"https:\/\/elvinodelaspiedras.es\/en\/wp-json\/wp\/v2\/media\/3908"}],"wp:attachment":[{"href":"https:\/\/elvinodelaspiedras.es\/en\/wp-json\/wp\/v2\/media?parent=3907"}],"wp:term":[{"taxonomy":"category","embeddable":true,"href":"https:\/\/elvinodelaspiedras.es\/en\/wp-json\/wp\/v2\/categories?post=3907"},{"taxonomy":"post_tag","embeddable":true,"href":"https:\/\/elvinodelaspiedras.es\/en\/wp-json\/wp\/v2\/tags?post=3907"}],"curies":[{"name":"wp","href":"https:\/\/api.w.org\/{rel}","templated":true}]}}