{"id":3909,"date":"2016-07-22T00:00:00","date_gmt":"2016-07-22T00:00:00","guid":{"rendered":"http:\/\/elvinodelaspiedras.local\/paula-ortiz-es-un-honor-tener-una-estrella-en-un-paseo-de-la-fama-mas-bonito-todavia-que-el-de-hollywood\/"},"modified":"2020-11-13T12:29:32","modified_gmt":"2020-11-13T12:29:32","slug":"paula-ortiz-es-un-honor-tener-una-estrella-en-un-paseo-de-la-fama-mas-bonito-todavia-que-el-de-hollywood","status":"publish","type":"post","link":"https:\/\/elvinodelaspiedras.es\/en\/comunicacion\/noticias\/paula-ortiz-es-un-honor-tener-una-estrella-en-un-paseo-de-la-fama-mas-bonito-todavia-que-el-de-hollywood\/","title":{"rendered":"Paula Ortiz: \u201des un honor tener una estrella en un paseo de la fama m\u00e1s bonito todav\u00eda que el de hollywood\u201d"},"content":{"rendered":"<p>La guionista y directora de cine Paula Ortiz ha dejado para siempre una huella de sus manos en el <strong>Paseo de las Estrellas<\/strong> de Cari\u00f1ena, una iniciativa de la <strong>Denominaci\u00f3n de Origen Protegida<\/strong> que emula el famoso <strong>Paseo de la Fama hollywoodiense<\/strong>. Apenas pasaba la una de la tarde, en un d\u00eda de <strong>suave viento y agradable temperatura<\/strong>, cuando la cineasta se ha arrodillado ante la hoja de vid de cemento todav\u00eda blando con su nombre en letras brillantes y ha sumergido en \u00e9l sus manos ante el aplauso de los presentes.<\/p>\n<p>Ortiz ha recibido as\u00ed el mismo <strong>homenaje que ya tuvieron otros personajes<\/strong> destacados desde que en septiembre de 2014 se inaugur\u00f3 este peculiar bulevar de la fama: <strong>David Trueba, Gabino Diego y Miguel \u00c1ngel Lamata<\/strong>. La directora habr\u00eda sido quiz\u00e1 la primera en inaugurarlo pero su acto se retras\u00f3 finalmente por distintos motivos, sobre todo la realizaci\u00f3n y posterior repercusi\u00f3n de su segunda pel\u00edcula &#8220;La novia&#8221;.<\/p>\n<p>&#8220;Es un honor y una alegr\u00eda, <strong>imag\u00ednate que te regalen una estrella<\/strong> en un paseo que es m\u00e1s bonito que el de Hollywood y lo digo porque he estado all\u00ed y no es tan bonito como este&#8221;, ha declarado a los medios. &#8220;Es un regalo, un <strong>reconocimiento al trabajo<\/strong>, unir el cine con las estrellas en este caso con el vino, que todo forma parte del <strong>mundo de la fascinaci\u00f3n y del goce<\/strong>; la fiesta en s\u00ed de celebrar la pel\u00edcula con este regalo es todo un honor&#8221;.<\/p>\n<p>Antes de la imposici\u00f3n de manos, Paula Ortiz ha firmado en el <strong>Libro de Honor de la Denominaci\u00f3n<\/strong>, con un deseo: &#8220;\u00a1A por todas las pel\u00edculas y todas las estrellas!&#8221;. Tambi\u00e9n ha agradecido enormemente y ha bromeado sobre los <strong>regalos recibidos<\/strong> de manos del <strong>presidente de la Denominaci\u00f3n<\/strong>, <strong>Antonio Ubide<\/strong>. &#8220;Me han regalado un bol\u00edgrafo para escribir guiones y un reloj para que saque tiempo, creo que el mensaje subliminal es que no me duerma en los laureles&#8221;.<\/p>\n<p>Paula Ortiz ve muchas <strong>posibilidades cinematogr\u00e1ficas al territorio vitivin\u00edcola de Cari\u00f1ena<\/strong>. &#8220;En Arag\u00f3n, tenemos de los paisajes m\u00e1s hermosos, extremos y con m\u00e1s potencia est\u00e9tica de Espa\u00f1a, y una de esas zonas es esta de Cari\u00f1ena, que yo la conozco muy bien porque est\u00e1 de camino al pueblo de mi madre, <strong>Villahermosa del Campo<\/strong>. La homenajeada ha recordado que &#8220;<strong>Julio Medem<\/strong> la sac\u00f3 por ejemplo en <strong>Tierra<\/strong>&#8221; y ella no descarta en el futuro rodar tambi\u00e9n aqu\u00ed: &#8220;El color de la tierra y el mundo de los vi\u00f1edos que en <strong>otras cinematograf\u00edas<\/strong>, como la francesa o la americana, ha sido la atm\u00f3sfera y el mundo de muchas historias, en Espa\u00f1a sin embargo apenas lo hemos explotado y ah\u00ed esta. <strong>Yo tomo nota<\/strong>&#8220;.<\/p>\n<p><strong>ANTONIO UBIDE: &#8220;ES UN RECONOCIMIENTO A SU TRAYECTORIA Y A SU ORIGEN ARAGON\u00c9S&#8221;<\/strong><\/p>\n<p>Por su parte, el presidente de la Denominaci\u00f3n, <strong>Antonio Ubide<\/strong>, ha destacado que el acto de hoy &#8220;es un <strong>reconocimiento primero por su trayectoria<\/strong> y <strong>segundo porque es aragonesa<\/strong> y todav\u00eda m\u00e1s por ello hay que hacerlo&#8221;. En este sentido, ha subrayado la satisfacci\u00f3n de haber premiado recientemente a aragoneses destacados como Ortiz y Miguel \u00c1ngel Lamata &#8220;y a otros como David Trueba o Gabino Diego que no lo son pero se consideran de aqu\u00ed por las amistades y lazos que mantienen con nuestra Comunidad&#8221;. Adem\u00e1s, ha resaltado la proximidad de la localidad natal de la madre de Ortiz con la Denominaci\u00f3n de Origen Protegida Cari\u00f1ena.<\/p>\n<p>En el acto han estado presentes los miembros del <strong>pleno del Consejo Regulador<\/strong>; representantes de las<strong> bodegas<\/strong> que integran la D.O.P., y <strong>alcaldes de los municipios, <\/strong>entre ellos el anfitri\u00f3n<strong> Sergio Ortiz <\/strong>-presidente tambi\u00e9n de la<strong> Comarca Campo de Cari\u00f1ena<\/strong>-y<strong> \u00d3scar Lorente, <\/strong>alcalde de Cosuenda y presidente de <strong>FEDIVALCA. <\/strong>Paula Ortiz ha estado acompa\u00f1ada por <strong>sus padres<\/strong> y por su <strong>hijo <\/strong>de tan solo dos meses.<\/p>\n<p><strong>PAULA ORTIZ, BRILLANTE REVELACI\u00d3N DEL CINE ESPA\u00d1OL<\/strong><\/p>\n<p>La guionista y directora de cine Paula Ortiz <strong>naci\u00f3 en Zaragoza en 1979<\/strong>. Licenciada en <strong>Filolog\u00eda Hisp\u00e1nica por la Universidad de Zaragoza<\/strong> (2002) y <strong>m\u00e1ster en Escritura para Cine y TV<\/strong> de la <strong>Universidad Aut\u00f3noma de Barcelona<\/strong> (2003), disfrut\u00f3 de una <strong>beca FPU del Ministerio de Educaci\u00f3n (2004-2008)<\/strong>, trabajando como investigadora y profesora en el \u00e1rea de <strong>Estudios de Cine y otros Medios Audiovisuales<\/strong> del Departamento de Historia del Arte de la Universidad de Zaragoza. Fruto de este trabajo fue su <strong>tesis doctoral<\/strong>, titulada El gui\u00f3n cinematogr\u00e1fico: actualizaci\u00f3n de sus bases te\u00f3ricas y pr\u00e1cticas, dirigida por <strong>Agust\u00edn S\u00e1nchez Vidal<\/strong> y defendida el 31 de enero de 2011 en la Universidad de Zaragoza.<\/p>\n<p>Se form\u00f3 en direcci\u00f3n de cine en el <strong>Graduate Department of Film and Television<\/strong> de la <strong>Tisch School of the Arts de la Universidad de Nueva York (NYU)<\/strong> y complet\u00f3 sus estudios de guion en la <strong>UCLA, Los \u00c1ngeles<\/strong>, principal centro de formaci\u00f3n cinematogr\u00e1fica de California. Fue miembro del <strong>Taller Bigas Luna<\/strong>, para <strong>narradores audiovisuales, y ha participado en la Screenwriters<\/strong> Expo de Los \u00c1ngeles y otros foros de guionistas en Espa\u00f1a y Estados Unidos. Es profesora en el Grado de Comunicaci\u00f3n Audiovisual de la <strong>Universidad San Jorge de Zaragoza<\/strong>.<\/p>\n<p>En su labor como guionista y directora destacan sus dos largometrajes: <strong>De tu ventana a la m\u00eda (2011)<\/strong> y <strong>La novia (2015)<\/strong> -triunfadora en los <strong>Premios Feroz<\/strong> con seis galardones y nominada con 12 candidaturas a los <strong>Premios Goya<\/strong>, en los que obtuvo dos-; un <strong>documental:<\/strong> Relato de esperanza (2006); y <strong>varios cortometrajes<\/strong>: Para hacer una historia en cinco minutos (2001), Saldr\u00eda a pasear todas las noches (2002), El rostro de Ido (2003), Fotos de familia (2004) y El hueco de Trist\u00e1n Boj (2008).\u00a0 La novia se estrenar\u00e1 dentro dos semanas en <strong>Estados Unidos<\/strong>.<\/p>\n<hr>\n<figure id=\"attachment_380\" aria-describedby=\"caption-attachment-380\" style=\"width: 300px\" class=\"wp-caption alignnone\"><a href=\"\/_archivos\/imagenes\/2891.jpg\" target=\"_blank\" rel=\"noopener noreferrer\"><img decoding=\"async\" class=\"size-medium\" src=\"\/_archivos\/imagenes\/300\/2891.jpg\" alt=\"Paula Ortiz tras plasmar las manos en el Paseo de las Estrellas de Cari\u00f1ena\" title=\"Paula Ortiz tras plasmar las manos en el Paseo de las Estrellas de Cari\u00f1ena\" width=\"300\" height=\"auto\" \/><\/a><figcaption id=\"caption-attachment-380\" class=\"wp-caption-text\"><a href=\"\/_archivos\/imagenes\/2891.jpg\" target=\"_blank\" rel=\"noopener noreferrer\">Descargar imagen<\/a><\/figcaption><\/figure>\n","protected":false},"excerpt":{"rendered":"<p>La guionista y directora de cine Paula Ortiz ha dejado para siempre una huella de sus manos en el Paseo de las Estrellas de Cari\u00f1ena, una iniciativa de la Denominaci\u00f3n de Origen Protegida que emula el famoso Paseo de la Fama hollywoodiense. Apenas pasaba la una de la tarde, en un d\u00eda de suave viento &hellip;<\/p>\n","protected":false},"author":6,"featured_media":3910,"comment_status":"closed","ping_status":"closed","sticky":false,"template":"","format":"standard","meta":{"_genesis_hide_title":false,"_genesis_hide_breadcrumbs":false,"_genesis_hide_singular_image":false,"_genesis_hide_footer_widgets":false,"_genesis_custom_body_class":"","_genesis_custom_post_class":"","_genesis_layout":"","ngg_post_thumbnail":0,"footnotes":""},"categories":[1],"tags":[],"class_list":{"0":"post-3909","1":"post","2":"type-post","3":"status-publish","4":"format-standard","5":"has-post-thumbnail","7":"category-noticias","8":"entry"},"_links":{"self":[{"href":"https:\/\/elvinodelaspiedras.es\/en\/wp-json\/wp\/v2\/posts\/3909"}],"collection":[{"href":"https:\/\/elvinodelaspiedras.es\/en\/wp-json\/wp\/v2\/posts"}],"about":[{"href":"https:\/\/elvinodelaspiedras.es\/en\/wp-json\/wp\/v2\/types\/post"}],"author":[{"embeddable":true,"href":"https:\/\/elvinodelaspiedras.es\/en\/wp-json\/wp\/v2\/users\/6"}],"replies":[{"embeddable":true,"href":"https:\/\/elvinodelaspiedras.es\/en\/wp-json\/wp\/v2\/comments?post=3909"}],"version-history":[{"count":1,"href":"https:\/\/elvinodelaspiedras.es\/en\/wp-json\/wp\/v2\/posts\/3909\/revisions"}],"predecessor-version":[{"id":5945,"href":"https:\/\/elvinodelaspiedras.es\/en\/wp-json\/wp\/v2\/posts\/3909\/revisions\/5945"}],"wp:featuredmedia":[{"embeddable":true,"href":"https:\/\/elvinodelaspiedras.es\/en\/wp-json\/wp\/v2\/media\/3910"}],"wp:attachment":[{"href":"https:\/\/elvinodelaspiedras.es\/en\/wp-json\/wp\/v2\/media?parent=3909"}],"wp:term":[{"taxonomy":"category","embeddable":true,"href":"https:\/\/elvinodelaspiedras.es\/en\/wp-json\/wp\/v2\/categories?post=3909"},{"taxonomy":"post_tag","embeddable":true,"href":"https:\/\/elvinodelaspiedras.es\/en\/wp-json\/wp\/v2\/tags?post=3909"}],"curies":[{"name":"wp","href":"https:\/\/api.w.org\/{rel}","templated":true}]}}