{"id":3925,"date":"2016-09-18T00:00:00","date_gmt":"2016-09-18T00:00:00","guid":{"rendered":"http:\/\/elvinodelaspiedras.local\/finaliza-la-campana-descubre-las-sorpresas-del-vino-de-las-piedras-con-mas-de-1000-premios-repartidos-y-un-balance-muy-positivo\/"},"modified":"2020-11-13T12:29:32","modified_gmt":"2020-11-13T12:29:32","slug":"finaliza-la-campana-descubre-las-sorpresas-del-vino-de-las-piedras-con-mas-de-1000-premios-repartidos-y-un-balance-muy-positivo","status":"publish","type":"post","link":"https:\/\/elvinodelaspiedras.es\/en\/comunicacion\/noticias\/finaliza-la-campana-descubre-las-sorpresas-del-vino-de-las-piedras-con-mas-de-1000-premios-repartidos-y-un-balance-muy-positivo\/","title":{"rendered":"Finaliza la campa\u00f1a \u2018\u2018descubre las sorpresas del vino de las piedras\u2019\u2019 con m\u00e1s de 2.000 premios repartidos y un balance muy positivo"},"content":{"rendered":"<p>La Denominaci\u00f3n de Origen Protegida Cari\u00f1ena ha finalizado este domingo con una excelente acogida la campa\u00f1a \u2018\u2019Descubre las sorpresas de El Vino de las Piedras\u2019\u2019, realizada en colaboraci\u00f3n con la Asociaci\u00f3n de Restaurantes de la capital aragonesa (Horeca). En total, se han repartido m\u00e1s de 2.000 premios en 20 selectos restaurantes de Zaragoza durante dos fines de semana (del 9 al 11 y del 16 al 18 de septiembre). <\/p>\n<p>La mayor\u00eda del p\u00fablico escogi\u00f3 un caldo de Cari\u00f1ena para acompa\u00f1ar su comida o cena, llegando en algunos casos a estar presentes hasta en el 90 % o incluso el 100 % de las mesas ocupadas. Cada botella consumida de alguno de los 16 vinos participantes (11 tintos y 5 blancos) otorgaba a los clientes el derecho de elegir una tarjeta con un premio asegurado. <\/p>\n<p>As\u00ed, se han repartido decenas de sacacorchos y botellas de vino en bolsas o estuches, bater\u00edas externas Power Banks, 20 cenas para dos personas en los restaurantes de la promoci\u00f3n, 10 auriculares bluetooth est\u00e9reo, 10 cavas refrigeradoras para vino, un iPad de \u00faltima generaci\u00f3n, un cuadro de Pepe Cerd\u00e1 valorado en 1.000 euros y un crucero para dos personas. Estos tres premios principales iban acompa\u00f1ados adem\u00e1s de un vale por 1.000 euros en vino de la DOP Cari\u00f1ena para el restaurante que entregaba el premio. Tambi\u00e9n las cavas y auriculares inclu\u00edan una propina de 100 \u20ac euros para el camarero que hab\u00eda realizado el servicio.<\/p>\n<p><strong>ACTO DE ENTREGA DE PREMIOS EN EL GRAN HOTEL<\/strong><\/p>\n<p>Este martes d\u00eda 20 de septiembre a las 5 de la tarde se har\u00e1 entrega, en un acto en el Gran Hotel de Zaragoza, de los principales premios de la campa\u00f1a, como el viaje, el cuadro, el iPad o las cavas.<\/p>\n<p>En cada establecimiento, una embajadora del Vino de las Piedras era la encargada de explicar la promoci\u00f3n a los clientes, ofrecerles una degustaci\u00f3n gratuita de los vinos y asesorarles y resolver cualquier duda sobre los mismos. <\/p>\n<p>Los 20 restaurantes zaragozanos que han ayudado a &#8220;descubrir las sorpresas&#8221; de El Vino de las Piedras son: El Foro, La Rinconada de Lorenzo, El Chalet, La Parrilla de Albarrac\u00edn, +Albarrac\u00edn, Goralai, A Mesa Puesta, La Nueva Karambola, River Hall Gastro, Taberna Urola, La Ontina, Boliche, La Bodega de Chema, El Bandido, Novodabo, Las Palomas, Los Xarmientos, Caf\u00e9 de la Reina, Montal y La Cuna del Cierzo.<\/p>\n<p>La mayor\u00eda de los comensales que acudieron a estos establecimientos durante los dos fines de semana optaron por maridar su comida o cena con alguno de los caldos de la D.O.P. Cari\u00f1ena. Javier L\u00f3pez, propietario del restaurante Boliche, valoraba as\u00ed la campa\u00f1a: \u2018\u2019El balance ha sido muy positivo, no me esperaba tanta demanda. La aceptaci\u00f3n ha sido magn\u00edfica, \u00a0podemos hablar de que el 90% de la gente que ha pasado por aqu\u00ed ha consumido El Vino de las Piedras y adem\u00e1s ha repetido&#8221;.De igual forma, se expresaba Nacho Mach\u00edn, propietario de El Foro: &#8220;La promoci\u00f3n ha llegado de lleno al p\u00fablico, nosotros hemos notado un incremento en las reservas, de gente que adem\u00e1s nos indicaba expresamente su inter\u00e9s por la campa\u00f1a&#8221;. <\/p>\n<p>Fueron numerosos los establecimientos en donde en todas las mesas, en alg\u00fan momento de la campa\u00f1a, se consumieron una o varias botellas de las ocho \u00a0bodegas de la DOP Cari\u00f1ena que participaban en la promoci\u00f3n: Grandes Vinos, Bodegas Solar de Urbezo, Bodegas Esteban Mart\u00edn, Bodega Hacienda Molleda, Bodegas Paniza, Bodegas San Valero, Bodegas Ignacio Mar\u00edn y Bodegas Gabarda.<\/p>\n<p><strong>EXCELENTES VALORACIONES<\/strong><\/p>\n<p>El p\u00fablico acogi\u00f3 de forma muy positiva los modernos vinos llenos de matices de Cari\u00f1ena. \u00a0&#8220;Los aragoneses debemos sentirnos orgullosos de vinos como estos de Cari\u00f1ena, que en estos momentos pueden competir con cualquier otra Denominaci\u00f3n de Espa\u00f1a o de cualquier parte del mundo&#8221;, aseguraba Juan Luis Serrano, de Zaragoza, que eligi\u00f3 uno de los restaurantes participantes en la promoci\u00f3n para celebrar con su mujer el 39 aniversario de su boda. \u2018\u2019Hemos dicho &#8216;vamos a aprovechar la promoci\u00f3n y degustamos un Vino de las Piedras'&#8221;, a\u00f1ade.<\/p>\n<p>&#8220;Solemos consumir vinos de Cari\u00f1ena porque me gustan los productos de nuestra regi\u00f3n y pienso que los nuevos vinos de esta Denominaci\u00f3n tienen mucha calidad\u2019\u2019, afirmaba Mar\u00eda \u00c1ngeles Bret\u00f3n, que se decidi\u00f3 por un vino blanco en la comida del viernes. Pero El vino de las Piedras tambi\u00e9n convenci\u00f3 al p\u00fablico de fuera de Arag\u00f3n, como a Jes\u00fas Casanova: &#8220;Soy de Barcelona y all\u00ed hay mucha denominaciones, pero ya conoc\u00eda de antes los vinos de Cari\u00f1ena y esta campa\u00f1a me parece una buena forma de dar a conocer su gran calidad\u2019\u2019. <\/p>\n<p>El crucero fue el primero de los premios m\u00e1s valiosos en ser entregados, el domingo 11, en el restaurante La Rinconada de Lorenzo. Una familia andaluza que visitaba Zaragoza con motivo de una boda fue la afortunada y, de acuerdo con las bases de la promoci\u00f3n, canjear\u00e1n este viaje para dos personas por otro que puedan realizar los 9 comensales de la mesa en la que toc\u00f3 el premio. Mar\u00eda \u00c1ngeles Aranda, que eligi\u00f3 la tarjeta ganadora, se declara a partir de ahora incondicional de El Vino de los Piedras. &#8220;En mi casa ya no entra ninguna otra Denominaci\u00f3n m\u00e1s que la de Cari\u00f1ena&#8221;, comenta.<\/p>\n<p><strong>IPAD Y CUADRO DE CERD\u00c1, ESTE FIN DE SEMANA<\/strong><\/p>\n<p>El iPad y el cuadro de Pepe Cerd\u00e1 fueron entregados este viernes a clientes Zaragozanos. V\u00edctor Tejero y Cristina Escabosa, una joven pareja que sali\u00f3 a cenar a Boliche antes de ir al cine, fueron los afortunados ganadores del iPad. \u2018\u2018La verdad es que nos ha sorprendido mucho, venir a cenar y que te toque un iPad, es estupendo. El vino, muy rico, lo conoc\u00edamos y adem\u00e1s nos han explicado la promoci\u00f3n, as\u00ed es que no hemos dudado en elegirlo\u2019\u2019.<\/p>\n<p>El cuadro de Cerd\u00e1, valorado en 1000 euros, sali\u00f3 en la mesa de un grupo de amigos que se re\u00fane semanalmente para comer en el mismo restaurante, El Foro. &#8220;Ha sido totalmente espont\u00e1neo, ha venido la embajadora de Cari\u00f1ena, nos ha ense\u00f1ado el abanico de opciones de El Vino de las Piedras que ten\u00edamos por consumir y hemos elegido dos botellas, as\u00ed que ahora nos felicitamos todos doblemente, porque los vinos son muy buenos y encima nos ha tocado este regalo. La promoci\u00f3n la conoc\u00eda a trav\u00e9s del suplemento que se ha distribuido en prensa&#8221;, explica Pablo Pardo, que escogi\u00f3 la tarjeta ganadora.<\/p>\n<p>Uno de los aspectos m\u00e1s valorados por el p\u00fablico de la promoci\u00f3n &#8220;Descubre las sorpresas de El Vino de las Piedras&#8221; es la degustaci\u00f3n y el asesoramiento que en cada restaurante ofrec\u00eda una embajadora de la D.O.P. \u00c7ari\u00f1ena. Estas embajadoras han tenido una formaci\u00f3n espec\u00edfica de cara a la promoci\u00f3n. A las personas que finalmente eleg\u00edan El Vino de las Piedras para comer o cenar\u00a0 le ofrec\u00edan un abanico de tarjetas ganadoras para que escogieran una -por cada botella- y le entregaban el premio resultante en el acto, salvo los principales que se dar\u00e1n este martes 20 a las 17 horas en el Gran Hotel.<\/p>\n<hr>\n<figure id=\"attachment_388\" aria-describedby=\"caption-attachment-388\" style=\"width: 300px\" class=\"wp-caption alignnone\"><a href=\"\/_archivos\/imagenes\/2977.jpg\" target=\"_blank\" rel=\"noopener noreferrer\"><img decoding=\"async\" class=\"size-medium\" src=\"\/_archivos\/imagenes\/300\/2977.jpg\" alt=\"DSC_0201\" title=\"DSC_0201\" width=\"300\" height=\"auto\" \/><\/a><figcaption id=\"caption-attachment-388\" class=\"wp-caption-text\"><a href=\"\/_archivos\/imagenes\/2977.jpg\" target=\"_blank\" rel=\"noopener noreferrer\">Descargar imagen<\/a><\/figcaption><\/figure>\n<figure id=\"attachment_388\" aria-describedby=\"caption-attachment-388\" style=\"width: 300px\" class=\"wp-caption alignnone\"><a href=\"\/_archivos\/imagenes\/2978.jpg\" target=\"_blank\" rel=\"noopener noreferrer\"><img decoding=\"async\" class=\"size-medium\" src=\"\/_archivos\/imagenes\/300\/2978.jpg\" alt=\"DSC_0136\" title=\"DSC_0136\" width=\"300\" height=\"auto\" \/><\/a><figcaption id=\"caption-attachment-388\" class=\"wp-caption-text\"><a href=\"\/_archivos\/imagenes\/2978.jpg\" target=\"_blank\" rel=\"noopener noreferrer\">Descargar imagen<\/a><\/figcaption><\/figure>\n<figure id=\"attachment_388\" aria-describedby=\"caption-attachment-388\" style=\"width: 300px\" class=\"wp-caption alignnone\"><a href=\"\/_archivos\/imagenes\/2979.jpg\" target=\"_blank\" rel=\"noopener noreferrer\"><img decoding=\"async\" class=\"size-medium\" src=\"\/_archivos\/imagenes\/300\/2979.jpg\" alt=\"DSC_0087\" title=\"DSC_0087\" width=\"300\" height=\"auto\" \/><\/a><figcaption id=\"caption-attachment-388\" class=\"wp-caption-text\"><a href=\"\/_archivos\/imagenes\/2979.jpg\" target=\"_blank\" rel=\"noopener noreferrer\">Descargar imagen<\/a><\/figcaption><\/figure>\n<figure id=\"attachment_388\" aria-describedby=\"caption-attachment-388\" style=\"width: 300px\" class=\"wp-caption alignnone\"><a href=\"\/_archivos\/imagenes\/2980.jpg\" target=\"_blank\" rel=\"noopener noreferrer\"><img decoding=\"async\" class=\"size-medium\" src=\"\/_archivos\/imagenes\/300\/2980.jpg\" alt=\"DSC_0259\" title=\"DSC_0259\" width=\"300\" height=\"auto\" \/><\/a><figcaption id=\"caption-attachment-388\" class=\"wp-caption-text\"><a href=\"\/_archivos\/imagenes\/2980.jpg\" target=\"_blank\" rel=\"noopener noreferrer\">Descargar imagen<\/a><\/figcaption><\/figure>\n<figure id=\"attachment_388\" aria-describedby=\"caption-attachment-388\" style=\"width: 300px\" class=\"wp-caption alignnone\"><a href=\"\/_archivos\/imagenes\/2981.jpg\" target=\"_blank\" rel=\"noopener noreferrer\"><img decoding=\"async\" class=\"size-medium\" src=\"\/_archivos\/imagenes\/300\/2981.jpg\" alt=\"DSC_0251\" title=\"DSC_0251\" width=\"300\" height=\"auto\" \/><\/a><figcaption id=\"caption-attachment-388\" class=\"wp-caption-text\"><a href=\"\/_archivos\/imagenes\/2981.jpg\" target=\"_blank\" rel=\"noopener noreferrer\">Descargar imagen<\/a><\/figcaption><\/figure>\n<figure id=\"attachment_388\" aria-describedby=\"caption-attachment-388\" style=\"width: 300px\" class=\"wp-caption alignnone\"><a href=\"\/_archivos\/imagenes\/2982.jpg\" target=\"_blank\" rel=\"noopener noreferrer\"><img decoding=\"async\" class=\"size-medium\" src=\"\/_archivos\/imagenes\/300\/2982.jpg\" alt=\"DSC_0085\" title=\"DSC_0085\" width=\"300\" height=\"auto\" \/><\/a><figcaption id=\"caption-attachment-388\" class=\"wp-caption-text\"><a href=\"\/_archivos\/imagenes\/2982.jpg\" target=\"_blank\" rel=\"noopener noreferrer\">Descargar imagen<\/a><\/figcaption><\/figure>    \t<\/p>\n","protected":false},"excerpt":{"rendered":"<p>La Denominaci\u00f3n de Origen Protegida Cari\u00f1ena ha finalizado este domingo con una excelente acogida la campa\u00f1a \u2018\u2019Descubre las sorpresas de El Vino de las Piedras\u2019\u2019, realizada en colaboraci\u00f3n con la Asociaci\u00f3n de Restaurantes de la capital aragonesa (Horeca). En total, se han repartido m\u00e1s de 2.000 premios en 20 selectos restaurantes de Zaragoza durante dos &hellip;<\/p>\n","protected":false},"author":6,"featured_media":3926,"comment_status":"closed","ping_status":"closed","sticky":false,"template":"","format":"standard","meta":{"_genesis_hide_title":false,"_genesis_hide_breadcrumbs":false,"_genesis_hide_singular_image":false,"_genesis_hide_footer_widgets":false,"_genesis_custom_body_class":"","_genesis_custom_post_class":"","_genesis_layout":"","ngg_post_thumbnail":0,"footnotes":""},"categories":[1],"tags":[],"class_list":{"0":"post-3925","1":"post","2":"type-post","3":"status-publish","4":"format-standard","5":"has-post-thumbnail","7":"category-noticias","8":"entry"},"_links":{"self":[{"href":"https:\/\/elvinodelaspiedras.es\/en\/wp-json\/wp\/v2\/posts\/3925"}],"collection":[{"href":"https:\/\/elvinodelaspiedras.es\/en\/wp-json\/wp\/v2\/posts"}],"about":[{"href":"https:\/\/elvinodelaspiedras.es\/en\/wp-json\/wp\/v2\/types\/post"}],"author":[{"embeddable":true,"href":"https:\/\/elvinodelaspiedras.es\/en\/wp-json\/wp\/v2\/users\/6"}],"replies":[{"embeddable":true,"href":"https:\/\/elvinodelaspiedras.es\/en\/wp-json\/wp\/v2\/comments?post=3925"}],"version-history":[{"count":1,"href":"https:\/\/elvinodelaspiedras.es\/en\/wp-json\/wp\/v2\/posts\/3925\/revisions"}],"predecessor-version":[{"id":5937,"href":"https:\/\/elvinodelaspiedras.es\/en\/wp-json\/wp\/v2\/posts\/3925\/revisions\/5937"}],"wp:featuredmedia":[{"embeddable":true,"href":"https:\/\/elvinodelaspiedras.es\/en\/wp-json\/wp\/v2\/media\/3926"}],"wp:attachment":[{"href":"https:\/\/elvinodelaspiedras.es\/en\/wp-json\/wp\/v2\/media?parent=3925"}],"wp:term":[{"taxonomy":"category","embeddable":true,"href":"https:\/\/elvinodelaspiedras.es\/en\/wp-json\/wp\/v2\/categories?post=3925"},{"taxonomy":"post_tag","embeddable":true,"href":"https:\/\/elvinodelaspiedras.es\/en\/wp-json\/wp\/v2\/tags?post=3925"}],"curies":[{"name":"wp","href":"https:\/\/api.w.org\/{rel}","templated":true}]}}