{"id":3947,"date":"2016-11-24T00:00:00","date_gmt":"2016-11-24T00:00:00","guid":{"rendered":"http:\/\/elvinodelaspiedras.local\/solar-de-urbezo-recibe-el-premio-a-la-mejor-bodega-de-aragon-en-los-galardones-con-mucho-gusto-2016-que-otorga-heraldo-de-aragon\/"},"modified":"2020-11-13T12:29:31","modified_gmt":"2020-11-13T12:29:31","slug":"solar-de-urbezo-recibe-el-premio-a-la-mejor-bodega-de-aragon-en-los-galardones-con-mucho-gusto-2016-que-otorga-heraldo-de-aragon","status":"publish","type":"post","link":"https:\/\/elvinodelaspiedras.es\/en\/comunicacion\/noticias\/solar-de-urbezo-recibe-el-premio-a-la-mejor-bodega-de-aragon-en-los-galardones-con-mucho-gusto-2016-que-otorga-heraldo-de-aragon\/","title":{"rendered":"Solar de Urbezo recibe el premio a la mejor bodega de Arag\u00f3n en los galardones \u201ccon mucho gusto\u201d 2016 que otorga Heraldo de Arag\u00f3n"},"content":{"rendered":"<p><strong>Bodegas Solar de Urbezo<\/strong>, de la <strong>Denominaci\u00f3n de Origen Protegida Cari\u00f1ena<\/strong>, recibi\u00f3 anoche el galard\u00f3n a la <strong>Mejor Bodega de Arag\u00f3n 2016<\/strong> en la segunda edici\u00f3n de los <strong>Premios &#8220;Con Mucho Gusto CMG&#8221;<\/strong> que organiza Heraldo de Arag\u00f3n. Con esta distinci\u00f3n se ha valorado la <strong>trayectoria profesional<\/strong> de la bodega desarrollada en sus <strong>22 a\u00f1os de historia<\/strong>. Los <strong>Premios CMG<\/strong> reconocen y estimulan la riqueza agroalimentaria y la excelencia gastron\u00f3mica de la Comunidad Aut\u00f3noma de Arag\u00f3n.<\/p>\n<p>El <strong>diario aragon\u00e9s<\/strong> ha resaltado al conceder este galard\u00f3n con el nombre de su <strong>reconocido suplemento gastron\u00f3mico<\/strong> que Solar de Urbezo es &#8220;una empresa familiar que destaca por poner en el mercado <strong>productos muy honestos<\/strong> a partir de unas <strong>vi\u00f1as cultivadas con mimo<\/strong> y que desde el a\u00f1o pasado llevan el <strong>marchamo de ecol\u00f3gicos<\/strong>&#8220;. Para Heraldo, &#8220;es una de las <strong>bodegas de la D.O.P. Cari\u00f1ena<\/strong> que han estado en la <strong>punta de lanza de modernizaci\u00f3n <\/strong>de los vinos de esta zona aragonesa&#8221;.<\/p>\n<p><strong>Santiago Gracia Ysiegas, propietario fundador<\/strong> de la bodega, fue el encargado de recibir la distinci\u00f3n durante el acto que se celebr\u00f3 en el <strong>Hotel Reina Petronila de Zaragoza,<\/strong> en el que estuvo acompa\u00f1ado por el <strong>presidente de la D.O.P. Cari\u00f1ena, Antonio Ubide<\/strong>. &#8220;La concesi\u00f3n de este premio es para m\u00ed un orgullo que llevar\u00e9 <strong>siempre como se\u00f1a de identidad<\/strong> a lo largo de mi carrera profesional y, desde luego, estar\u00e1 <strong>siempre en mi coraz\u00f3n<\/strong>&#8220;, declar\u00f3 tras recoger el galard\u00f3n de manos de <strong>Mikel Iturbe<\/strong>, <strong>director de Heraldo de Arag\u00f3n<\/strong>.<\/p>\n<p>&#8220;En <strong>Solar de Urbezo hemos querido dignificar el medio natural<\/strong> en el que viven las vi\u00f1as con una <strong>viticultura sostenible<\/strong> que proteja el medio ambiente; nuestro microclima -creado por la proximidad de la Sierra de Algair\u00e9n-, la composici\u00f3n y estructura de los suelos, y el <strong>cultivo ecol\u00f3gico crean una calidad especial en nuestros vinos<\/strong>&#8220;, ha explicado Gracia Ysiegas durante su intervenci\u00f3n. En sus palabras de agradecimiento el propietario fundador ha comparado el Campo de Cari\u00f1ena con un <strong>cofre lleno de tesoros<\/strong> en el que se unen el mundo vitivin\u00edcola con el arte mud\u00e9jar, las pinturas de Goya o las presas romanas. El responsable de la bodega tambi\u00e9n ha querido recordar que su familia (Gracia-Campillo) <strong>lleva cultivando las vi\u00f1as del paraje Urbezo de Cari\u00f1ena desde el siglo XIX. <\/strong><\/p>\n<p><strong>UN A\u00d1O CARGADO DE RECONOCIMIENTOS PARA LOS VINOS DE LAS PIEDRAS<\/strong><\/p>\n<p>Este \u00faltimo reconocimiento para una de las bodegas que forman la D.O.P. Cari\u00f1ena se suma a los <strong>m\u00faltiples premios otorgados<\/strong> a lo largo de 2016 a los <strong>Vinos de las Piedras<\/strong>. En el prestigioso <strong>Concurso Mundial de Bruselas<\/strong>, celebrado del 29 de abril al 1 de mayo en la ciudad b\u00falgara de Plovdiv, \u00a0<strong>los vinos de la Denominaci\u00f3n obtuvieron 11 melladas<\/strong> (4 de oro y 7 de plata) en un concurso en el que se presentan 8.700 caldos de medio centenar de pa\u00edses. La D.O.P. Cari\u00f1ena fue la denominaci\u00f3n aragonesa m\u00e1s premiada.<\/p>\n<p>Destacados fueron tambi\u00e9n los resultados obtenidos en el <strong>IV Concurso Internacional Garnachas del Mundo<\/strong>, celebrado en febrero, donde los Vinos de las Piedras <strong>obtuvieron 12 medallas de oro, dos de plata y una de bronce<\/strong>. Y en los prestigiosos <strong>Chardonnay du Monde 2016 el vino Urbezo Chardonnay -de Solar de Urbezo- obtuvo en marzo la Medalla de Oro<\/strong>, en la categor\u00eda de vino ecol\u00f3gico. En anteriores ediciones de este concurso ya hab\u00eda logrado medallas de plata y bronce.<\/p>\n<p><strong>BODEGAS SOLAR DE URBEZO<\/strong><\/p>\n<p>En 1995, recogiendo la antigua tradici\u00f3n familiar, Santiago Gracia Ysiegas funda en Cari\u00f1ena Bodegas <strong>Solar de Urbezo, con la vocaci\u00f3n de elaborar vinos procedentes de las uvas de los vi\u00f1edos que la familia Gracia-Campillo<\/strong> posee en esta localidad. El nombre de la bodega tiene su origen en el apellido de un gran pintor aragon\u00e9s, Antonio Urbezo, nacido en Cari\u00f1ena y que desarroll\u00f3 su carrera art\u00edstica en Bilbao. Santiago Gracia eligi\u00f3 esta denominaci\u00f3n para su bodega y vinos, como reconocimiento a su obra y al gran cari\u00f1o que le un\u00eda a toda su familia y a la tierra de Cari\u00f1ena.<\/p>\n<p>La <strong>apuesta por el arte y la cultura en general<\/strong> es otra se\u00f1a de identidad de esta bodega familiar. En la pinacoteca de Solar de Urbezo se pueden admirar las diferentes pinturas de artistas contempor\u00e1neos que se utilizan en las <strong>etiquetas de los vinos<\/strong> Urbezo, as\u00ed como alguna obra de Antonio Urbezo, incluyendo un retrato realizado en 1912 de Manuela Ysiegas, madre de Santiago. <strong>Solar de Urbezo cultiva con cari\u00f1o y esmero las 100 hect\u00e1reas de vi\u00f1edo de su propiedad<\/strong>, para conseguir uvas sanas que concentren aromas, color y estructura.<\/p>\n<p>Las tradicionales vi\u00f1as de uva <strong>Garnacha,<\/strong> con mas de 60 a\u00f1os, <strong>Tempranillo y Cari\u00f1ena,<\/strong> y las nobles y for\u00e1neas <strong>Syrah, Cabernet-Sauvignon, Merlot y Chardonnay<\/strong> conforman un amplio abanico de variedades de las que nacen junto al microclima y terroir, vinos con ensamblajes complejos y equilibrados y varietales con personalidad.<\/p>\n<p>Bodegas Solar de Urbezo comercializa en la actualidad los siguientes vinos: <strong>Urbezo Chardonnay 2015 Ecol\u00f3gico; Urbezo Rosado Merlot Ecol\u00f3gico 2015; Vi\u00f1a Urbezo Ecol\u00f3gico 2015; Dance del Mar 2014; Urbezo Garnacha\u00a02015 Ecol\u00f3gico; Urbezo Garnacha 2014; Urbezo Crianza 2012; Urbezo Vendimia Seleccionada 2010 y Urbezo Reserva 2008<\/strong>.<\/p>\n<hr>\n<figure id=\"attachment_400\" aria-describedby=\"caption-attachment-400\" style=\"width: 300px\" class=\"wp-caption alignnone\"><a href=\"\/_archivos\/imagenes\/3001.jpg\" target=\"_blank\" rel=\"noopener noreferrer\"><img decoding=\"async\" class=\"size-medium\" src=\"\/_archivos\/imagenes\/300\/3001.jpg\" alt=\"01 El director de Heraldo de Arag\u00f3n, Mikel Iturbe, entreg\u00f3 el Premio CMG a Santiago Gracia, propieta\" title=\"01 El director de Heraldo de Arag\u00f3n, Mikel Iturbe, entreg\u00f3 el Premio CMG a Santiago Gracia, propieta\" width=\"300\" height=\"auto\" \/><\/a><figcaption id=\"caption-attachment-400\" class=\"wp-caption-text\"><a href=\"\/_archivos\/imagenes\/3001.jpg\" target=\"_blank\" rel=\"noopener noreferrer\">Descargar imagen<\/a><\/figcaption><\/figure>\n<figure id=\"attachment_400\" aria-describedby=\"caption-attachment-400\" style=\"width: 300px\" class=\"wp-caption alignnone\"><a href=\"\/_archivos\/imagenes\/3002.jpg\" target=\"_blank\" rel=\"noopener noreferrer\"><img decoding=\"async\" class=\"size-medium\" src=\"\/_archivos\/imagenes\/300\/3002.jpg\" alt=\"02 Antonio Ubide (presidente DOP Cari\u00f1ena) y Santiago Gracia (propietario Solar de Urbezo)\" title=\"02 Antonio Ubide (presidente DOP Cari\u00f1ena) y Santiago Gracia (propietario Solar de Urbezo)\" width=\"300\" height=\"auto\" \/><\/a><figcaption id=\"caption-attachment-400\" class=\"wp-caption-text\"><a href=\"\/_archivos\/imagenes\/3002.jpg\" target=\"_blank\" rel=\"noopener noreferrer\">Descargar imagen<\/a><\/figcaption><\/figure>\n<figure id=\"attachment_400\" aria-describedby=\"caption-attachment-400\" style=\"width: 300px\" class=\"wp-caption alignnone\"><a href=\"\/_archivos\/imagenes\/3003.jpg\" target=\"_blank\" rel=\"noopener noreferrer\"><img decoding=\"async\" class=\"size-medium\" src=\"\/_archivos\/imagenes\/300\/3003.jpg\" alt=\"03 Santiago Gracia con su familia y trabajadores de Bodegas Solar de Urbezo\" title=\"03 Santiago Gracia con su familia y trabajadores de Bodegas Solar de Urbezo\" width=\"300\" height=\"auto\" \/><\/a><figcaption id=\"caption-attachment-400\" class=\"wp-caption-text\"><a href=\"\/_archivos\/imagenes\/3003.jpg\" target=\"_blank\" rel=\"noopener noreferrer\">Descargar imagen<\/a><\/figcaption><\/figure>    \t<\/p>\n","protected":false},"excerpt":{"rendered":"<p>Bodegas Solar de Urbezo, de la Denominaci\u00f3n de Origen Protegida Cari\u00f1ena, recibi\u00f3 anoche el galard\u00f3n a la Mejor Bodega de Arag\u00f3n 2016 en la segunda edici\u00f3n de los Premios &#8220;Con Mucho Gusto CMG&#8221; que organiza Heraldo de Arag\u00f3n. Con esta distinci\u00f3n se ha valorado la trayectoria profesional de la bodega desarrollada en sus 22 a\u00f1os &hellip;<\/p>\n","protected":false},"author":6,"featured_media":3948,"comment_status":"closed","ping_status":"closed","sticky":false,"template":"","format":"standard","meta":{"_genesis_hide_title":false,"_genesis_hide_breadcrumbs":false,"_genesis_hide_singular_image":false,"_genesis_hide_footer_widgets":false,"_genesis_custom_body_class":"","_genesis_custom_post_class":"","_genesis_layout":"","ngg_post_thumbnail":0,"footnotes":""},"categories":[1],"tags":[],"class_list":{"0":"post-3947","1":"post","2":"type-post","3":"status-publish","4":"format-standard","5":"has-post-thumbnail","7":"category-noticias","8":"entry"},"_links":{"self":[{"href":"https:\/\/elvinodelaspiedras.es\/en\/wp-json\/wp\/v2\/posts\/3947"}],"collection":[{"href":"https:\/\/elvinodelaspiedras.es\/en\/wp-json\/wp\/v2\/posts"}],"about":[{"href":"https:\/\/elvinodelaspiedras.es\/en\/wp-json\/wp\/v2\/types\/post"}],"author":[{"embeddable":true,"href":"https:\/\/elvinodelaspiedras.es\/en\/wp-json\/wp\/v2\/users\/6"}],"replies":[{"embeddable":true,"href":"https:\/\/elvinodelaspiedras.es\/en\/wp-json\/wp\/v2\/comments?post=3947"}],"version-history":[{"count":1,"href":"https:\/\/elvinodelaspiedras.es\/en\/wp-json\/wp\/v2\/posts\/3947\/revisions"}],"predecessor-version":[{"id":5924,"href":"https:\/\/elvinodelaspiedras.es\/en\/wp-json\/wp\/v2\/posts\/3947\/revisions\/5924"}],"wp:featuredmedia":[{"embeddable":true,"href":"https:\/\/elvinodelaspiedras.es\/en\/wp-json\/wp\/v2\/media\/3948"}],"wp:attachment":[{"href":"https:\/\/elvinodelaspiedras.es\/en\/wp-json\/wp\/v2\/media?parent=3947"}],"wp:term":[{"taxonomy":"category","embeddable":true,"href":"https:\/\/elvinodelaspiedras.es\/en\/wp-json\/wp\/v2\/categories?post=3947"},{"taxonomy":"post_tag","embeddable":true,"href":"https:\/\/elvinodelaspiedras.es\/en\/wp-json\/wp\/v2\/tags?post=3947"}],"curies":[{"name":"wp","href":"https:\/\/api.w.org\/{rel}","templated":true}]}}