{"id":3954,"date":"2016-12-01T00:00:00","date_gmt":"2016-12-01T00:00:00","guid":{"rendered":"http:\/\/elvinodelaspiedras.local\/la-virgen-del-pilar-de-zaragoza-luce-por-primera-vez-el-manto-donado-por-la-dop-carinena\/"},"modified":"2020-11-13T12:29:31","modified_gmt":"2020-11-13T12:29:31","slug":"la-virgen-del-pilar-de-zaragoza-luce-por-primera-vez-el-manto-donado-por-la-dop-carinena","status":"publish","type":"post","link":"https:\/\/elvinodelaspiedras.es\/en\/comunicacion\/noticias\/la-virgen-del-pilar-de-zaragoza-luce-por-primera-vez-el-manto-donado-por-la-dop-carinena\/","title":{"rendered":"La Virgen del Pilar de Zaragoza luce por primera vez el manto donado por la D.O.P. Cari\u00f1ena"},"content":{"rendered":"<p><strong>Antonio Ubide<\/strong>, presidente de la <strong>D.O.P. Cari\u00f1ena<\/strong>, \u00a0ha entregado esta tarde al <strong>Cabildo de Bas\u00edlica del Pilar<\/strong> un manto de color rosa-lila con el logotipo de la <strong>Denominaci\u00f3n de Origen Protegida Cari\u00f1ena<\/strong> bordado con hilo de oro y plata. \u201cCuando se cumple el Cincuentenario de nuestra <strong>Fiesta de la Vendimia<\/strong>, los pueblos y gentes de la <strong>Denominaci\u00f3n de Origen Protegida Cari\u00f1ena<\/strong> venimos hasta tu Santa Capilla para ofrecerte humildemente el manto confeccionado para la ocasi\u00f3n, en el que hemos puesto <strong>todo nuestro cari\u00f1o<\/strong> y con el que esperamos sientas el <strong>abrazo de nuestra gran familia<\/strong>\u201d, ha declarado Ubide en el momento de la donaci\u00f3n.<\/p>\n<p>De esta forma, Cari\u00f1ena se ha convertido en la <strong>primera D.O.<\/strong> de Espa\u00f1a en realizar esta ofrenda a la Patrona de la Hispanidad. El Consejo Regulador ha solicitado al Cabildo Metropolitano de Zaragoza que la Virgen del Pilar luzca la confecci\u00f3n cada <strong>13 de septiembre<\/strong>, &#8220;v\u00edspera del d\u00eda grande de la Fiesta de la Vendimia, en la que ofrendamos a nuestro venerado Santo Cristo de Santiago la primicia del primer mosto de nuestros vi\u00f1edos&#8221;, como ha destacado Ubide en su intervenci\u00f3n.<\/p>\n<p>La Patrona de la Hispanidad tambi\u00e9n podr\u00eda vestir el manto el <strong>tercer domingo de Adviento<\/strong> (en diciembre) y el <strong>cuarto de Cuaresma<\/strong> (en marzo o abril). dos fechas en las que la Virgen luce una confecci\u00f3n de color rosado. La elecci\u00f3n depender\u00e1 del n\u00famero de piezas que se dispongan en la Bas\u00edlica de esa tonalidad, entre las 700 que ya tiene en la actualidad. <\/p>\n<p>El <strong>capell\u00e1n de la Bas\u00edlica<\/strong> ha agradecido la ofrenda, y tras bendecir el manto, lo ha colocado sobre la <strong>venerada Columna<\/strong>. En su intervenci\u00f3n, ha destacado la capacidad de uni\u00f3n y la labor diaria de los viticultores y bodegas de la Denominaci\u00f3n. El representante del Cabildo ha asegurado que el manto que ha ofrecido la <strong>D.O.P. Cari\u00f1ena<\/strong> servir\u00e1 para estar m\u00e1s cerca de la Virgen del Pilar.<\/p>\n<p><strong>NUTRIDA REPRESENTACI\u00d3N DE LA ZONA EN EL ACTO<\/strong><\/p>\n<p>Al acto han asistido todos los miembros que componen el <strong>pleno del Consejo Regulador,<\/strong> representantes de<strong> sus 34 bodegas<\/strong> y <strong>de los 14 ayuntamientos<\/strong> que integran la Denominaci\u00f3n junto con vecinos de la zona. Tras la entrega oficial, los asistentes han cantado la tradicional \u201cBendita y Alabada\u201d.<\/p>\n<p>El manto ha sido bordado por <strong>Olga Velilla<\/strong>, propietaria del comercio zaragozano <strong>\u201cBordados Olga\u201d<\/strong>. Velilla cuenta con una dilatada experiencia confeccionando mantones para la Patrona de la Hispanidad, con el realizado para la D.O.P. suma un <strong>total de 64<\/strong>. \u201cHe bordado muchos mantos a lo largo de mis <strong>37 a\u00f1os de experiencia<\/strong>, pero este me ha hecho mucha ilusi\u00f3n porque es para nuestra tierra y para el vino\u201d, ha asegurado. <\/p>\n<p>El manto donado por la D.O.P. Cari\u00f1ena se ha bordado con <strong>hilo de oro y plata<\/strong> sobre un <strong>brocada en un tono lila rosado<\/strong> que, seg\u00fan la modista, \u00a0\u201crecuerda a los <strong>colores del vino<\/strong>\u201d. \u00a0Las pasamaner\u00edas, flecos, ramajes y grecas se han realizado con hilos dorados. En el reverso de la pieza se pude leer el siguiente recuerdo: \u201cA la Sant\u00edsima Virgen del Pilar, la Denominaci\u00f3n de Origen Protegida Cari\u00f1ena en el <strong>50 aniversario de su Fiesta de la Vendimia<\/strong> y declaraci\u00f3n de <strong>inter\u00e9s tur\u00edstico de Arag\u00f3n<\/strong> de la misma\u201d.<\/p>\n<p>La confecci\u00f3n y donaci\u00f3n de la pieza a la Virgen de la Pilar se dio a conocer precisamente durante la pasada <strong>Fiesta de la Vendimia, celebrada el pasado 25 de septiembre. <\/strong>Visitantes y vecinos de Cari\u00f1ena y de los otros municipios pudieron contemplar ese d\u00eda el manto, que permaneci\u00f3 expuesto en la sede del Consejo Regulador. \u201cLa <strong>Virgen del Pilar<\/strong> es, adem\u00e1s de <strong>la patrona de Arag\u00f3n y de la Hispanidad<\/strong>, un s\u00edmbolo de uni\u00f3n y respeto para todos\u201d, destac\u00f3 Ubide al anunciar en el acto institucional de la Fiesta de la Vendimia la iniciativa, que fue acogida con <strong>grandes aplausos<\/strong>. <\/p>\n<hr>\n<figure id=\"attachment_404\" aria-describedby=\"caption-attachment-404\" style=\"width: 300px\" class=\"wp-caption alignnone\"><a href=\"\/_archivos\/imagenes\/3010.jpg\" target=\"_blank\" rel=\"noopener noreferrer\"><img decoding=\"async\" class=\"size-medium\" src=\"\/_archivos\/imagenes\/300\/3010.jpg\" alt=\"_I4G0351recorte\" title=\"_I4G0351recorte\" width=\"300\" height=\"auto\" \/><\/a><figcaption id=\"caption-attachment-404\" class=\"wp-caption-text\"><a href=\"\/_archivos\/imagenes\/3010.jpg\" target=\"_blank\" rel=\"noopener noreferrer\">Descargar imagen<\/a><\/figcaption><\/figure>\n<figure id=\"attachment_404\" aria-describedby=\"caption-attachment-404\" style=\"width: 300px\" class=\"wp-caption alignnone\"><a href=\"\/_archivos\/imagenes\/3011.jpg\" target=\"_blank\" rel=\"noopener noreferrer\"><img decoding=\"async\" class=\"size-medium\" src=\"\/_archivos\/imagenes\/300\/3011.jpg\" alt=\"_I4G0368SA\" title=\"_I4G0368SA\" width=\"300\" height=\"auto\" \/><\/a><figcaption id=\"caption-attachment-404\" class=\"wp-caption-text\"><a href=\"\/_archivos\/imagenes\/3011.jpg\" target=\"_blank\" rel=\"noopener noreferrer\">Descargar imagen<\/a><\/figcaption><\/figure>\n<figure id=\"attachment_404\" aria-describedby=\"caption-attachment-404\" style=\"width: 300px\" class=\"wp-caption alignnone\"><a href=\"\/_archivos\/imagenes\/3012.jpg\" target=\"_blank\" rel=\"noopener noreferrer\"><img decoding=\"async\" class=\"size-medium\" src=\"\/_archivos\/imagenes\/300\/3012.jpg\" alt=\"_I4G0396\" title=\"_I4G0396\" width=\"300\" height=\"auto\" \/><\/a><figcaption id=\"caption-attachment-404\" class=\"wp-caption-text\"><a href=\"\/_archivos\/imagenes\/3012.jpg\" target=\"_blank\" rel=\"noopener noreferrer\">Descargar imagen<\/a><\/figcaption><\/figure>\n<figure id=\"attachment_404\" aria-describedby=\"caption-attachment-404\" style=\"width: 300px\" class=\"wp-caption alignnone\"><a href=\"\/_archivos\/imagenes\/3014.jpg\" target=\"_blank\" rel=\"noopener noreferrer\"><img decoding=\"async\" class=\"size-medium\" src=\"\/_archivos\/imagenes\/300\/3014.jpg\" alt=\"_I4G0351recorte2\" title=\"_I4G0351recorte2\" width=\"300\" height=\"auto\" \/><\/a><figcaption id=\"caption-attachment-404\" class=\"wp-caption-text\"><a href=\"\/_archivos\/imagenes\/3014.jpg\" target=\"_blank\" rel=\"noopener noreferrer\">Descargar imagen<\/a><\/figcaption><\/figure>    \t<\/p>\n","protected":false},"excerpt":{"rendered":"<p>Antonio Ubide, presidente de la D.O.P. Cari\u00f1ena, \u00a0ha entregado esta tarde al Cabildo de Bas\u00edlica del Pilar un manto de color rosa-lila con el logotipo de la Denominaci\u00f3n de Origen Protegida Cari\u00f1ena bordado con hilo de oro y plata. \u201cCuando se cumple el Cincuentenario de nuestra Fiesta de la Vendimia, los pueblos y gentes de &hellip;<\/p>\n","protected":false},"author":6,"featured_media":3955,"comment_status":"closed","ping_status":"closed","sticky":false,"template":"","format":"standard","meta":{"_genesis_hide_title":false,"_genesis_hide_breadcrumbs":false,"_genesis_hide_singular_image":false,"_genesis_hide_footer_widgets":false,"_genesis_custom_body_class":"","_genesis_custom_post_class":"","_genesis_layout":"","ngg_post_thumbnail":0,"footnotes":""},"categories":[1],"tags":[],"class_list":{"0":"post-3954","1":"post","2":"type-post","3":"status-publish","4":"format-standard","5":"has-post-thumbnail","7":"category-noticias","8":"entry"},"_links":{"self":[{"href":"https:\/\/elvinodelaspiedras.es\/en\/wp-json\/wp\/v2\/posts\/3954"}],"collection":[{"href":"https:\/\/elvinodelaspiedras.es\/en\/wp-json\/wp\/v2\/posts"}],"about":[{"href":"https:\/\/elvinodelaspiedras.es\/en\/wp-json\/wp\/v2\/types\/post"}],"author":[{"embeddable":true,"href":"https:\/\/elvinodelaspiedras.es\/en\/wp-json\/wp\/v2\/users\/6"}],"replies":[{"embeddable":true,"href":"https:\/\/elvinodelaspiedras.es\/en\/wp-json\/wp\/v2\/comments?post=3954"}],"version-history":[{"count":1,"href":"https:\/\/elvinodelaspiedras.es\/en\/wp-json\/wp\/v2\/posts\/3954\/revisions"}],"predecessor-version":[{"id":5921,"href":"https:\/\/elvinodelaspiedras.es\/en\/wp-json\/wp\/v2\/posts\/3954\/revisions\/5921"}],"wp:featuredmedia":[{"embeddable":true,"href":"https:\/\/elvinodelaspiedras.es\/en\/wp-json\/wp\/v2\/media\/3955"}],"wp:attachment":[{"href":"https:\/\/elvinodelaspiedras.es\/en\/wp-json\/wp\/v2\/media?parent=3954"}],"wp:term":[{"taxonomy":"category","embeddable":true,"href":"https:\/\/elvinodelaspiedras.es\/en\/wp-json\/wp\/v2\/categories?post=3954"},{"taxonomy":"post_tag","embeddable":true,"href":"https:\/\/elvinodelaspiedras.es\/en\/wp-json\/wp\/v2\/tags?post=3954"}],"curies":[{"name":"wp","href":"https:\/\/api.w.org\/{rel}","templated":true}]}}