{"id":3956,"date":"2016-12-03T00:00:00","date_gmt":"2016-12-03T00:00:00","guid":{"rendered":"http:\/\/elvinodelaspiedras.local\/eduardo-noriega-la-dop-carinena-va-a-formar-parte-de-mi-para-siempre\/"},"modified":"2020-11-13T12:29:31","modified_gmt":"2020-11-13T12:29:31","slug":"eduardo-noriega-la-dop-carinena-va-a-formar-parte-de-mi-para-siempre","status":"publish","type":"post","link":"https:\/\/elvinodelaspiedras.es\/en\/comunicacion\/noticias\/eduardo-noriega-la-dop-carinena-va-a-formar-parte-de-mi-para-siempre\/","title":{"rendered":"Eduardo Noriega: \u201cla D.O.P. Cari\u00f1ena va a formar parte de m\u00ed para siempre\u201d"},"content":{"rendered":"<p><strong>El actor Eduardo Noriega <\/strong>ya forma parte del <strong>Paseo de las Estrellas de la D.O.P. Cari\u00f1ena, la iniciativa que emula el famoso bulevar hollywoodiense<\/strong>. Esta ma\u00f1ana, ha plasmado sus huellas en una hoja de vid de cemento donde se ha mostrado muy <strong>orgulloso por el reconocimiento<\/strong> que le ha otorgado la Denominaci\u00f3n. &#8220;Voy a formar parte del paisaje de <strong>Cari\u00f1ena <\/strong>para siempre, y Cari\u00f1ena tambi\u00e9n va a formar parte de m\u00ed para siempre, ser\u00e1 un lugar al que volver\u00e9 y tendr\u00e9 mucho cari\u00f1o&#8221;, ha declarado Noriega. El int\u00e9rprete ha llegado a Cari\u00f1ena despu\u00e9s de que este verano estrenara la pel\u00edcula <strong>&#8220;Nuestros Amantes&#8221; de Miguel \u00c1ngel Lamata<\/strong>, quien tambi\u00e9n ha estado presente en el acto, y rodada exclusivamente en <strong>localizaciones aragonesas<\/strong>.<\/p>\n<p>&#8220;Con esta pel\u00edcula he tenido la oportunidad de recorrer unos cuantos pueblos de Arag\u00f3n y ciudades donde siempre me han tratado con much\u00edsimo cari\u00f1o y mucha hospitalidad<strong>, plasmar las manos en el Paseo de las Estrellas ha sido un colof\u00f3n de todo este tour maravilloso<\/strong>&#8220;, ha afirmado Noriega. El actor no ha desaprovechado la oportunidad de elogiar los <strong>Vinos de las Piedras<\/strong> &#8220;son muy ricos, al igual que el jam\u00f3n aragon\u00e9s&#8221;, ha asegurado.\u00a0 &#8220;Creo que hay que rodar m\u00e1s pel\u00edculas en Arag\u00f3n porque te tratan tan bien, que hay que repetir&#8221;, ha sentenciado Eduardo Noriega.<\/p>\n<p>El <strong>Paseo de las Estrellas de la Denominaci\u00f3n de Origen Protegida, <\/strong>que emula el famoso bulevar hollywoodiense, \u00a0suma ya 6 celebridades: el escritor <strong>David Trueba<\/strong> -que lo inaugur\u00f3, como invitado de honor de la Fiesta de la Vendimia, en septiembre de 2014-, el actor <strong>Gabino Diego<\/strong>, la escritora <strong>Elvira Lindo<\/strong>, la directora aragonesa <strong>Paula Ortiz<\/strong> y el director aragon\u00e9s <strong>Miguel \u00c1ngel Lamata.<\/strong><\/p>\n<p>&#8220;Estamos cumpliendo el objetivo que nos hab\u00edamos marcado: dar un contenido para <strong>la ruta enotur\u00edsitca de toda la zona<\/strong> y pensamos que es una cuesti\u00f3n que ya empieza a llamar mucho la atenci\u00f3n cuando la gente viene a visitar la ciudad y el entorno de Cari\u00f1ena&#8221;, ha declarado <strong>Jos\u00e9 Luis Campos, director de comunicaci\u00f3n y marketing de la D.O.P<\/strong>. Cari\u00f1ena. &#8220;Es una apuesta de la comarca, es una apuesta de la propia ciudad y de todos los pueblos y desde la Denominaci\u00f3n lo que hacemos es contribuir&#8221;, ha explicado el director de comunicaci\u00f3n y marketing.<\/p>\n<p><strong>EDUARDO NORIEGA, RECONOCIDO ACTOR<\/strong><\/p>\n<p>El actor <strong>Eduardo Noriega<\/strong> naci\u00f3 en <strong>Santander<\/strong> en 1973. En 1990 comenz\u00f3 sus estudios y carrera como int\u00e9rprete. Cuatro a\u00f1os m\u00e1s tarde particip\u00f3 en su primera pel\u00edcula: <strong>&#8220;Historias del Kronen&#8221;<\/strong>, de Montxo Armend\u00e1riz. Tras sus actuaciones en las primeras pel\u00edculas de Alejandro Amen\u00e1bar, <strong>&#8220;Tesis&#8221; y &#8220;Abre los ojos&#8221;<\/strong> &#8211; que le vali\u00f3 una nominaci\u00f3n al <strong>Premio Goya<\/strong>-,\u00a0 comenz\u00f3 a ser reconocido por el gran p\u00fablico. En 2005 volvi\u00f3 a ser nominado al Premio Goya en la categor\u00eda de mejor actor protagonista, por su trabajo en <strong>&#8220;Lobo&#8221;<\/strong>.<\/p>\n<p>Eduardo Noriega llega a Cari\u00f1ena justo despu\u00e9s de haber finalizado el rodaje de <strong>&#8220;Perfectos Desconocidos&#8221;<\/strong>, el nuevo largometraje de <strong>Alex de la Iglesia<\/strong>. Adem\u00e1s en junio estren\u00f3 la pel\u00edcula <strong>&#8220;Nuestros Amantes&#8221;, del director aragon\u00e9s Miguel \u00c1ngel Lamata<\/strong>. Un filme que fue rodado exclusivamente en localizaciones de las tres provincias aragonesas. Es una moderna <strong>comedia rom\u00e1ntica<\/strong> en la que el actor santanderino se pone en la piel de Carlos, un guionista cinematogr\u00e1fico que se siente frustrado profesionalmente.<\/p>\n<p>Noriega cuenta con una dilatada trayectoria en el mundo de la interpretaci\u00f3n donde <strong>ha participado en m\u00e1s de 30 pel\u00edculas<\/strong> nacionales e internacionales, como <strong>&#8220;Blackthorn&#8221;, &#8220;Transsiberian&#8221; o &#8220;En el punto de mira&#8221;.<\/strong> Actualmente es uno de los protagonistas de la <strong>serie &#8220;La Sonata del Silencio&#8221;,<\/strong> que se emite en <strong>Televisi\u00f3n Espa\u00f1ola.<\/strong><\/p>\n<hr>\n<figure id=\"attachment_405\" aria-describedby=\"caption-attachment-405\" style=\"width: 300px\" class=\"wp-caption alignnone\"><a href=\"\/_archivos\/imagenes\/3015.jpg\" target=\"_blank\" rel=\"noopener noreferrer\"><img decoding=\"async\" class=\"size-medium\" src=\"\/_archivos\/imagenes\/300\/3015.jpg\" alt=\"Eduardo Noriega pone sus manos en el Paseo de las Estrellas de Cari\u00f1ena\" title=\"Eduardo Noriega pone sus manos en el Paseo de las Estrellas de Cari\u00f1ena\" width=\"300\" height=\"auto\" \/><\/a><figcaption id=\"caption-attachment-405\" class=\"wp-caption-text\"><a href=\"\/_archivos\/imagenes\/3015.jpg\" target=\"_blank\" rel=\"noopener noreferrer\">Descargar imagen<\/a><\/figcaption><\/figure>\n","protected":false},"excerpt":{"rendered":"<p>El actor Eduardo Noriega ya forma parte del Paseo de las Estrellas de la D.O.P. Cari\u00f1ena, la iniciativa que emula el famoso bulevar hollywoodiense. Esta ma\u00f1ana, ha plasmado sus huellas en una hoja de vid de cemento donde se ha mostrado muy orgulloso por el reconocimiento que le ha otorgado la Denominaci\u00f3n. &#8220;Voy a formar &hellip;<\/p>\n","protected":false},"author":6,"featured_media":3957,"comment_status":"closed","ping_status":"closed","sticky":false,"template":"","format":"standard","meta":{"_genesis_hide_title":false,"_genesis_hide_breadcrumbs":false,"_genesis_hide_singular_image":false,"_genesis_hide_footer_widgets":false,"_genesis_custom_body_class":"","_genesis_custom_post_class":"","_genesis_layout":"","ngg_post_thumbnail":0,"footnotes":""},"categories":[1],"tags":[],"class_list":{"0":"post-3956","1":"post","2":"type-post","3":"status-publish","4":"format-standard","5":"has-post-thumbnail","7":"category-noticias","8":"entry"},"_links":{"self":[{"href":"https:\/\/elvinodelaspiedras.es\/en\/wp-json\/wp\/v2\/posts\/3956"}],"collection":[{"href":"https:\/\/elvinodelaspiedras.es\/en\/wp-json\/wp\/v2\/posts"}],"about":[{"href":"https:\/\/elvinodelaspiedras.es\/en\/wp-json\/wp\/v2\/types\/post"}],"author":[{"embeddable":true,"href":"https:\/\/elvinodelaspiedras.es\/en\/wp-json\/wp\/v2\/users\/6"}],"replies":[{"embeddable":true,"href":"https:\/\/elvinodelaspiedras.es\/en\/wp-json\/wp\/v2\/comments?post=3956"}],"version-history":[{"count":1,"href":"https:\/\/elvinodelaspiedras.es\/en\/wp-json\/wp\/v2\/posts\/3956\/revisions"}],"predecessor-version":[{"id":5920,"href":"https:\/\/elvinodelaspiedras.es\/en\/wp-json\/wp\/v2\/posts\/3956\/revisions\/5920"}],"wp:featuredmedia":[{"embeddable":true,"href":"https:\/\/elvinodelaspiedras.es\/en\/wp-json\/wp\/v2\/media\/3957"}],"wp:attachment":[{"href":"https:\/\/elvinodelaspiedras.es\/en\/wp-json\/wp\/v2\/media?parent=3956"}],"wp:term":[{"taxonomy":"category","embeddable":true,"href":"https:\/\/elvinodelaspiedras.es\/en\/wp-json\/wp\/v2\/categories?post=3956"},{"taxonomy":"post_tag","embeddable":true,"href":"https:\/\/elvinodelaspiedras.es\/en\/wp-json\/wp\/v2\/tags?post=3956"}],"curies":[{"name":"wp","href":"https:\/\/api.w.org\/{rel}","templated":true}]}}