{"id":3961,"date":"2017-02-13T00:00:00","date_gmt":"2017-02-13T00:00:00","guid":{"rendered":"http:\/\/elvinodelaspiedras.local\/la-dop-carinena-consigue-siete-medallas-en-el-concurso-garnachas-del-mundo\/"},"modified":"2020-11-13T12:29:31","modified_gmt":"2020-11-13T12:29:31","slug":"la-dop-carinena-consigue-siete-medallas-en-el-concurso-garnachas-del-mundo","status":"publish","type":"post","link":"https:\/\/elvinodelaspiedras.es\/en\/comunicacion\/noticias\/la-dop-carinena-consigue-siete-medallas-en-el-concurso-garnachas-del-mundo\/","title":{"rendered":"La D.O.P. Cari\u00f1ena consigue siete medallas en el concurso \u201cgarnachas del mundo\u201d"},"content":{"rendered":"<p>Los Vinos de las Piedras de la Denominaci\u00f3n de Origen Protegida de Cari\u00f1ena han vuelto a ser reconocidos en un prestigioso certamen internacional. En la V edici\u00f3n del \u00a0concurso Garnachas del Mundo, celebrado en la isla italiana de Cerde\u00f1a este fin de semana, han logrado un total de siete medallas: una de Oro, cuatro de Plata y dos de Bronce, Adem\u00e1s, &#8216;S&#8217; de Pago Ayl\u00e9s, bodega de Mezalocha, con calificaci\u00f3n de pago, logr\u00f3 tambi\u00e9n una medalla de Oro.<\/p>\n<p>Estos son los vinos de la Denominaci\u00f3n premiados:<\/p>\n<p>ORO<\/p>\n<p>CORONA DE ARAGON SPECIAL SELECTION &#8211; 2014 GRANDES VINOS Y VI\u00d1EDOS &#8211; Tinto<\/p>\n<p>PLATA <\/p>\n<p>CORONA DE ARAGON GARNACHA &#8211; 2016 GRANDES VINOS Y VI\u00d1EDOS &#8211; Tinto<\/p>\n<p>MAGN\u00cdFICO &#8211; 2016 BODEGAS IGNACIO MARIN &#8211; Tinto<\/p>\n<p>URBEZO &#8211; 2015 BODEGAS SOLAR DE URBEZO &#8211; Tinto<\/p>\n<p>WINE WINGS MANTA RAY &#8211; 2015 BODEGAS IGNACIO MARIN &#8211; Blanco<\/p>\n<p>BRONCE<\/p>\n<p>DIVINIS MEDITERRANEAN &#8211; 2016 BODEGAS IGNACIO MARIN &#8211; Tinto<\/p>\n<p>HACIENDA MOLLEDA ROBLE &#8211; 2015 XUCROGAS &#8211; Tinto<\/p>\n<hr>\n<figure id=\"attachment_411\" aria-describedby=\"caption-attachment-411\" style=\"width: 300px\" class=\"wp-caption alignnone\"><a href=\"\/_archivos\/imagenes\/3186.jpg\" target=\"_blank\" rel=\"noopener noreferrer\"><img decoding=\"async\" class=\"size-medium\" src=\"\/_archivos\/imagenes\/300\/3186.jpg\" alt=\"grenachemonde\" title=\"grenachemonde\" width=\"300\" height=\"auto\" \/><\/a><figcaption id=\"caption-attachment-411\" class=\"wp-caption-text\"><a href=\"\/_archivos\/imagenes\/3186.jpg\" target=\"_blank\" rel=\"noopener noreferrer\">Descargar imagen<\/a><\/figcaption><\/figure>\n","protected":false},"excerpt":{"rendered":"<p>Los Vinos de las Piedras de la Denominaci\u00f3n de Origen Protegida de Cari\u00f1ena han vuelto a ser reconocidos en un prestigioso certamen internacional. En la V edici\u00f3n del \u00a0concurso Garnachas del Mundo, celebrado en la isla italiana de Cerde\u00f1a este fin de semana, han logrado un total de siete medallas: una de Oro, cuatro de &hellip;<\/p>\n","protected":false},"author":6,"featured_media":3962,"comment_status":"closed","ping_status":"closed","sticky":false,"template":"","format":"standard","meta":{"_genesis_hide_title":false,"_genesis_hide_breadcrumbs":false,"_genesis_hide_singular_image":false,"_genesis_hide_footer_widgets":false,"_genesis_custom_body_class":"","_genesis_custom_post_class":"","_genesis_layout":"","ngg_post_thumbnail":0,"footnotes":""},"categories":[1],"tags":[],"class_list":{"0":"post-3961","1":"post","2":"type-post","3":"status-publish","4":"format-standard","5":"has-post-thumbnail","7":"category-noticias","8":"entry"},"_links":{"self":[{"href":"https:\/\/elvinodelaspiedras.es\/en\/wp-json\/wp\/v2\/posts\/3961"}],"collection":[{"href":"https:\/\/elvinodelaspiedras.es\/en\/wp-json\/wp\/v2\/posts"}],"about":[{"href":"https:\/\/elvinodelaspiedras.es\/en\/wp-json\/wp\/v2\/types\/post"}],"author":[{"embeddable":true,"href":"https:\/\/elvinodelaspiedras.es\/en\/wp-json\/wp\/v2\/users\/6"}],"replies":[{"embeddable":true,"href":"https:\/\/elvinodelaspiedras.es\/en\/wp-json\/wp\/v2\/comments?post=3961"}],"version-history":[{"count":1,"href":"https:\/\/elvinodelaspiedras.es\/en\/wp-json\/wp\/v2\/posts\/3961\/revisions"}],"predecessor-version":[{"id":5917,"href":"https:\/\/elvinodelaspiedras.es\/en\/wp-json\/wp\/v2\/posts\/3961\/revisions\/5917"}],"wp:featuredmedia":[{"embeddable":true,"href":"https:\/\/elvinodelaspiedras.es\/en\/wp-json\/wp\/v2\/media\/3962"}],"wp:attachment":[{"href":"https:\/\/elvinodelaspiedras.es\/en\/wp-json\/wp\/v2\/media?parent=3961"}],"wp:term":[{"taxonomy":"category","embeddable":true,"href":"https:\/\/elvinodelaspiedras.es\/en\/wp-json\/wp\/v2\/categories?post=3961"},{"taxonomy":"post_tag","embeddable":true,"href":"https:\/\/elvinodelaspiedras.es\/en\/wp-json\/wp\/v2\/tags?post=3961"}],"curies":[{"name":"wp","href":"https:\/\/api.w.org\/{rel}","templated":true}]}}