{"id":3963,"date":"2017-02-21T00:00:00","date_gmt":"2017-02-21T00:00:00","guid":{"rendered":"http:\/\/elvinodelaspiedras.local\/el-vino-de-las-piedras-colabora-con-el-documental-maria-moliner-tendiendo-palabras-de-vicky-calavia\/"},"modified":"2020-11-13T12:29:31","modified_gmt":"2020-11-13T12:29:31","slug":"el-vino-de-las-piedras-colabora-con-el-documental-maria-moliner-tendiendo-palabras-de-vicky-calavia","status":"publish","type":"post","link":"https:\/\/elvinodelaspiedras.es\/en\/comunicacion\/noticias\/el-vino-de-las-piedras-colabora-con-el-documental-maria-moliner-tendiendo-palabras-de-vicky-calavia\/","title":{"rendered":"El vino de las piedras colabora con el documental \u201cMar\u00eda Moliner. tendiendo palabras\u201d de Vicky Calavia"},"content":{"rendered":"<div id=\"x_yui_3_16_0_ym19_1_1487662662387_6393\">\n<div id=\"x_yui_3_16_0_ym19_1_1487662662387_6393\"><span id=\"x_yui_3_16_0_ym19_1_1487662662387_6394\">La realizadora\u00a0<strong>Vicky Calavia<\/strong> presenta el pr\u00f3ximo martes 28 de febrero (Centro de Historias de Zaragoza. 19:30 horas) su documental\u00a0<strong>\u2018Mar\u00eda Moliner. Tendiendo palabras\u2019<\/strong>, con el que recupera la memoria de la que fuera autora del diccionario m\u00e1s completo de la lengua castellana.<\/div>\n<div id=\"x_yui_3_16_0_ym19_1_1487662662387_6391\"><span id=\"x_yui_3_16_0_ym19_1_1487662662387_6390\">Este trabajo, coproducidopor<strong> Arag\u00f3n TV<\/strong> y\u00a0<strong>CalaDoc Producciones<\/strong>, repasa los hechos m\u00e1s importantes en la vida de Mar\u00eda Moliner, con las palabras y sus definiciones como veh\u00edculo narrativo y po\u00e9tico. Ha contado con la financiaci\u00f3n del\u00a0<strong>Ayuntamiento de Zaragoza<\/strong> y con la colaboraci\u00f3n del\u00a0<strong>Instituto Aragon\u00e9s de la Mujer<\/strong>. Adem\u00e1s, han apoyado este documental el\u00a0<strong>Ayuntamiento de Paniza<\/strong> y del\u00a0<strong>Vino de las Piedras (D.O.P Cari\u00f1ena)<\/strong>.<\/div>\n<div>El documental, de 74 minutos, explica el proceso vital e intelectual que condujo a Mar\u00eda Moliner a escribir el\u00a0<strong><em>Diccionario de Uso del Espa\u00f1ol<\/em><\/strong>, una obra de cuya primera edici\u00f3n se cumplen 50 a\u00f1os. A pesar de la trascendencia de su trabajo no fue admitida en la Real Academia Espa\u00f1ola (RAE).<\/div>\n<div><strong>\u2018Mar\u00eda Moliner. Tendiendo palabras\u2019 <\/strong>incluye entrevistas con una serie de personalidades del mundo de la cultura, la literatura, la historia, la educaci\u00f3n, la filolog\u00eda, el periodismo o la archiv\u00edstica como Ant\u00f3n Castro, Aurora Egido, Carme Riera, Carmen Ram\u00f3n Moliner, Eva Puy\u00f3, In\u00e9s Fern\u00e1ndez Ord\u00f3\u00f1ez, Inmaculada de la Fuente, Javier Barreiro, Jos\u00e9 Manuel Blecua, Luisa Guti\u00e9rrez, Manuel Cebri\u00e1n, Marco Dugnani, Mar\u00eda Antonia Mart\u00edn Zorraquino, Pedro \u00c1lvarez de Miranda, Pilar Ben\u00edtez, Soledad Pu\u00e9rtolas o V\u00edctor Juan.<\/div>\n<div><strong>Vicky Calavia<\/strong> afronta este documental como un homenaje a una mujer por la que siente \u201cuna profunda admiraci\u00f3n tanto por su obra como por su trayectoria vital\u201d.\u00a0 Mar\u00eda Moliner dedic\u00f3 quince a\u00f1os de su vida a la elaboraci\u00f3n de su diccionario de dos tomos con m\u00e1s de 3.000 p\u00e1ginas. Desde su publicaci\u00f3n en 1966 y 1967 ha llenado de palabras y significados a varias generaciones de hispanohablantes. Sin embargo, nunca fue admitida como miembro de la RAE y, paradojas del destino, una enfermedad borr\u00f3 su mente y falleci\u00f3 sin recordar c\u00f3mo se lee o escribe.<\/div>\n<div>Se ha rodado en espacios recorridos o vinculados a la obra de Mar\u00eda Moliner como la Biblioteca de la Diputaci\u00f3n Provincial de Zaragoza, la Biblioteca P\u00fablica Mar\u00eda Moliner (Zaragoza), la Biblioteca Universitaria Mar\u00eda Moliner (Zaragoza), la Facultad de Filosof\u00eda y Letras Universidad de Zaragoza, la Biblioteca Ricardo Magdalena (Zaragoza), la Biblioteca del Paraninfo de la Universidad de Zaragoza, la casa de Carmen Moliner (Madrid). Tambi\u00e9n se han utilizado localizaciones en distintos enclaves de la capital aragonesa, en Paniza, su localidad natal, o el jard\u00edn de la familia Castro-Gasc\u00f3n (Garrapinillos, Zaragoza), la Academia del Cine espa\u00f1ol (Madrid), RBA Ediciones (Barcelona) y la Real Academia de la Lengua Espa\u00f1ola (Madrid).<\/div>\n<div>El documental ha podido recuperar im\u00e1genes y documentos de distintos archivos como los de Carmen Ram\u00f3n Moliner, los hermanos S\u00e1nchez Mill\u00e1n, la Biblioteca Nacional, la Diputaci\u00f3n Provincial de Zaragoza, Emilio Casanova Producciones, la Fundaci\u00f3n Ram\u00f3n y Katia Ac\u00edn, Instituto Goya (Zaragoza), Museo Pedag\u00f3gico de Arag\u00f3n, Prelinger Archives, Revista Tr\u00e9bede y Universidad de Zaragoza.<\/div>\n<div>Este nuevo trabajo de Vicky Calavia forma parte de su proyecto de dar visibilidad a la mujer, que cuenta ya con documentales como \u2018Mar\u00eda Dominguez. La palabra libre\u2019 y \u2018La ciudad de las mujeres\u2019.<\/div>\n<\/div>\n<div><a href=\"https:\/\/vimeo.com\/181477060\" target=\"_blank\" rel=\"noopener noreferrer\">Aqu\u00ed se puede ver el Teaser<\/a><\/div>\n<hr>\n<figure id=\"attachment_412\" aria-describedby=\"caption-attachment-412\" style=\"width: 300px\" class=\"wp-caption alignnone\"><a href=\"\/_archivos\/imagenes\/3187.jpg\" target=\"_blank\" rel=\"noopener noreferrer\"><img decoding=\"async\" class=\"size-medium\" src=\"\/_archivos\/imagenes\/300\/3187.jpg\" alt=\"Prensa CARTV-Maria Moliner 01\" title=\"Prensa CARTV-Maria Moliner 01\" width=\"300\" height=\"auto\" \/><\/a><figcaption id=\"caption-attachment-412\" class=\"wp-caption-text\"><a href=\"\/_archivos\/imagenes\/3187.jpg\" target=\"_blank\" rel=\"noopener noreferrer\">Descargar imagen<\/a><\/figcaption><\/figure>\n<figure id=\"attachment_412\" aria-describedby=\"caption-attachment-412\" style=\"width: 300px\" class=\"wp-caption alignnone\"><a href=\"\/_archivos\/imagenes\/3188.jpg\" target=\"_blank\" rel=\"noopener noreferrer\"><img decoding=\"async\" class=\"size-medium\" src=\"\/_archivos\/imagenes\/300\/3188.jpg\" alt=\"Prensa CARTV-Maria Moliner 03\" title=\"Prensa CARTV-Maria Moliner 03\" width=\"300\" height=\"auto\" \/><\/a><figcaption id=\"caption-attachment-412\" class=\"wp-caption-text\"><a href=\"\/_archivos\/imagenes\/3188.jpg\" target=\"_blank\" rel=\"noopener noreferrer\">Descargar imagen<\/a><\/figcaption><\/figure>\n<figure id=\"attachment_412\" aria-describedby=\"caption-attachment-412\" style=\"width: 300px\" class=\"wp-caption alignnone\"><a href=\"\/_archivos\/imagenes\/3189.jpg\" target=\"_blank\" rel=\"noopener noreferrer\"><img decoding=\"async\" class=\"size-medium\" src=\"\/_archivos\/imagenes\/300\/3189.jpg\" alt=\"Prensa CARTV-Maria Moliner 06\" title=\"Prensa CARTV-Maria Moliner 06\" width=\"300\" height=\"auto\" \/><\/a><figcaption id=\"caption-attachment-412\" class=\"wp-caption-text\"><a href=\"\/_archivos\/imagenes\/3189.jpg\" target=\"_blank\" rel=\"noopener noreferrer\">Descargar imagen<\/a><\/figcaption><\/figure>    \t<\/p>\n","protected":false},"excerpt":{"rendered":"<p>La realizadora\u00a0Vicky Calavia presenta el pr\u00f3ximo martes 28 de febrero (Centro de Historias de Zaragoza. 19:30 horas) su documental\u00a0\u2018Mar\u00eda Moliner. Tendiendo palabras\u2019, con el que recupera la memoria de la que fuera autora del diccionario m\u00e1s completo de la lengua castellana. Este trabajo, coproducidopor Arag\u00f3n TV y\u00a0CalaDoc Producciones, repasa los hechos m\u00e1s importantes en la &hellip;<\/p>\n","protected":false},"author":6,"featured_media":3964,"comment_status":"closed","ping_status":"closed","sticky":false,"template":"","format":"standard","meta":{"_genesis_hide_title":false,"_genesis_hide_breadcrumbs":false,"_genesis_hide_singular_image":false,"_genesis_hide_footer_widgets":false,"_genesis_custom_body_class":"","_genesis_custom_post_class":"","_genesis_layout":"","ngg_post_thumbnail":0,"footnotes":""},"categories":[1],"tags":[],"class_list":{"0":"post-3963","1":"post","2":"type-post","3":"status-publish","4":"format-standard","5":"has-post-thumbnail","7":"category-noticias","8":"entry"},"_links":{"self":[{"href":"https:\/\/elvinodelaspiedras.es\/en\/wp-json\/wp\/v2\/posts\/3963"}],"collection":[{"href":"https:\/\/elvinodelaspiedras.es\/en\/wp-json\/wp\/v2\/posts"}],"about":[{"href":"https:\/\/elvinodelaspiedras.es\/en\/wp-json\/wp\/v2\/types\/post"}],"author":[{"embeddable":true,"href":"https:\/\/elvinodelaspiedras.es\/en\/wp-json\/wp\/v2\/users\/6"}],"replies":[{"embeddable":true,"href":"https:\/\/elvinodelaspiedras.es\/en\/wp-json\/wp\/v2\/comments?post=3963"}],"version-history":[{"count":1,"href":"https:\/\/elvinodelaspiedras.es\/en\/wp-json\/wp\/v2\/posts\/3963\/revisions"}],"predecessor-version":[{"id":5916,"href":"https:\/\/elvinodelaspiedras.es\/en\/wp-json\/wp\/v2\/posts\/3963\/revisions\/5916"}],"wp:featuredmedia":[{"embeddable":true,"href":"https:\/\/elvinodelaspiedras.es\/en\/wp-json\/wp\/v2\/media\/3964"}],"wp:attachment":[{"href":"https:\/\/elvinodelaspiedras.es\/en\/wp-json\/wp\/v2\/media?parent=3963"}],"wp:term":[{"taxonomy":"category","embeddable":true,"href":"https:\/\/elvinodelaspiedras.es\/en\/wp-json\/wp\/v2\/categories?post=3963"},{"taxonomy":"post_tag","embeddable":true,"href":"https:\/\/elvinodelaspiedras.es\/en\/wp-json\/wp\/v2\/tags?post=3963"}],"curies":[{"name":"wp","href":"https:\/\/api.w.org\/{rel}","templated":true}]}}