{"id":3965,"date":"2017-03-06T00:00:00","date_gmt":"2017-03-06T00:00:00","guid":{"rendered":"http:\/\/elvinodelaspiedras.local\/el-consejero-joaquin-olona-visita-el-proyecto-de-bodegas-san-valero-para-producir-vino-ecologico\/"},"modified":"2020-11-13T12:29:31","modified_gmt":"2020-11-13T12:29:31","slug":"el-consejero-joaquin-olona-visita-el-proyecto-de-bodegas-san-valero-para-producir-vino-ecologico","status":"publish","type":"post","link":"https:\/\/elvinodelaspiedras.es\/en\/comunicacion\/noticias\/el-consejero-joaquin-olona-visita-el-proyecto-de-bodegas-san-valero-para-producir-vino-ecologico\/","title":{"rendered":"El consejero Joaqu\u00edn Olona visita el proyecto de Bodegas San Valero para producir vino ecol\u00f3gico"},"content":{"rendered":"<p>El consejero de Desarrollo Rural y Sostenibilidad del Gobierno de Arag\u00f3n, <strong>Joaqu\u00edn Olona<\/strong> ha visitado este viernes, en la <strong>Denominaci\u00f3n de Origen Protegida Cari\u00f1ena<\/strong>, la localidad de Almonacid de la Sierra, donde se le ha presentado el proyecto de <strong>Bodegas San Valero (Grupo BSV)<\/strong> para elaborar vino ecol\u00f3gico con los agricultores y la cooperativa de esta localidad.<\/p>\n<p> Las m\u00e1s de 300  hect\u00e1reas de vi\u00f1edo que se van a certificar como ecol\u00f3gicas har\u00e1n aumentar esta categor\u00eda en Arag\u00f3n alrededor de un 40% y dar\u00e1n lugar a una <strong>nueva l\u00ednea comercial<\/strong> en la bodega cari\u00f1enense, que ya est\u00e1 presentando el proyecto a sus compradores internacionales, seg\u00fan han explicado responsables de la misma.<\/p>\n<p> El proyecto cuenta con ayudas del Gobierno de Arag\u00f3n para a cooperaci\u00f3n entre agentes del sector agroalimentario y ha sido destacado por el consejero como &#8220;una <strong>experiencia novedosa<\/strong> que puede servir de ejemplo en otros \u00e1mbitos&#8221;, seg\u00fan informa el Ejecutivo en un comunicado.<\/p>\n<p>Por otro lado, el Departamento de Desarrollo Rural y Sostenibilidad est\u00e1 trabajando sobre la creaci\u00f3n de <strong>una oficina espec\u00edfica para la vi\u00f1a y el vino<\/strong>. Este anuncio lo ha realizado el consejero en la clausura de la Semana Agraria de Cari\u00f1ena organizada por UAGA.\u00a0Con esta oficina se pretende simplificar las gestiones que viticultores y bodegas tienen que realizar ante el departamento, que tiene las competencias en la materia repartidas entre diferentes direcciones generales.<\/p>\n<p>&#8220;Es una demanda que se nos ha hecho desde el sector cooperativo y la consideramos razonable, puesto que el del vino es el \u00fanico sector intervenido y, en este sentido, tiene un buen n\u00famero de exigencias que, por otra parte, est\u00e1n dispersas por distintas \u00e1reas administrativas&#8221;, ha se\u00f1alado.\u00a0Aunque las competencias seguir\u00e1n en las mismas \u00e1reas que ahora, la oficina funcionar\u00e1 a modo de <strong>ventanilla \u00fanica<\/strong>, de forma que los profesionales del sector solo tendr\u00e1n que pedir atenci\u00f3n en un \u00fanico lugar.<\/p>\n<p> Por otra parte, la denominada Oficina de la Vi\u00f1a y el Vino, funcionar\u00e1 tambi\u00e9n como <strong>enlace con otros \u00e1mbitos vitivin\u00edcolas nacionales e internacionales,<\/strong> ya sean estos centros de investigaci\u00f3n, administraciones o cualesquiera otros. El objetivo es aprovechar todas las sinergias posibles en un sector muy din\u00e1mico que constantemente evoluciona y lanza novedades que no siempre llegan a los profesionales.<\/p>\n<hr>\n<figure id=\"attachment_413\" aria-describedby=\"caption-attachment-413\" style=\"width: 300px\" class=\"wp-caption alignnone\"><a href=\"\/_archivos\/imagenes\/3194.jpg\" target=\"_blank\" rel=\"noopener noreferrer\"><img decoding=\"async\" class=\"size-medium\" src=\"\/_archivos\/imagenes\/300\/3194.jpg\" alt=\"san valero\" title=\"san valero\" width=\"300\" height=\"auto\" \/><\/a><figcaption id=\"caption-attachment-413\" class=\"wp-caption-text\"><a href=\"\/_archivos\/imagenes\/3194.jpg\" target=\"_blank\" rel=\"noopener noreferrer\">Descargar imagen<\/a><\/figcaption><\/figure>\n","protected":false},"excerpt":{"rendered":"<p>El consejero de Desarrollo Rural y Sostenibilidad del Gobierno de Arag\u00f3n, Joaqu\u00edn Olona ha visitado este viernes, en la Denominaci\u00f3n de Origen Protegida Cari\u00f1ena, la localidad de Almonacid de la Sierra, donde se le ha presentado el proyecto de Bodegas San Valero (Grupo BSV) para elaborar vino ecol\u00f3gico con los agricultores y la cooperativa de &hellip;<\/p>\n","protected":false},"author":6,"featured_media":3966,"comment_status":"closed","ping_status":"closed","sticky":false,"template":"","format":"standard","meta":{"_genesis_hide_title":false,"_genesis_hide_breadcrumbs":false,"_genesis_hide_singular_image":false,"_genesis_hide_footer_widgets":false,"_genesis_custom_body_class":"","_genesis_custom_post_class":"","_genesis_layout":"","ngg_post_thumbnail":0,"footnotes":""},"categories":[1],"tags":[],"class_list":{"0":"post-3965","1":"post","2":"type-post","3":"status-publish","4":"format-standard","5":"has-post-thumbnail","7":"category-noticias","8":"entry"},"_links":{"self":[{"href":"https:\/\/elvinodelaspiedras.es\/en\/wp-json\/wp\/v2\/posts\/3965"}],"collection":[{"href":"https:\/\/elvinodelaspiedras.es\/en\/wp-json\/wp\/v2\/posts"}],"about":[{"href":"https:\/\/elvinodelaspiedras.es\/en\/wp-json\/wp\/v2\/types\/post"}],"author":[{"embeddable":true,"href":"https:\/\/elvinodelaspiedras.es\/en\/wp-json\/wp\/v2\/users\/6"}],"replies":[{"embeddable":true,"href":"https:\/\/elvinodelaspiedras.es\/en\/wp-json\/wp\/v2\/comments?post=3965"}],"version-history":[{"count":1,"href":"https:\/\/elvinodelaspiedras.es\/en\/wp-json\/wp\/v2\/posts\/3965\/revisions"}],"predecessor-version":[{"id":5915,"href":"https:\/\/elvinodelaspiedras.es\/en\/wp-json\/wp\/v2\/posts\/3965\/revisions\/5915"}],"wp:featuredmedia":[{"embeddable":true,"href":"https:\/\/elvinodelaspiedras.es\/en\/wp-json\/wp\/v2\/media\/3966"}],"wp:attachment":[{"href":"https:\/\/elvinodelaspiedras.es\/en\/wp-json\/wp\/v2\/media?parent=3965"}],"wp:term":[{"taxonomy":"category","embeddable":true,"href":"https:\/\/elvinodelaspiedras.es\/en\/wp-json\/wp\/v2\/categories?post=3965"},{"taxonomy":"post_tag","embeddable":true,"href":"https:\/\/elvinodelaspiedras.es\/en\/wp-json\/wp\/v2\/tags?post=3965"}],"curies":[{"name":"wp","href":"https:\/\/api.w.org\/{rel}","templated":true}]}}