{"id":3967,"date":"2017-03-13T00:00:00","date_gmt":"2017-03-13T00:00:00","guid":{"rendered":"http:\/\/elvinodelaspiedras.local\/el-documental-maria-moliner-tendiendo-palabras-en-el-que-colabora-el-vino-de-las-piedras-se-proyecta-de-nuevo-este-martes\/"},"modified":"2020-11-13T12:29:30","modified_gmt":"2020-11-13T12:29:30","slug":"el-documental-maria-moliner-tendiendo-palabras-en-el-que-colabora-el-vino-de-las-piedras-se-proyecta-de-nuevo-este-martes","status":"publish","type":"post","link":"https:\/\/elvinodelaspiedras.es\/en\/comunicacion\/noticias\/el-documental-maria-moliner-tendiendo-palabras-en-el-que-colabora-el-vino-de-las-piedras-se-proyecta-de-nuevo-este-martes\/","title":{"rendered":"El documental \u201cmar\u00eda moliner. tendiendo palabras\u201d en el que colabora el vino de las piedras se proyecta de nuevo este martes"},"content":{"rendered":"<p>Este martes,14 de marzo de 2017, a las 19.30, tendr\u00e1 lugar una nueva proyecci\u00f3n del \u2018Mar\u00eda Moliner. Tendiendo palabras\u2019 en el Centro de Historias de la capital aragonesa. Tras el \u00e9xito cosechado durante el estreno, el nuevo trabajo de la realizadora zaragozana Vicky Calavia volver\u00e1 a exhibirse en Zaragoza.<\/p>\n<p>Es una producci\u00f3n de Arag\u00f3n TV y CalaDoc Producciones, financiada por el Ayuntamiento de Zaragoza y que cuenta con el apoyo del Instituto Aragon\u00e9s de la Mujer, el Gobierno de Arag\u00f3n y la colaboraci\u00f3n de Vino de las Piedras (D.O.P. Cari\u00f1ena) y el Ayuntamiento de Paniza.<\/p>\n<p>El audiovisual fue estrenado el pasado 28 de febrero en Zaragoza, en un acto al que acudieron varios representantes de la capital aragonesa, entre los que se encontraba el alcalde de la ciudad, Pedro Santisteve. Durante los d\u00edas posteriores el documental estuvo presente en Madrid. En concreto, el 1 de marzo se exhibi\u00f3 en la Biblioteca Nacional con motivo de la presentaci\u00f3n de la Cuarta Edici\u00f3n del Diccionario Mar\u00eda Moliner editado por RBA; y el jueves, 2 de marzo,se pudo ver en el marco del Festival \u2018Ellas crean\u2019 en el Centro Conde Duque Madrid.<\/p>\n<p>Sinopsis<\/p>\n<p>Una presencia femenina nos conduce a trav\u00e9s de los hechos importantes en la vida de Mar\u00eda Moliner, destacando los t\u00e9rminos que los definen y dibujan, y las definiciones que de \u00e9stos ofrece Mar\u00eda en su propio diccionario, destacando la fuerte impronta que la personalidad de Mar\u00eda plasma en su obra magna: el Diccionario de Uso del Espa\u00f1ol.<\/p>\n<p>Personalidades del mundo de la cultura, la literatura, la historia, la educaci\u00f3n, la filolog\u00eda, el periodismo, la archiv\u00edstica&#8230; nos gu\u00edan por la senda de esta vida apasionante dedicada a hacer del lenguaje un instrumento de comunicaci\u00f3n y comprensi\u00f3n del otro, del mundo y de nosotros mismos. Su inter\u00e9s intelectual m\u00e1s profundo, las palabras y sus definiciones, son el veh\u00edculo narrativo y po\u00e9tico de este documento: palabras tendidas, palabras que tienden puentes.<\/p>\n<p>Tr\u00e1iler oficial del documental disponible en el siguiente <a href=\"https:\/\/vimeo.com\/205710476\">enlace<\/a>.<\/p>\n<hr>\n<figure id=\"attachment_414\" aria-describedby=\"caption-attachment-414\" style=\"width: 300px\" class=\"wp-caption alignnone\"><a href=\"\/_archivos\/imagenes\/3195.jpg\" target=\"_blank\" rel=\"noopener noreferrer\"><img decoding=\"async\" class=\"size-medium\" src=\"\/_archivos\/imagenes\/300\/3195.jpg\" alt=\"tendiendo palabras\" title=\"tendiendo palabras\" width=\"300\" height=\"auto\" \/><\/a><figcaption id=\"caption-attachment-414\" class=\"wp-caption-text\"><a href=\"\/_archivos\/imagenes\/3195.jpg\" target=\"_blank\" rel=\"noopener noreferrer\">Descargar imagen<\/a><\/figcaption><\/figure>\n","protected":false},"excerpt":{"rendered":"<p>Este martes,14 de marzo de 2017, a las 19.30, tendr\u00e1 lugar una nueva proyecci\u00f3n del \u2018Mar\u00eda Moliner. Tendiendo palabras\u2019 en el Centro de Historias de la capital aragonesa. Tras el \u00e9xito cosechado durante el estreno, el nuevo trabajo de la realizadora zaragozana Vicky Calavia volver\u00e1 a exhibirse en Zaragoza. Es una producci\u00f3n de Arag\u00f3n TV &hellip;<\/p>\n","protected":false},"author":6,"featured_media":3968,"comment_status":"closed","ping_status":"closed","sticky":false,"template":"","format":"standard","meta":{"_genesis_hide_title":false,"_genesis_hide_breadcrumbs":false,"_genesis_hide_singular_image":false,"_genesis_hide_footer_widgets":false,"_genesis_custom_body_class":"","_genesis_custom_post_class":"","_genesis_layout":"","ngg_post_thumbnail":0,"footnotes":""},"categories":[1],"tags":[],"class_list":{"0":"post-3967","1":"post","2":"type-post","3":"status-publish","4":"format-standard","5":"has-post-thumbnail","7":"category-noticias","8":"entry"},"_links":{"self":[{"href":"https:\/\/elvinodelaspiedras.es\/en\/wp-json\/wp\/v2\/posts\/3967"}],"collection":[{"href":"https:\/\/elvinodelaspiedras.es\/en\/wp-json\/wp\/v2\/posts"}],"about":[{"href":"https:\/\/elvinodelaspiedras.es\/en\/wp-json\/wp\/v2\/types\/post"}],"author":[{"embeddable":true,"href":"https:\/\/elvinodelaspiedras.es\/en\/wp-json\/wp\/v2\/users\/6"}],"replies":[{"embeddable":true,"href":"https:\/\/elvinodelaspiedras.es\/en\/wp-json\/wp\/v2\/comments?post=3967"}],"version-history":[{"count":1,"href":"https:\/\/elvinodelaspiedras.es\/en\/wp-json\/wp\/v2\/posts\/3967\/revisions"}],"predecessor-version":[{"id":5914,"href":"https:\/\/elvinodelaspiedras.es\/en\/wp-json\/wp\/v2\/posts\/3967\/revisions\/5914"}],"wp:featuredmedia":[{"embeddable":true,"href":"https:\/\/elvinodelaspiedras.es\/en\/wp-json\/wp\/v2\/media\/3968"}],"wp:attachment":[{"href":"https:\/\/elvinodelaspiedras.es\/en\/wp-json\/wp\/v2\/media?parent=3967"}],"wp:term":[{"taxonomy":"category","embeddable":true,"href":"https:\/\/elvinodelaspiedras.es\/en\/wp-json\/wp\/v2\/categories?post=3967"},{"taxonomy":"post_tag","embeddable":true,"href":"https:\/\/elvinodelaspiedras.es\/en\/wp-json\/wp\/v2\/tags?post=3967"}],"curies":[{"name":"wp","href":"https:\/\/api.w.org\/{rel}","templated":true}]}}