{"id":3971,"date":"2017-03-27T00:00:00","date_gmt":"2017-03-27T00:00:00","guid":{"rendered":"http:\/\/elvinodelaspiedras.local\/bodegas-paniza-participa-de-nuevo-con-un-stand-propio-en-la-feria-internacional-prowein-celebrada-en-alemania\/"},"modified":"2020-11-13T12:29:30","modified_gmt":"2020-11-13T12:29:30","slug":"bodegas-paniza-participa-de-nuevo-con-un-stand-propio-en-la-feria-internacional-prowein-celebrada-en-alemania","status":"publish","type":"post","link":"https:\/\/elvinodelaspiedras.es\/en\/comunicacion\/noticias\/bodegas-paniza-participa-de-nuevo-con-un-stand-propio-en-la-feria-internacional-prowein-celebrada-en-alemania\/","title":{"rendered":"Bodegas Paniza ha participado de nuevo con un stand propio en la feria internacional prowein celebrada en Alemania"},"content":{"rendered":"<p><strong>Paniza<\/strong> contin\u00faa con su <strong>promoci\u00f3n internacional<\/strong>. La bodega aragonesa ha estado presente un a\u00f1o m\u00e1s con un stand propio en la <strong>feria internacional Prowein<\/strong> celebrada del 19 al 21 de marzo en D\u00fcsseldorf, Alemania. Es el epicentro de la actividad del sector vitivin\u00edcola ya que cada a\u00f1o re\u00fane a m\u00e1s de <strong>52.000 profesionales<\/strong> y m\u00e1s de 6.000 expositores procedentes de <strong>60 pa\u00edses<\/strong>.<\/p>\n<p>Esta feria es una gran oportunidad para <strong>Bodegas Paniza<\/strong> ya que el grueso de su negocio radica en la exportaci\u00f3n. Este encuentro especializado es el escenario perfecto para la <strong>apertura de nuevos mercados y la ampliaci\u00f3n de la red de contactos.<\/strong> Adem\u00e1s supone una fuente de conocimiento ya que en la feria se presentan las \u00faltimas novedades y tendencias del sector en los m\u00e1s de 500 seminarios especializados que se organizan.<\/p>\n<hr>\n<figure id=\"attachment_416\" aria-describedby=\"caption-attachment-416\" style=\"width: 300px\" class=\"wp-caption alignnone\"><a href=\"\/_archivos\/imagenes\/3202.jpg\" target=\"_blank\" rel=\"noopener noreferrer\"><img decoding=\"async\" class=\"size-medium\" src=\"\/_archivos\/imagenes\/300\/3202.jpg\" alt=\"Bodegas Paniza2\" title=\"Bodegas Paniza2\" width=\"300\" height=\"auto\" \/><\/a><figcaption id=\"caption-attachment-416\" class=\"wp-caption-text\"><a href=\"\/_archivos\/imagenes\/3202.jpg\" target=\"_blank\" rel=\"noopener noreferrer\">Descargar imagen<\/a><\/figcaption><\/figure>\n","protected":false},"excerpt":{"rendered":"<p>Paniza contin\u00faa con su promoci\u00f3n internacional. La bodega aragonesa ha estado presente un a\u00f1o m\u00e1s con un stand propio en la feria internacional Prowein celebrada del 19 al 21 de marzo en D\u00fcsseldorf, Alemania. Es el epicentro de la actividad del sector vitivin\u00edcola ya que cada a\u00f1o re\u00fane a m\u00e1s de 52.000 profesionales y m\u00e1s &hellip;<\/p>\n","protected":false},"author":6,"featured_media":3972,"comment_status":"closed","ping_status":"closed","sticky":false,"template":"","format":"standard","meta":{"_genesis_hide_title":false,"_genesis_hide_breadcrumbs":false,"_genesis_hide_singular_image":false,"_genesis_hide_footer_widgets":false,"_genesis_custom_body_class":"","_genesis_custom_post_class":"","_genesis_layout":"","ngg_post_thumbnail":0,"footnotes":""},"categories":[1],"tags":[],"class_list":{"0":"post-3971","1":"post","2":"type-post","3":"status-publish","4":"format-standard","5":"has-post-thumbnail","7":"category-noticias","8":"entry"},"_links":{"self":[{"href":"https:\/\/elvinodelaspiedras.es\/en\/wp-json\/wp\/v2\/posts\/3971"}],"collection":[{"href":"https:\/\/elvinodelaspiedras.es\/en\/wp-json\/wp\/v2\/posts"}],"about":[{"href":"https:\/\/elvinodelaspiedras.es\/en\/wp-json\/wp\/v2\/types\/post"}],"author":[{"embeddable":true,"href":"https:\/\/elvinodelaspiedras.es\/en\/wp-json\/wp\/v2\/users\/6"}],"replies":[{"embeddable":true,"href":"https:\/\/elvinodelaspiedras.es\/en\/wp-json\/wp\/v2\/comments?post=3971"}],"version-history":[{"count":1,"href":"https:\/\/elvinodelaspiedras.es\/en\/wp-json\/wp\/v2\/posts\/3971\/revisions"}],"predecessor-version":[{"id":5912,"href":"https:\/\/elvinodelaspiedras.es\/en\/wp-json\/wp\/v2\/posts\/3971\/revisions\/5912"}],"wp:featuredmedia":[{"embeddable":true,"href":"https:\/\/elvinodelaspiedras.es\/en\/wp-json\/wp\/v2\/media\/3972"}],"wp:attachment":[{"href":"https:\/\/elvinodelaspiedras.es\/en\/wp-json\/wp\/v2\/media?parent=3971"}],"wp:term":[{"taxonomy":"category","embeddable":true,"href":"https:\/\/elvinodelaspiedras.es\/en\/wp-json\/wp\/v2\/categories?post=3971"},{"taxonomy":"post_tag","embeddable":true,"href":"https:\/\/elvinodelaspiedras.es\/en\/wp-json\/wp\/v2\/tags?post=3971"}],"curies":[{"name":"wp","href":"https:\/\/api.w.org\/{rel}","templated":true}]}}