{"id":3973,"date":"2017-03-29T00:00:00","date_gmt":"2017-03-29T00:00:00","guid":{"rendered":"http:\/\/elvinodelaspiedras.local\/bodegas-san-valero-se-abre-al-enoturismo\/"},"modified":"2020-11-13T12:29:30","modified_gmt":"2020-11-13T12:29:30","slug":"bodegas-san-valero-se-abre-al-enoturismo","status":"publish","type":"post","link":"https:\/\/elvinodelaspiedras.es\/en\/comunicacion\/noticias\/bodegas-san-valero-se-abre-al-enoturismo\/","title":{"rendered":"Bodegas San Valero se abre al enoturismo"},"content":{"rendered":"<p>Bodegas San Valero (BSV) abre sus puertas al enoturismo. La cooperativa vin\u00edcola, que representa alrededor del 27% del volumen de toda la Denominaci\u00f3n de Origen Cari\u00f1ena y el 17% del vino producido en Arag\u00f3n, ha lanzado un plan de productos de ocio que a\u00fana naturaleza, viticultura y gastronom\u00eda. Adem\u00e1s de visitar sus instalaciones y conocer de primera mano el proceso de elaboraci\u00f3n de los caldos, el visitante puede disfrutar de catas de vinos e incluso vivir la experiencia de quedarse a dormir en su antigua bodega, fundada en 1944.<\/p>\n<p>El paquete de enoturismo de BSV, que ayer se dio a conocer en una visita abierta a los medios de comunicaci\u00f3n, refuerza la oferta de la Ruta del Vino de las Piedras, impulsada hace dos a\u00f1os por el consejo regulador de esta demarcaci\u00f3n vin\u00edcola. \u00abTenemos una zona de campo pr\u00f3xima a Zaragoza capital que merece la pena conocer, especialmente en primavera, y que completamos con una oferta gastron\u00f3mica de primer nivel\u00bb, explic\u00f3 a este diario Pedro Fat\u00e1s, director general del grupo.<\/p>\n<p>En concreto, el visitante tiene tres opciones. El plan m\u00e1s b\u00e1sico parte de los 10 euros por persona e incluye una visita guiada a la bodega y una cata de tres vinos acompa\u00f1ados de una tapa cada uno. Por 20 euros m\u00e1s, el enoturista puede comer en el \u00abdesgustador\u00bb, un coqueto chalet que forma parte de la bodega. En ambos casos se incluye un descuento de dos euros para comprar en la tienda del grupo cooperativo.<\/p>\n<p>Alojamiento<\/p>\n<p>La gran novedad es que tambi\u00e9n se puede pernoctar en los tres apartamentos rurales que alberga la antigua bodega de San Valero, donde tambi\u00e9n se encuentra el museo-tienda de la empresa. Este alojamiento, del que hasta ahora solo han podido disfrutar clientes y personalidades especiales -como Jesul\u00edn de Ubrique y la exministra Carme Chac\u00f3n, entre otros- se abre as\u00ed al gran p\u00fablico. El precio es de 60 euros por una noche y de 100 euros por dos.<\/p>\n<p>Las visitas, que se organizan los s\u00e1bado y domingos, pueden reservarse por tel\u00e9fono (976 62 04 54) o trav\u00e9s de correo electr\u00f3nico (enoturismo@sanvalero.com).<\/p>\n<p>En un futuro se incorporar\u00e1 a la oferta la visita a las instalaciones de la bodega Tierra de Cubas, adquirida recientemente por BSV. Este nuevo centro se dedicar\u00e1 a la elaboraci\u00f3n de vinos de calidad y a la creaci\u00f3n de una cava con capacidad para 4 millones de botellas. A este grupo tambi\u00e9n pertenece Bodegas Gran Ducay (DO Cava).<\/p>\n<p><strong>FUENTE:<\/strong> <a title=\"El Peri\u00f3dico de Arag\u00f3n\" href=\"http:\/\/www.elperiodicodearagon.com\/noticias\/economia\/bodegas-san-valero-abre-enoturismo_1191151.html?platform=hootsuite\" target=\"_blank\" rel=\"noopener noreferrer\">El Peri\u00f3dico de Arag\u00f3n<\/a><\/p>\n<hr>\n<figure id=\"attachment_417\" aria-describedby=\"caption-attachment-417\" style=\"width: 300px\" class=\"wp-caption alignnone\"><a href=\"\/_archivos\/imagenes\/3203.jpg\" target=\"_blank\" rel=\"noopener noreferrer\"><img decoding=\"async\" class=\"size-medium\" src=\"\/_archivos\/imagenes\/300\/3203.jpg\" alt=\"sanvalero\" title=\"sanvalero\" width=\"300\" height=\"auto\" \/><\/a><figcaption id=\"caption-attachment-417\" class=\"wp-caption-text\"><a href=\"\/_archivos\/imagenes\/3203.jpg\" target=\"_blank\" rel=\"noopener noreferrer\">Descargar imagen<\/a><\/figcaption><\/figure>\n","protected":false},"excerpt":{"rendered":"<p>Bodegas San Valero (BSV) abre sus puertas al enoturismo. La cooperativa vin\u00edcola, que representa alrededor del 27% del volumen de toda la Denominaci\u00f3n de Origen Cari\u00f1ena y el 17% del vino producido en Arag\u00f3n, ha lanzado un plan de productos de ocio que a\u00fana naturaleza, viticultura y gastronom\u00eda. Adem\u00e1s de visitar sus instalaciones y conocer &hellip;<\/p>\n","protected":false},"author":6,"featured_media":3974,"comment_status":"closed","ping_status":"closed","sticky":false,"template":"","format":"standard","meta":{"_genesis_hide_title":false,"_genesis_hide_breadcrumbs":false,"_genesis_hide_singular_image":false,"_genesis_hide_footer_widgets":false,"_genesis_custom_body_class":"","_genesis_custom_post_class":"","_genesis_layout":"","ngg_post_thumbnail":0,"footnotes":""},"categories":[1],"tags":[],"class_list":{"0":"post-3973","1":"post","2":"type-post","3":"status-publish","4":"format-standard","5":"has-post-thumbnail","7":"category-noticias","8":"entry"},"_links":{"self":[{"href":"https:\/\/elvinodelaspiedras.es\/en\/wp-json\/wp\/v2\/posts\/3973"}],"collection":[{"href":"https:\/\/elvinodelaspiedras.es\/en\/wp-json\/wp\/v2\/posts"}],"about":[{"href":"https:\/\/elvinodelaspiedras.es\/en\/wp-json\/wp\/v2\/types\/post"}],"author":[{"embeddable":true,"href":"https:\/\/elvinodelaspiedras.es\/en\/wp-json\/wp\/v2\/users\/6"}],"replies":[{"embeddable":true,"href":"https:\/\/elvinodelaspiedras.es\/en\/wp-json\/wp\/v2\/comments?post=3973"}],"version-history":[{"count":1,"href":"https:\/\/elvinodelaspiedras.es\/en\/wp-json\/wp\/v2\/posts\/3973\/revisions"}],"predecessor-version":[{"id":5911,"href":"https:\/\/elvinodelaspiedras.es\/en\/wp-json\/wp\/v2\/posts\/3973\/revisions\/5911"}],"wp:featuredmedia":[{"embeddable":true,"href":"https:\/\/elvinodelaspiedras.es\/en\/wp-json\/wp\/v2\/media\/3974"}],"wp:attachment":[{"href":"https:\/\/elvinodelaspiedras.es\/en\/wp-json\/wp\/v2\/media?parent=3973"}],"wp:term":[{"taxonomy":"category","embeddable":true,"href":"https:\/\/elvinodelaspiedras.es\/en\/wp-json\/wp\/v2\/categories?post=3973"},{"taxonomy":"post_tag","embeddable":true,"href":"https:\/\/elvinodelaspiedras.es\/en\/wp-json\/wp\/v2\/tags?post=3973"}],"curies":[{"name":"wp","href":"https:\/\/api.w.org\/{rel}","templated":true}]}}