{"id":3975,"date":"2017-03-30T00:00:00","date_gmt":"2017-03-30T00:00:00","guid":{"rendered":"http:\/\/elvinodelaspiedras.local\/la-dop-carinena-afianza-su-presencia-en-el-mercado-de-estados-unidos\/"},"modified":"2020-11-13T12:29:30","modified_gmt":"2020-11-13T12:29:30","slug":"la-dop-carinena-afianza-su-presencia-en-el-mercado-de-estados-unidos","status":"publish","type":"post","link":"https:\/\/elvinodelaspiedras.es\/en\/comunicacion\/noticias\/la-dop-carinena-afianza-su-presencia-en-el-mercado-de-estados-unidos\/","title":{"rendered":"La D.O.P. Cari\u00f1ena afianza su presencia en el mercado de Estados Unidos"},"content":{"rendered":"<p>Siete profesionales estadounidenses del mundo del vino, entre los que se encontraban importadores distribuidores y periodistas, han recorrido durante esta semana las bodegas y vi\u00f1edos de <strong>los Vinos de las Piedras de la Denominaci\u00f3n de Origen Protegida de Cari\u00f1ena<\/strong>. Esta visita es un paso m\u00e1s en la apuesta de la D.O.P por su expansi\u00f3n en el dif\u00edcil <strong>mercado norteamericano<\/strong>, donde est\u00e1 logrando consolidar la marca aragonesa, con 3,5 millones de botellas vendidas en el \u00faltimo a\u00f1o, el 7,3 % m\u00e1s que el a\u00f1o anterior.<\/p>\n<p>Desde 2009, la D.O.P. Cari\u00f1ena y sus principales bodegas est\u00e1n centrando gran parte de sus acciones de promoci\u00f3n en Estados Unidos, con grandes inversiones para introducir &#8220;<strong>El Vino de las Piedras&#8221;<\/strong>, el exitoso lema que hace referencia al terreno pedregoso predominante en la zona. Las campa\u00f1as en EEUU van especialmente orientadas a la difusi\u00f3n de la variedad garnacha, con el lema\u00a0 <strong>&#8220;The Next Great Grape&#8221;.<\/strong><\/p>\n<p>Con este objetivo, desde 2014 la Denominaci\u00f3n y las tres bodegas m\u00e1s importantes, <strong>Bodegas Paniza<\/strong>, <strong>Bodegas San Valero y Grandes Vinos<\/strong>, trabajan conjuntamente con la agencia de comunicaci\u00f3n estadounidense Gregory White PR para posicionar los vinos de Cari\u00f1ena como referencia internacional.<\/p>\n<p>El esfuerzo ha logrado que las ventas se hayan duplicado en los \u00faltimos ochos a\u00f1os. Estados Unidos es ya, con casi tres millones y medio de botellas al a\u00f1o, el <strong>tercer importador de vinos de Cari\u00f1ena <\/strong>(tras Reino Unido y Alemania) y el primero de fuera de la Uni\u00f3n Europea. <strong>En 2016,<\/strong> la marca aragonesa sigui\u00f3 afianzando su posici\u00f3n y <strong>logr\u00f3 vender 3.427.749 botellas<\/strong>, lo que supone un <strong>incremento de ventas del 7,28%<\/strong> respecto a 2015 y de un<strong> 22,<\/strong><strong>34%<\/strong> respecto a 2014.<\/p>\n<p> La <strong>misi\u00f3n inversa<\/strong>, llevada a cabo durante toda la semana, ha celebrado su quinta edici\u00f3n con el objetivo de acercar el vino de Cari\u00f1ena a <strong>profesionales de gran prestigio en Estados Unidos<\/strong>. Esta acci\u00f3n pretende dar a conocer no s\u00f3lo el vino, sino tambi\u00e9n todo lo que rodea a la elaboraci\u00f3n del mismo para comprender las singularidades de un producto \u00fanico. El objetivo principal es que estos expertos sirvan de <strong>embajadores<\/strong> para promover los vinos de la principal Denominaci\u00f3n de Arag\u00f3n <strong>al otro lado del Atl\u00e1ntico<\/strong> y apuntalar as\u00ed un mercado en constante crecimiento.<\/p>\n<p><strong>EMBAJADORES DEL VINO DE CARI\u00d1ENA <\/strong><\/p>\n<p>Durante toda la semana la expedici\u00f3n, formada por importadores distribuidores y periodistas especializados, ha estado e<strong>n tierras aragonesas<\/strong> combinando las <strong>visitas a Grandes Vinos, Bodegas San Valero y Paniza<\/strong> con actividades culturales y gastron\u00f3micas. Igualmente el grupo ha participado en <strong>distintas catas <\/strong>como la que tuvo lugar el lunes en el Restaurante El Chalet de Zaragoza, donde el reconocido <strong>sumiller Ra\u00fal Igual<\/strong> fue el encargado de maridar la cena con los vinos de la Denominaci\u00f3n.<\/p>\n<p>La visita ha sorprendido a los profesionales. Uno de los aspectos m\u00e1s destacados por la expedici\u00f3n ha sido el <strong>potencial que tiene el vino de Cari\u00f1ena en el mercado estadounidense<\/strong> gracias a su buena relaci\u00f3n calidad -precio. As\u00ed, <strong>M\u00f3nica Mar\u00edn, <\/strong>una de las participantes, hace hincapi\u00e9 en que es un <strong>vino muy adecuado para los j\u00f3venes<\/strong>. &#8220;Hay una generaci\u00f3n en los EE.UU., que son los <em>millennials<\/em>, que miran mucho el precio de las cosas buenas. Ah\u00ed Cari\u00f1ena se adapta muy bien&#8221;, ha comentado. Para la experta, uno de los factores clave es el aspecto moderno de estos vinos. &#8220;Cari\u00f1ena tiene esa faceta novedosa para ofrecer su producto al consumidor m\u00e1s joven&#8221;.<\/p>\n<p><strong> David Godwin <\/strong>ha coincidido tambi\u00e9n al se\u00f1alar las<strong> ventajas competitivas<\/strong> que hacen que Denominaci\u00f3n triunfe en el mercado de Estados Unidos, a lo que ha a\u00f1adido otros factores. Para \u00e9l, este vino es <strong>flexible<\/strong>, capaz de acompa\u00f1ar a todo tipo de platos. &#8220;Es un reto para las regiones ofrecer vinos que mariden con la comida y en Cari\u00f1ena tienen esa sutileza y balance&#8221;.<\/p>\n<p>El Vino de las Piedras crece en un <strong>terreno complicado<\/strong>, hecho para el que tambi\u00e9n han tenido palabras los expedicionarios. As\u00ed <strong>Steven Sherman<\/strong> ha apuntado como una de las cosas m\u00e1s significativas &#8220;ver d\u00f3nde se han plantado las vides y donde crecen&#8221;. Igualmente ha se\u00f1alado a las variedades de garnacha, cari\u00f1ena y tempranillo como las m\u00e1s sorprendentes.<\/p>\n<p>Esta acci\u00f3n forma parte de <strong>&#8220;The Next Great Grape&#8221;<\/strong>, la campa\u00f1a que las tres principales bodegas de la Denominaci\u00f3n desarrollan en Estados Unidos en colaboraci\u00f3n con la agencia de comunicaci\u00f3n estadounidense Gregory White PR, en la que se incluye una oficina de medios, promoci\u00f3n comercial, marketing digital, eventos y patrocinios, publicidad y misiones inversas. El programa est\u00e1 dotado con un presupuesto de <strong>un mill\u00f3n de euros al a\u00f1o<\/strong> y su finalidad es lograr que &#8220;<strong>El Vino de las Piedras&#8221; se convierta en todo un referente internacional<\/strong>. Entre las acciones llevadas a cabo destaca la presencia de los vinos de la D.O.P. Cari\u00f1ena en los vuelos de la compa\u00f1\u00eda <strong>Delta Airlines<\/strong>, empresa que seleccion\u00f3 un vino elaborado con la variedad garnacha para servirlo a sus clientes de Primera Clase.<\/p>\n<hr>\n<figure id=\"attachment_418\" aria-describedby=\"caption-attachment-418\" style=\"width: 300px\" class=\"wp-caption alignnone\"><a href=\"\/_archivos\/imagenes\/3204.jpg\" target=\"_blank\" rel=\"noopener noreferrer\"><img decoding=\"async\" class=\"size-medium\" src=\"\/_archivos\/imagenes\/300\/3204.jpg\" alt=\"El sumiller Ra\u00fal Igual explica en la cena cata las caracter\u00edsticas de los vinos de Cari\u00f1ena\" title=\"El sumiller Ra\u00fal Igual explica en la cena cata las caracter\u00edsticas de los vinos de Cari\u00f1ena\" width=\"300\" height=\"auto\" \/><\/a><figcaption id=\"caption-attachment-418\" class=\"wp-caption-text\"><a href=\"\/_archivos\/imagenes\/3204.jpg\" target=\"_blank\" rel=\"noopener noreferrer\">Descargar imagen<\/a><\/figcaption><\/figure>\n<figure id=\"attachment_418\" aria-describedby=\"caption-attachment-418\" style=\"width: 300px\" class=\"wp-caption alignnone\"><a href=\"\/_archivos\/imagenes\/3205.jpg\" target=\"_blank\" rel=\"noopener noreferrer\"><img decoding=\"async\" class=\"size-medium\" src=\"\/_archivos\/imagenes\/300\/3205.jpg\" alt=\"Visita a vi\u00f1edos de la DOP Cari\u00f1ena 1\" title=\"Visita a vi\u00f1edos de la DOP Cari\u00f1ena 1\" width=\"300\" height=\"auto\" \/><\/a><figcaption id=\"caption-attachment-418\" class=\"wp-caption-text\"><a href=\"\/_archivos\/imagenes\/3205.jpg\" target=\"_blank\" rel=\"noopener noreferrer\">Descargar imagen<\/a><\/figcaption><\/figure>\n<figure id=\"attachment_418\" aria-describedby=\"caption-attachment-418\" style=\"width: 300px\" class=\"wp-caption alignnone\"><a href=\"\/_archivos\/imagenes\/3206.jpg\" target=\"_blank\" rel=\"noopener noreferrer\"><img decoding=\"async\" class=\"size-medium\" src=\"\/_archivos\/imagenes\/300\/3206.jpg\" alt=\"Visita a vi\u00f1edos de la DOP Cari\u00f1ena 2\" title=\"Visita a vi\u00f1edos de la DOP Cari\u00f1ena 2\" width=\"300\" height=\"auto\" \/><\/a><figcaption id=\"caption-attachment-418\" class=\"wp-caption-text\"><a href=\"\/_archivos\/imagenes\/3206.jpg\" target=\"_blank\" rel=\"noopener noreferrer\">Descargar imagen<\/a><\/figcaption><\/figure>    \t<\/p>\n","protected":false},"excerpt":{"rendered":"<p>Siete profesionales estadounidenses del mundo del vino, entre los que se encontraban importadores distribuidores y periodistas, han recorrido durante esta semana las bodegas y vi\u00f1edos de los Vinos de las Piedras de la Denominaci\u00f3n de Origen Protegida de Cari\u00f1ena. Esta visita es un paso m\u00e1s en la apuesta de la D.O.P por su expansi\u00f3n en &hellip;<\/p>\n","protected":false},"author":6,"featured_media":3976,"comment_status":"closed","ping_status":"closed","sticky":false,"template":"","format":"standard","meta":{"_genesis_hide_title":false,"_genesis_hide_breadcrumbs":false,"_genesis_hide_singular_image":false,"_genesis_hide_footer_widgets":false,"_genesis_custom_body_class":"","_genesis_custom_post_class":"","_genesis_layout":"","ngg_post_thumbnail":0,"footnotes":""},"categories":[1],"tags":[],"class_list":{"0":"post-3975","1":"post","2":"type-post","3":"status-publish","4":"format-standard","5":"has-post-thumbnail","7":"category-noticias","8":"entry"},"_links":{"self":[{"href":"https:\/\/elvinodelaspiedras.es\/en\/wp-json\/wp\/v2\/posts\/3975"}],"collection":[{"href":"https:\/\/elvinodelaspiedras.es\/en\/wp-json\/wp\/v2\/posts"}],"about":[{"href":"https:\/\/elvinodelaspiedras.es\/en\/wp-json\/wp\/v2\/types\/post"}],"author":[{"embeddable":true,"href":"https:\/\/elvinodelaspiedras.es\/en\/wp-json\/wp\/v2\/users\/6"}],"replies":[{"embeddable":true,"href":"https:\/\/elvinodelaspiedras.es\/en\/wp-json\/wp\/v2\/comments?post=3975"}],"version-history":[{"count":1,"href":"https:\/\/elvinodelaspiedras.es\/en\/wp-json\/wp\/v2\/posts\/3975\/revisions"}],"predecessor-version":[{"id":5910,"href":"https:\/\/elvinodelaspiedras.es\/en\/wp-json\/wp\/v2\/posts\/3975\/revisions\/5910"}],"wp:featuredmedia":[{"embeddable":true,"href":"https:\/\/elvinodelaspiedras.es\/en\/wp-json\/wp\/v2\/media\/3976"}],"wp:attachment":[{"href":"https:\/\/elvinodelaspiedras.es\/en\/wp-json\/wp\/v2\/media?parent=3975"}],"wp:term":[{"taxonomy":"category","embeddable":true,"href":"https:\/\/elvinodelaspiedras.es\/en\/wp-json\/wp\/v2\/categories?post=3975"},{"taxonomy":"post_tag","embeddable":true,"href":"https:\/\/elvinodelaspiedras.es\/en\/wp-json\/wp\/v2\/tags?post=3975"}],"curies":[{"name":"wp","href":"https:\/\/api.w.org\/{rel}","templated":true}]}}