{"id":3977,"date":"2017-04-10T00:00:00","date_gmt":"2017-04-10T00:00:00","guid":{"rendered":"http:\/\/elvinodelaspiedras.local\/la-dop-carinena-se-suma-al-dolor-por-el-subito-fallecimiento-de-carme-chacon\/"},"modified":"2020-11-13T12:29:30","modified_gmt":"2020-11-13T12:29:30","slug":"la-dop-carinena-se-suma-al-dolor-por-el-subito-fallecimiento-de-carme-chacon","status":"publish","type":"post","link":"https:\/\/elvinodelaspiedras.es\/en\/comunicacion\/noticias\/la-dop-carinena-se-suma-al-dolor-por-el-subito-fallecimiento-de-carme-chacon\/","title":{"rendered":"La D.O.p. Cari\u00f1ena se suma al dolor por el s\u00fabito fallecimiento de Carme Chac\u00f3n"},"content":{"rendered":"<p>Desde la <strong>Denominaci\u00f3n de Origen Protegida Cari\u00f1ena<\/strong> nos sumamos al dolor por el s\u00fabito fallecimiento de <strong>Carme Chac\u00f3n<\/strong>. La <strong>ex ministra socialista<\/strong>, que el pasado mes hab\u00eda cumplido 46 a\u00f1os y padec\u00eda una cardiopat\u00eda,\u00a0<a href=\"https:\/\/elvinodelaspiedras.es\/en\/comunicaci%C3%B3n\/noticias\/carme-chacn-los-vinos-de-cariena-han-sido-capaces-de-reinventarse-a-s-mismos-y-de-abrir-nuevos-mercados-conservando-su-esencia\" target=\"_blank\" rel=\"noopener noreferrer\">fue invitada de honor en la Fiesta de la Vendimia de 2011<\/a>, cuando ocupaba la cartera de Defensa -fue la primer mujer en desempe\u00f1ar este cargo en Espa\u00f1a-, \u00a0<a href=\"https:\/\/www.youtube.com\/watch?v=3-0hlEAvd2Q\" target=\"_blank\" rel=\"noopener noreferrer\">derrochando en Cari\u00f1ena simpat\u00eda y afecto con el p\u00fablico asistente.<\/a><\/p>\n<p>Unos meses antes, tras recibir\u00a0<a href=\"https:\/\/elvinodelaspiedras.es\/en\/comunicaci%C3%B3n\/noticias\/la-fiesta-de-la-vendimia-homenajea-a-jos-antonio-labordeta\" target=\"_blank\" rel=\"noopener noreferrer\">una de las botellas de la edici\u00f3n especial y limitada \u201cJos\u00e9 Antonio Labordeta-Gran Reserva\u201d<\/a>, hab\u00eda dirigido una emotiva carta manuscrita a esta Denominaci\u00f3n, en la que recordaba que <strong>su familia materna proced\u00eda de Arag\u00f3n<\/strong> y en concreto su abuelo, <strong>Francisco Piqueros<\/strong> fue buen amigo del cantautor y ex-diputado aragon\u00e9s, con el que ella tambi\u00e9n coincidi\u00f3 y mantuvo una buena relaci\u00f3n en el Congreso. De hecho, a comienzos de 2009, la entonces ministra de Defensa present\u00f3 en esta instituci\u00f3n el libro de <strong>Labordeta<\/strong> &#8220;Memorias de un beduino en el Congreso de los Diputados&#8221;.<\/p>\n<p>Con motivo de su participaci\u00f3n en la<strong> Fiesta de la Vendimia<\/strong>, en septiembre de 2011, la D.O.P. Cari\u00f1ena le obsequi\u00f3 con un retrato acuarela realizado por el pintor aragon\u00e9s <strong>Pepe Cerd\u00e1 <\/strong>y un Ex libris tambi\u00e9n obra del mismo autor, que Chac\u00f3n agradeci\u00f3 enormemente.<\/p>\n<p>Descanse en paz y desde aqu\u00ed transmitimos nuestras condolencias a todos sus familiares y amigos.<\/p>\n<hr>\n<figure id=\"attachment_419\" aria-describedby=\"caption-attachment-419\" style=\"width: 300px\" class=\"wp-caption alignnone\"><a href=\"\/_archivos\/imagenes\/3207.jpg\" target=\"_blank\" rel=\"noopener noreferrer\"><img decoding=\"async\" class=\"size-medium\" src=\"\/_archivos\/imagenes\/300\/3207.jpg\" alt=\"fiestavendimia2011\" title=\"fiestavendimia2011\" width=\"300\" height=\"auto\" \/><\/a><figcaption id=\"caption-attachment-419\" class=\"wp-caption-text\"><a href=\"\/_archivos\/imagenes\/3207.jpg\" target=\"_blank\" rel=\"noopener noreferrer\">Descargar imagen<\/a><\/figcaption><\/figure>\n<figure id=\"attachment_419\" aria-describedby=\"caption-attachment-419\" style=\"width: 300px\" class=\"wp-caption alignnone\"><a href=\"\/_archivos\/imagenes\/3208.jpg\" target=\"_blank\" rel=\"noopener noreferrer\"><img decoding=\"async\" class=\"size-medium\" src=\"\/_archivos\/imagenes\/300\/3208.jpg\" alt=\"2283\" title=\"2283\" width=\"300\" height=\"auto\" \/><\/a><figcaption id=\"caption-attachment-419\" class=\"wp-caption-text\"><a href=\"\/_archivos\/imagenes\/3208.jpg\" target=\"_blank\" rel=\"noopener noreferrer\">Descargar imagen<\/a><\/figcaption><\/figure>    \t<\/p>\n","protected":false},"excerpt":{"rendered":"<p>Desde la Denominaci\u00f3n de Origen Protegida Cari\u00f1ena nos sumamos al dolor por el s\u00fabito fallecimiento de Carme Chac\u00f3n. La ex ministra socialista, que el pasado mes hab\u00eda cumplido 46 a\u00f1os y padec\u00eda una cardiopat\u00eda,\u00a0fue invitada de honor en la Fiesta de la Vendimia de 2011, cuando ocupaba la cartera de Defensa -fue la primer mujer &hellip;<\/p>\n","protected":false},"author":6,"featured_media":3978,"comment_status":"closed","ping_status":"closed","sticky":false,"template":"","format":"standard","meta":{"_genesis_hide_title":false,"_genesis_hide_breadcrumbs":false,"_genesis_hide_singular_image":false,"_genesis_hide_footer_widgets":false,"_genesis_custom_body_class":"","_genesis_custom_post_class":"","_genesis_layout":"","ngg_post_thumbnail":0,"footnotes":""},"categories":[1],"tags":[],"class_list":{"0":"post-3977","1":"post","2":"type-post","3":"status-publish","4":"format-standard","5":"has-post-thumbnail","7":"category-noticias","8":"entry"},"_links":{"self":[{"href":"https:\/\/elvinodelaspiedras.es\/en\/wp-json\/wp\/v2\/posts\/3977"}],"collection":[{"href":"https:\/\/elvinodelaspiedras.es\/en\/wp-json\/wp\/v2\/posts"}],"about":[{"href":"https:\/\/elvinodelaspiedras.es\/en\/wp-json\/wp\/v2\/types\/post"}],"author":[{"embeddable":true,"href":"https:\/\/elvinodelaspiedras.es\/en\/wp-json\/wp\/v2\/users\/6"}],"replies":[{"embeddable":true,"href":"https:\/\/elvinodelaspiedras.es\/en\/wp-json\/wp\/v2\/comments?post=3977"}],"version-history":[{"count":1,"href":"https:\/\/elvinodelaspiedras.es\/en\/wp-json\/wp\/v2\/posts\/3977\/revisions"}],"predecessor-version":[{"id":5909,"href":"https:\/\/elvinodelaspiedras.es\/en\/wp-json\/wp\/v2\/posts\/3977\/revisions\/5909"}],"wp:featuredmedia":[{"embeddable":true,"href":"https:\/\/elvinodelaspiedras.es\/en\/wp-json\/wp\/v2\/media\/3978"}],"wp:attachment":[{"href":"https:\/\/elvinodelaspiedras.es\/en\/wp-json\/wp\/v2\/media?parent=3977"}],"wp:term":[{"taxonomy":"category","embeddable":true,"href":"https:\/\/elvinodelaspiedras.es\/en\/wp-json\/wp\/v2\/categories?post=3977"},{"taxonomy":"post_tag","embeddable":true,"href":"https:\/\/elvinodelaspiedras.es\/en\/wp-json\/wp\/v2\/tags?post=3977"}],"curies":[{"name":"wp","href":"https:\/\/api.w.org\/{rel}","templated":true}]}}