{"id":3979,"date":"2017-04-20T00:00:00","date_gmt":"2017-04-20T00:00:00","guid":{"rendered":"http:\/\/elvinodelaspiedras.local\/la-dop-carinena-celebrara-el-dia-movimiento-vino-do-en-la-plaza-de-la-emblematica-fuente-de-la-mora\/"},"modified":"2020-11-13T12:29:30","modified_gmt":"2020-11-13T12:29:30","slug":"la-dop-carinena-celebrara-el-dia-movimiento-vino-do-en-la-plaza-de-la-emblematica-fuente-de-la-mora","status":"publish","type":"post","link":"https:\/\/elvinodelaspiedras.es\/en\/comunicacion\/noticias\/la-dop-carinena-celebrara-el-dia-movimiento-vino-do-en-la-plaza-de-la-emblematica-fuente-de-la-mora\/","title":{"rendered":"La D.O.P. Cari\u00f1ena celebrar\u00e1 el d\u00eda movimiento vino D.O. en la plaza de la emblem\u00e1tica fuente de la mora"},"content":{"rendered":"<p>Palma de Mallorca, Logro\u00f1o, Colmenar de Oreja, Huelva, Lerma, Almendralejo, Cari\u00f1ena, Cigales, Leioa, Reus y Caravaca de la Cruz son algunos de los municipios elegidos por las Denominaciones de Origen que participan en la celebraci\u00f3n del D\u00cdA MOVIMIENTO VINO D.O., una jornada festiva, popular y participativa, en la que miles de personas a la vez, desde distintos puntos de nuestra geograf\u00eda, <strong>brindar\u00e1n simult\u00e1neamente por el vino con Denominaci\u00f3n de Origen.<\/strong><\/p>\n<p>En la celebraci\u00f3n del<strong> D\u00cdA MOVIMIENTO VINO D.O., que tendr\u00e1 lugar el s\u00e1bado 20 de mayo, participan 25 Denominaciones de Origen<\/strong>: Alicante, Almansa, Arlanza, Binissalem-Mallorca, Bizkaiko Txakolina, Bullas, Calatayud, Cari\u00f1ena, Catalunya, Cigales, Condado de Huelva, Jerez-X\u00e9res-Sherry y Manzanilla_Sanlucar de Barrameda, La Mancha, Madrid, Montilla-Moriles, Navarra, Pla i Llevant, R\u00edas Baixas, Ribeira Sacra, Ribera del Guadiana, Rioja,\u00a0 Valdepe\u00f1as, Valencia, Utiel-Requena y Yecla.<\/p>\n<p>La <strong>Denominaci\u00f3n de Origen Protegida Cari\u00f1ena<\/strong> llevar\u00e1 a cabo el brindis colectivo el s\u00e1bado 20 de mayo, con motivo del primer <strong>D\u00cdA MOVIMIENTO VINO D.O.,<\/strong> en la plaza de Espa\u00f1a de la localidad zaragozana, donde se ubica la <strong>emblem\u00e1tica Fuente de la Mora<\/strong>. Contar\u00e1 adem\u00e1s con un invitado especial que se dar\u00e1 a conocer en los pr\u00f3ximos d\u00edas.<\/p>\n<p>Es el mismo escenario de la <strong>Fiesta de la Vendimia<\/strong>, que celebra todos los a\u00f1os la Denominaci\u00f3n Cari\u00f1ena, y que tiene como singularidad el encendido especial de la Fuente de la Mora, de la que durante la jornada manan miles de litros de vino en lugar de agua. La Fiesta ha cumplido <strong>50 ediciones<\/strong> y acaba de ser declarada de <strong>Inter\u00e9s Tur\u00edstico de Arag\u00f3n por el Gobierno auton\u00f3mico<\/strong>.<\/p>\n<p>Otras Denominaciones tambi\u00e9n han dado a conocer los lugares d\u00f3nde tendr\u00e1 lugar el brindis del D\u00cdA MOVIMIENTO VINO D.O. La <strong>D.O. Arlanza<\/strong> prepara el evento en la Plaza Mayor de Lerma (Burgos), una de las m\u00e1s grandes de Espa\u00f1a. En la provincia de Badajoz, la <strong>D.O. Ribera del Guadiana<\/strong> lo celebrar\u00e1 en la Plaza de Toros de Almendralejo, un lugar singular de la regi\u00f3n, \u00fanico en el pa\u00eds por contar con una bodega de vino bajo sus tendidos con capacidad para conservar 750.000 litros. El coso, de estilo mud\u00e9jar, est\u00e1 declarado como Bien de Inter\u00e9s Cultural y tiene capacidad para 6.000 personas.<\/p>\n<p>La <strong>Denominaci\u00f3n de Origen Vinos de Madrid<\/strong> lo celebrar\u00e1 en Colmenar de Oreja, primera Ciudad del Vino de la Comunidad de Madrid, que durante ese fin de semana tambi\u00e9n celebra la Feria del Vino.<\/p>\n<p>La <strong>D.O. Condado de Huelva<\/strong> celebrar\u00e1 el brindis en la Plaza de las Monjas, un espacio abierto en el centro hist\u00f3rico de la ciudad, \u00e9ste a\u00f1o elegida Capital Espa\u00f1ola de la Gastronom\u00eda.<\/p>\n<p>La <strong>D.O. Ca. Rioja<\/strong> que tambi\u00e9n participa en la celebraci\u00f3n del D\u00cdA MOVIMIENTO VINO D-O. ha elegido el Paseo del Espol\u00f3n, la plaza m\u00e1s emblem\u00e1tica de la ciudad de Logro\u00f1o, capital de la provincia de La Rioja, escenario tambi\u00e9n de la ofrenda del primer mosto a la Virgen de Valvanera, una tradici\u00f3n en las fiestas de la vendimia riojana.<\/p>\n<p>La <strong>D.O. Catalunya<\/strong> ha elegido para realizar el brindis la sede del Consejo Regulador, en Estaci\u00f3n Enol\u00f3gica de Reus (Tarragona), un edificio modernista,\u00a0 construido durante el reinado de Alfonso XIII. Tambi\u00e9n ha elegido celebrar el brindis en su propia sede la <strong>D.O. B<\/strong><strong>izkaiko Txakolina<\/strong>, el Palacio Mendibile.<\/p>\n<p>En la regi\u00f3n de Murcia, la <strong>D.O.P. Bullas<\/strong> celebrar\u00e1 el D\u00cdA MOVIMIENTO VINO D.O. en Caravaca de la Cruz, municipio que celebra su A\u00f1o Santo. El brindis tendr\u00e1 lugar en el exterior de la Bas\u00edlica de la Vera Cruz de Caravaca y en el mismo participar\u00e1n miembros del Consejo Regulador D.O.P. Bullas, bodegas y amigos de \u00e9sta Denominaci\u00f3n de Origen.<\/p>\n<p>En la provincia de Valladolid, la <strong>D.O. Cigales<\/strong> convocar\u00e1 a las bodegas, socios de la Rutas del Vino y amigos en el Parque Municipal de Cigales, junto a las instalaciones del Consejo Regulador. Ser\u00e1 el presidente de la CRDO, Julio Vall\u00e9s, el encargado de dar la bienvenida a los asistentes, paso previo al brindis que tendr\u00e1 lugar a las 13.30 horas.<\/p>\n<p>En Mallorca, la <strong>Denominaci\u00f3n de Origen Binissalem<\/strong> tambi\u00e9n se une a la celebraci\u00f3n, enmarcada dentro de la programaci\u00f3n del evento Wine Days y el brindis, que tendr\u00e1 lugar en el Jard\u00edn de la Casa Museu LLoren\u00e7 Villalonga. Los programa y lugares de celebraci\u00f3n del resto de las Denominaciones de Origen que participan podr\u00e1n seguirse a trav\u00e9s de la p\u00e1gina web de Movimiento Vino D.O. y en las redes sociales a trav\u00e9s del hashtag <strong>#D\u00edaMovimientoVinoDO<\/strong>.<\/p>\n<p>La celebraci\u00f3n del D\u00cdA MOVIMIENTO VINO D.O. es una iniciativa de la <a href=\"http:\/\/www.cecrv.eu\/\/\/\/\/\/\/\/\/\/\">Conferencia Espa\u00f1ola de Consejos Reguladores Vitivin\u00edcolas<\/a>, a trav\u00e9s de Movimiento Vino D.O., campa\u00f1a desarrollada para poner en valor el vino con Denominaci\u00f3n de Origen a trav\u00e9s de los valores que defiende en su <a href=\"http:\/\/www.movimientovinodo.es\/manifiesto\/\/\/\/\/\/\/\/\/\/\">Manifiesto<\/a>: cultura, origen, calidad, seguridad, salud y estilo de vida.<\/p>\n<hr>\n<figure id=\"attachment_420\" aria-describedby=\"caption-attachment-420\" style=\"width: 300px\" class=\"wp-caption alignnone\"><a href=\"\/_archivos\/imagenes\/3209.jpg\" target=\"_blank\" rel=\"noopener noreferrer\"><img decoding=\"async\" class=\"size-medium\" src=\"\/_archivos\/imagenes\/300\/3209.jpg\" alt=\"La plaza de la Fuente de la Mora en la pasada Fiesta de la Vendimia\" title=\"La plaza de la Fuente de la Mora en la pasada Fiesta de la Vendimia\" width=\"300\" height=\"auto\" \/><\/a><figcaption id=\"caption-attachment-420\" class=\"wp-caption-text\"><a href=\"\/_archivos\/imagenes\/3209.jpg\" target=\"_blank\" rel=\"noopener noreferrer\">Descargar imagen<\/a><\/figcaption><\/figure>\n","protected":false},"excerpt":{"rendered":"<p>Palma de Mallorca, Logro\u00f1o, Colmenar de Oreja, Huelva, Lerma, Almendralejo, Cari\u00f1ena, Cigales, Leioa, Reus y Caravaca de la Cruz son algunos de los municipios elegidos por las Denominaciones de Origen que participan en la celebraci\u00f3n del D\u00cdA MOVIMIENTO VINO D.O., una jornada festiva, popular y participativa, en la que miles de personas a la vez, &hellip;<\/p>\n","protected":false},"author":6,"featured_media":3980,"comment_status":"closed","ping_status":"closed","sticky":false,"template":"","format":"standard","meta":{"_genesis_hide_title":false,"_genesis_hide_breadcrumbs":false,"_genesis_hide_singular_image":false,"_genesis_hide_footer_widgets":false,"_genesis_custom_body_class":"","_genesis_custom_post_class":"","_genesis_layout":"","ngg_post_thumbnail":0,"footnotes":""},"categories":[1],"tags":[],"class_list":{"0":"post-3979","1":"post","2":"type-post","3":"status-publish","4":"format-standard","5":"has-post-thumbnail","7":"category-noticias","8":"entry"},"_links":{"self":[{"href":"https:\/\/elvinodelaspiedras.es\/en\/wp-json\/wp\/v2\/posts\/3979"}],"collection":[{"href":"https:\/\/elvinodelaspiedras.es\/en\/wp-json\/wp\/v2\/posts"}],"about":[{"href":"https:\/\/elvinodelaspiedras.es\/en\/wp-json\/wp\/v2\/types\/post"}],"author":[{"embeddable":true,"href":"https:\/\/elvinodelaspiedras.es\/en\/wp-json\/wp\/v2\/users\/6"}],"replies":[{"embeddable":true,"href":"https:\/\/elvinodelaspiedras.es\/en\/wp-json\/wp\/v2\/comments?post=3979"}],"version-history":[{"count":1,"href":"https:\/\/elvinodelaspiedras.es\/en\/wp-json\/wp\/v2\/posts\/3979\/revisions"}],"predecessor-version":[{"id":5908,"href":"https:\/\/elvinodelaspiedras.es\/en\/wp-json\/wp\/v2\/posts\/3979\/revisions\/5908"}],"wp:featuredmedia":[{"embeddable":true,"href":"https:\/\/elvinodelaspiedras.es\/en\/wp-json\/wp\/v2\/media\/3980"}],"wp:attachment":[{"href":"https:\/\/elvinodelaspiedras.es\/en\/wp-json\/wp\/v2\/media?parent=3979"}],"wp:term":[{"taxonomy":"category","embeddable":true,"href":"https:\/\/elvinodelaspiedras.es\/en\/wp-json\/wp\/v2\/categories?post=3979"},{"taxonomy":"post_tag","embeddable":true,"href":"https:\/\/elvinodelaspiedras.es\/en\/wp-json\/wp\/v2\/tags?post=3979"}],"curies":[{"name":"wp","href":"https:\/\/api.w.org\/{rel}","templated":true}]}}