{"id":3981,"date":"2017-05-05T00:00:00","date_gmt":"2017-05-05T00:00:00","guid":{"rendered":"http:\/\/elvinodelaspiedras.local\/luisa-gavasa-invitada-especial-de-la-dop-carinena-para-celebrar-el-dia-movimiento-vino-do\/"},"modified":"2020-11-13T12:29:30","modified_gmt":"2020-11-13T12:29:30","slug":"luisa-gavasa-invitada-especial-de-la-dop-carinena-para-celebrar-el-dia-movimiento-vino-do","status":"publish","type":"post","link":"https:\/\/elvinodelaspiedras.es\/en\/comunicacion\/noticias\/luisa-gavasa-invitada-especial-de-la-dop-carinena-para-celebrar-el-dia-movimiento-vino-do\/","title":{"rendered":"Luisa Gavasa, invitada especial de la D.O.P. Cari\u00f1ena para celebrar el d\u00eda movimiento del vino D.O."},"content":{"rendered":"<p><strong>Luisa Gavasa<\/strong> ser\u00e1 la invitada especial en Cari\u00f1ena este s\u00e1bado 20 de mayo en el <a href=\"http:\/\/www.movimientovinodo.es\/dia-movimiento-vino-do\/\/\/\/\"><strong>D\u00cdA MOVIMIENTO VINO D.O<\/strong><\/a>., una celebraci\u00f3n colectiva en la que participan un total de 24 Denominaciones de Origen de Espa\u00f1a. La laureada actriz protagonizar\u00e1 los principales actos de la jornada en el municipio aragon\u00e9s, recibiendo as\u00ed un homenaje por su exitosa carrera.<\/p>\n<p>El <strong>acto central tendr\u00e1 lugar a las 13,30<\/strong> horas cuando se lleve a cabo un <strong>brindis simult\u00e1neo en las 25 localidades espa\u00f1olas<\/strong>. En Cari\u00f1ena, ser\u00e1 la int\u00e9rprete quien dirigir\u00e1 y pronunciar\u00e1 el brindis, que tendr\u00e1 lugar alrededor de la <strong>Fuente de la Mora<\/strong>, en la plaza de Espa\u00f1a del municipio. Este escenario tiene un gran simbolismo para la D.O.P. puesto que acoge cada mes de septiembre la<strong> Fiesta de la Vendimia,<\/strong> con el encendido de la fuente, de la que manan miles de litros de vino. La fiesta cumpli\u00f3 el a\u00f1o pasado 50 ediciones, siendo adem\u00e1s declarada de<strong> Inter\u00e9s Tur\u00edstico de Arag\u00f3n por el Gobierno auton\u00f3mico<\/strong>.<\/p>\n<p>La actividad comenzar\u00e1 a las <strong>12,30 h <\/strong>cuando las autoridades, el presidente y representantes del Consejo Regulador y de las bodegas <strong>recibir\u00e1n a Luisa Gavasa<\/strong> en la sede del Consejo Regulador. All\u00ed firmar\u00e1 en el \u201cLibro de Oro\u201d de la Denominaci\u00f3n. Posteriormente, <strong>a las 13 h,<\/strong> la int\u00e9rprete se dirigir\u00e1 hacia el <strong>Paseo de las Estrellas de Cari\u00f1ena<\/strong> para plasmar all\u00ed sus huellas en una hoja de vid de cemento, dejando constancia de su apoyo a la D.O.P. Esta tradici\u00f3n de imprimir las huellas de invitados ilustres la inaugur\u00f3 en 2014 el director y escritor <strong>David Trueba<\/strong>. Posteriormente tambi\u00e9n han dejado su impronta personajes de la cultura como <strong>Gabino Diego<\/strong>, <strong>Miguel \u00c1ngel Lamata<\/strong>, <strong>Paula Ortiz<\/strong><strong>, <\/strong><strong>Eduardo Noriega y Elvira Lindo<\/strong>.<\/p>\n<p>El D\u00cdA MOVIMIENTO VINO D.O. es una jornada participativa, popular y festiva en la que participan 24 denominaciones de origen, de 13 Comunidades Aut\u00f3nomas, para poner en valor el vino de calidad que se produce en sus zonas.<\/p>\n<p><strong>EL D\u00cdA MOVIMIENTO VINO D.O<\/strong>. es un iniciativa de <strong>CECRV (Conferencia Espa\u00f1ola de Consejos Reguladores Vitivin\u00edcolas)<\/strong>. Las 24 denominaciones de origen que participan en su primera edici\u00f3n son: Alicante, Arlanza, Binissalem, Bullas, Calatayud, Cari\u00f1ena, Catalunya, Cigales, Condado de Huelva, Jerez-X\u00e9res-Sherry y Manzanilla-Sanlucar de Barrameda, La Mancha, Madrid, Montilla-Moriles, Navarra, Pla i Llevant, R\u00edas Baixas, Ribeira Sacra, Ribera del Guadiana, Rioja,\u00a0 Valdepe\u00f1as, Valencia, Ucl\u00e9s, Utiel-Requena y Yecla.<\/p>\n<p>&#8220;Es la primera vez que se celebra en nuestro pa\u00eds una jornada de estas caracter\u00edsticas, cuyo objetivo es <strong>disfrutar y acercar el vino con denominaci\u00f3n de origen<\/strong>, poner en valor la calidad y los valores e historias ligadas a este producto y acercarlo a aquellos que a\u00fan no lo han descubierto&#8221;, se\u00f1ala <strong>David Palacios<\/strong>, presidente de CECRV.<\/p>\n<p><strong>Luisa Gavasa, una actriz en el mejor momento de su carrera<\/strong><\/p>\n<p>Nacida en 1951, la aragonesa Luisa Gavasa est\u00e1 viviendo en los \u00faltimos a\u00f1os uno de los momentos m\u00e1s dulces de su trayectoria profesional. En el a\u00f1o <strong>2015 recibi\u00f3 el Goya a la mejor actriz de reparto<\/strong> por su papel en \u201cLa Novia\u201d, pel\u00edcula dirigida por la tambi\u00e9n aragonesa<strong> Paula Ortiz<\/strong>, reconociendo as\u00ed la Academia su talento.<\/p>\n<p>La dilatada carrera de la artista la ha llevado del <strong>teatro<\/strong>, al <strong>cine<\/strong>, pasando tambi\u00e9n por la <strong>televisi\u00f3n<\/strong>. Se inici\u00f3 el mundo de la gran pantalla en 1977 en la pel\u00edcula \u201cDo\u00f1a Perfecta\u201d de <strong>C\u00e9sar Fern\u00e1ndez Ardav\u00edn<\/strong>. Ha trabajado con diversos directores espa\u00f1oles entre los que destacan algunos de la talla de <strong>Pedro Almod\u00f3var<\/strong> (\u201cEntre tinieblas\u201d), <strong>Javier Balaguer<\/strong> (\u201cSolo m\u00eda\u201d), <strong>Paula Ortiz<\/strong> (\u201cDe tu ventana a la m\u00eda\u201d, \u201cLa Novia\u201d) y<strong> Agust\u00ed Villaronga<\/strong> con quien, adem\u00e1s de \u201c99.9\u201d, ha rodado su \u00faltima pel\u00edcula \u201cIncierta Gloria\u201d, actualmente en cartelera.<\/p>\n<p>La actriz tampoco ha dado la espalda a la televisi\u00f3n, formando parte, entre otros, de repartos como el de la exitosa serie <strong>\u201cAmar en tiempos revueltos\u201d <\/strong>(2006-2009) o participando recientemente como secundaria de lujo en la primera serie de <strong>Netflix Espa\u00f1a<\/strong> de producci\u00f3n propia, <strong>\u201cLas chicas del cable\u201d<\/strong>.<\/p>\n<p>En 2014, el <strong>Ayuntamiento de Zaragoza<\/strong> la nombr\u00f3 <strong>Hija Predilecta<\/strong> de la ciudad y el pasado a\u00f1o fue la <strong>pregonera de las fiestas del Pilar<\/strong>. <\/p>\n<hr>\n<figure id=\"attachment_421\" aria-describedby=\"caption-attachment-421\" style=\"width: 300px\" class=\"wp-caption alignnone\"><a href=\"\/_archivos\/imagenes\/3213.jpg\" target=\"_blank\" rel=\"noopener noreferrer\"><img decoding=\"async\" class=\"size-medium\" src=\"\/_archivos\/imagenes\/300\/3213.jpg\" alt=\"luisa gavasa goya\" title=\"luisa gavasa goya\" width=\"300\" height=\"auto\" \/><\/a><figcaption id=\"caption-attachment-421\" class=\"wp-caption-text\"><a href=\"\/_archivos\/imagenes\/3213.jpg\" target=\"_blank\" rel=\"noopener noreferrer\">Descargar imagen<\/a><\/figcaption><\/figure>\n<figure id=\"attachment_421\" aria-describedby=\"caption-attachment-421\" style=\"width: 300px\" class=\"wp-caption alignnone\"><a href=\"\/_archivos\/imagenes\/3214.jpg\" target=\"_blank\" rel=\"noopener noreferrer\"><img decoding=\"async\" class=\"size-medium\" src=\"\/_archivos\/imagenes\/300\/3214.jpg\" alt=\"Luisa-Gavasa\" title=\"Luisa-Gavasa\" width=\"300\" height=\"auto\" \/><\/a><figcaption id=\"caption-attachment-421\" class=\"wp-caption-text\"><a href=\"\/_archivos\/imagenes\/3214.jpg\" target=\"_blank\" rel=\"noopener noreferrer\">Descargar imagen<\/a><\/figcaption><\/figure>\n<figure id=\"attachment_421\" aria-describedby=\"caption-attachment-421\" style=\"width: 300px\" class=\"wp-caption alignnone\"><a href=\"\/_archivos\/imagenes\/3215.jpg\" target=\"_blank\" rel=\"noopener noreferrer\"><img decoding=\"async\" class=\"size-medium\" src=\"\/_archivos\/imagenes\/300\/3215.jpg\" alt=\"DOPcari\u00f1ena-cartel-movimiento-vino HORIZONTAL\" title=\"DOPcari\u00f1ena-cartel-movimiento-vino HORIZONTAL\" width=\"300\" height=\"auto\" \/><\/a><figcaption id=\"caption-attachment-421\" class=\"wp-caption-text\"><a href=\"\/_archivos\/imagenes\/3215.jpg\" target=\"_blank\" rel=\"noopener noreferrer\">Descargar imagen<\/a><\/figcaption><\/figure>    \t<\/p>\n","protected":false},"excerpt":{"rendered":"<p>Luisa Gavasa ser\u00e1 la invitada especial en Cari\u00f1ena este s\u00e1bado 20 de mayo en el D\u00cdA MOVIMIENTO VINO D.O., una celebraci\u00f3n colectiva en la que participan un total de 24 Denominaciones de Origen de Espa\u00f1a. La laureada actriz protagonizar\u00e1 los principales actos de la jornada en el municipio aragon\u00e9s, recibiendo as\u00ed un homenaje por su &hellip;<\/p>\n","protected":false},"author":6,"featured_media":3982,"comment_status":"closed","ping_status":"closed","sticky":false,"template":"","format":"standard","meta":{"_genesis_hide_title":false,"_genesis_hide_breadcrumbs":false,"_genesis_hide_singular_image":false,"_genesis_hide_footer_widgets":false,"_genesis_custom_body_class":"","_genesis_custom_post_class":"","_genesis_layout":"","ngg_post_thumbnail":0,"footnotes":""},"categories":[1],"tags":[],"class_list":{"0":"post-3981","1":"post","2":"type-post","3":"status-publish","4":"format-standard","5":"has-post-thumbnail","7":"category-noticias","8":"entry"},"_links":{"self":[{"href":"https:\/\/elvinodelaspiedras.es\/en\/wp-json\/wp\/v2\/posts\/3981"}],"collection":[{"href":"https:\/\/elvinodelaspiedras.es\/en\/wp-json\/wp\/v2\/posts"}],"about":[{"href":"https:\/\/elvinodelaspiedras.es\/en\/wp-json\/wp\/v2\/types\/post"}],"author":[{"embeddable":true,"href":"https:\/\/elvinodelaspiedras.es\/en\/wp-json\/wp\/v2\/users\/6"}],"replies":[{"embeddable":true,"href":"https:\/\/elvinodelaspiedras.es\/en\/wp-json\/wp\/v2\/comments?post=3981"}],"version-history":[{"count":1,"href":"https:\/\/elvinodelaspiedras.es\/en\/wp-json\/wp\/v2\/posts\/3981\/revisions"}],"predecessor-version":[{"id":5907,"href":"https:\/\/elvinodelaspiedras.es\/en\/wp-json\/wp\/v2\/posts\/3981\/revisions\/5907"}],"wp:featuredmedia":[{"embeddable":true,"href":"https:\/\/elvinodelaspiedras.es\/en\/wp-json\/wp\/v2\/media\/3982"}],"wp:attachment":[{"href":"https:\/\/elvinodelaspiedras.es\/en\/wp-json\/wp\/v2\/media?parent=3981"}],"wp:term":[{"taxonomy":"category","embeddable":true,"href":"https:\/\/elvinodelaspiedras.es\/en\/wp-json\/wp\/v2\/categories?post=3981"},{"taxonomy":"post_tag","embeddable":true,"href":"https:\/\/elvinodelaspiedras.es\/en\/wp-json\/wp\/v2\/tags?post=3981"}],"curies":[{"name":"wp","href":"https:\/\/api.w.org\/{rel}","templated":true}]}}