{"id":3983,"date":"2017-05-18T00:00:00","date_gmt":"2017-05-18T00:00:00","guid":{"rendered":"http:\/\/elvinodelaspiedras.local\/artistas-musicales-participan-en-una-exclusiva-campana-audiovisual-para-apoyar-movimiento-del-vino-do\/"},"modified":"2020-11-13T12:29:30","modified_gmt":"2020-11-13T12:29:30","slug":"artistas-musicales-participan-en-una-exclusiva-campana-audiovisual-para-apoyar-movimiento-del-vino-do","status":"publish","type":"post","link":"https:\/\/elvinodelaspiedras.es\/en\/comunicacion\/noticias\/artistas-musicales-participan-en-una-exclusiva-campana-audiovisual-para-apoyar-movimiento-del-vino-do\/","title":{"rendered":"Artistas musicales participan en una exclusiva campa\u00f1a audiovisual para apoyar movimiento del vino D.O."},"content":{"rendered":"<p>El vino con Denominaci\u00f3n de Origen se convierte en el verdadero protagonista de la campa\u00f1a\u00a0#SoyMovimientoVinoDO en la que han participadoimportantesartistas musicales de nuestro pa\u00edsque apoyan<a href=\"http:\/\/www.movimientovinodo.es\/home\/\/\/\/\/\/\/\/\/\" target=\"_blank\" rel=\"noopener noreferrer\">MOVIMIENTO VINO D.O.<\/a><\/p>\n<p>La campa\u00f1a est\u00e1 <strong>formada por <\/strong><strong>varios v\u00eddeos<\/strong><strong>, grabados por los propios artistas, <\/strong><strong>cuyo nexo en com\u00fan es hacer el gesto de mover la copa antes de brindar. <\/strong>La difusi\u00f3n de los v\u00eddeos comenzar\u00e1 hoy y podr\u00e1 seguirse a lo largo de varias semanas a trav\u00e9s del hashtag <strong>#SoyMovimientoVinoDO<\/strong> en la web y las redes sociales de MOVIMIENTO VINO D.O. <\/p>\n<p><strong>La Oreja de Van Gogh, Sidonie, El Viaje de Eliot, Angy, Polock, Atacados, Carlos Sadness, Andr\u00e9s Su\u00e1rez y Juli\u00e1n Maeso son algunos de los artistas que <\/strong><strong>apoyan<\/strong><strong>Movimiento Vino D.O<\/strong><strong>.<\/strong><strong>, <\/strong>con el objetivo es ayudar a difundir los valores del vino con D.O., respeto al entorno, cultura, diversidad, disfrute<strong>\u2026,<\/strong> siempre desde un consumo responsable, y la variedad y diversidad que ofrecen las diferentes denominaciones de origen de vino de nuestro pa\u00eds. <\/p>\n<p><strong>Los artistas tambi\u00e9n se han sumado a MOVIMIENTO VINO D.O., uni\u00e9ndose a su <\/strong><a href=\"http:\/\/www.movimientovinodo.es\/manifiesto\/\/\/\/\/\/\/\/\/\" target=\"_blank\" rel=\"noopener noreferrer\">Manifiesto<\/a><strong>, <\/strong>cuyos valores se asientan en la cultura que surge del vi\u00f1edo y en la identidad de cada territorio; la importancia del origen, el consumo responsable, el respeto al entorno, la diversidad, la calidad y la seguridad alimentaria, la cultura en sus diferentes expresiones y en un estilo de vida que marca la diferencia, entre otros.<\/p>\n<p>El primer v\u00eddeo se puede disfrutar <a href=\"https:\/\/www.youtube.com\/watch?v=IwTrWgpprs8\" target=\"_blank\" rel=\"noopener noreferrer\">pinchando aqu\u00ed<\/a><\/p>\n<\/p>\n<p><strong>D\u00cdA MOVIMIENTO VINO D.O.<\/strong><\/p>\n<p>La difusi\u00f3n de la campa\u00f1a grabada por los artistas coincide con la celebraci\u00f3n del D\u00cdA MOVIMIENTO VINO D.O., que tendr\u00e1 lugar este s\u00e1bado 20 de mayo, en 24 municipios de 13 Comunidades Aut\u00f3nomas. <\/p>\n<p>El D\u00cdA MOVIMIENTO VINO D.O. y Movimiento Vino D.O. son iniciativas de CECRV (Conferencia Espa\u00f1ola de Consejos Reguladores Vitivin\u00edcolas) y en su primera edici\u00f3n participan 24 Denominaciones de Origen: <strong>Alicante, Arlanza, Binissalem, Bullas, Calatayud, Cari\u00f1ena, Catalunya, Cigales, Condado de Huelva, Jerez-X\u00e9res-Sherry y Manzanilla_Sanlucar de Barrameda, La Mancha, Vinos de Madrid, <\/strong><strong>Montilla-Moriles, Navarra, Pla i Llevant, R\u00edas Baixas, Ribeira Sacra, Ribera del Guadiana, Rioja,\u00a0 Valdepe\u00f1as, Valencia,\u00a0Ucl\u00e9s, Utiel-Requena <\/strong>y <strong>Yecla<\/strong>.<\/p>\n<p>Cada una de las Denominaciones de Origen ha preparado diferentes <strong>eventos, que tendr\u00e1n como nexo en com\u00fan la m\u00fasica y un brindis por el MOVIMIENTO VINO D.O., que se llevar\u00e1 a cabo a las 13:30 horas, de forma colectiva y simult\u00e1nea,<\/strong> siendo el primero de estas caracter\u00edsticas que se realiza en nuestro pa\u00eds. <\/p>\n<p>La programaci\u00f3n que ha preparado cada una de las Denominaciones de Origen que participa en el D\u00cdA MOVIMIENTO VINO D.O. se puede consultar en la <a href=\"http:\/\/www.movimientovinodo.es\/dia-movimiento-vino-do\/\/\/\/\/\/\/\/\/\" target=\"_blank\" rel=\"noopener noreferrer\">web<\/a>y en las redes sociales, siguiendo el hashtag #DiaMovimientoVinoDO. <\/p>\n<p><strong>Sobre MOVIMIENTO VINO D.O.<\/strong><\/p>\n<p>MOVIMIENTO VINO D.O. surge como necesidad de crear un entorno com\u00fan entre todas las Denominaciones de Origen que conforman la Conferencia Espa\u00f1ola de Consejos Reguladores Vitivin\u00edcolas (<a href=\"http:\/\/www.cecrv.eu\/\/\/\/\/\/\/\/\/\" target=\"_blank\" rel=\"noopener noreferrer\">CECRV<\/a>). Desde hace unos a\u00f1os, todos los estudios identifican la bajada de consumo de vino en Espa\u00f1a, precisamente uno de los pa\u00edses que m\u00e1s y mejor vino produce en el mundo. Conscientes de esta situaci\u00f3n y ante la necesidad de captar la atenci\u00f3n de los nuevos consumidores, <strong>la mayor\u00eda de las Denominaciones de Origen espa\u00f1olas decidieron unirse por primera vez y apostar por crear MOVIMIENTO VINO D.O., un lugar de encuentro d\u00f3nde miles de seguidores interact\u00faan d\u00eda a d\u00eda para compartir la pasi\u00f3n por el vino con Denominaci\u00f3n de Origen que se produce en Espa\u00f1a<\/strong>.<\/p>\n<hr>\n<figure id=\"attachment_422\" aria-describedby=\"caption-attachment-422\" style=\"width: 300px\" class=\"wp-caption alignnone\"><a href=\"\/_archivos\/imagenes\/3216.jpg\" target=\"_blank\" rel=\"noopener noreferrer\"><img decoding=\"async\" class=\"size-medium\" src=\"\/_archivos\/imagenes\/300\/3216.jpg\" alt=\"soy movimiento vino\" title=\"soy movimiento vino\" width=\"300\" height=\"auto\" \/><\/a><figcaption id=\"caption-attachment-422\" class=\"wp-caption-text\"><a href=\"\/_archivos\/imagenes\/3216.jpg\" target=\"_blank\" rel=\"noopener noreferrer\">Descargar imagen<\/a><\/figcaption><\/figure>\n","protected":false},"excerpt":{"rendered":"<p>El vino con Denominaci\u00f3n de Origen se convierte en el verdadero protagonista de la campa\u00f1a\u00a0#SoyMovimientoVinoDO en la que han participadoimportantesartistas musicales de nuestro pa\u00edsque apoyanMOVIMIENTO VINO D.O. La campa\u00f1a est\u00e1 formada por varios v\u00eddeos, grabados por los propios artistas, cuyo nexo en com\u00fan es hacer el gesto de mover la copa antes de brindar. La &hellip;<\/p>\n","protected":false},"author":6,"featured_media":3984,"comment_status":"closed","ping_status":"closed","sticky":false,"template":"","format":"standard","meta":{"_genesis_hide_title":false,"_genesis_hide_breadcrumbs":false,"_genesis_hide_singular_image":false,"_genesis_hide_footer_widgets":false,"_genesis_custom_body_class":"","_genesis_custom_post_class":"","_genesis_layout":"","ngg_post_thumbnail":0,"footnotes":""},"categories":[1],"tags":[],"class_list":{"0":"post-3983","1":"post","2":"type-post","3":"status-publish","4":"format-standard","5":"has-post-thumbnail","7":"category-noticias","8":"entry"},"_links":{"self":[{"href":"https:\/\/elvinodelaspiedras.es\/en\/wp-json\/wp\/v2\/posts\/3983"}],"collection":[{"href":"https:\/\/elvinodelaspiedras.es\/en\/wp-json\/wp\/v2\/posts"}],"about":[{"href":"https:\/\/elvinodelaspiedras.es\/en\/wp-json\/wp\/v2\/types\/post"}],"author":[{"embeddable":true,"href":"https:\/\/elvinodelaspiedras.es\/en\/wp-json\/wp\/v2\/users\/6"}],"replies":[{"embeddable":true,"href":"https:\/\/elvinodelaspiedras.es\/en\/wp-json\/wp\/v2\/comments?post=3983"}],"version-history":[{"count":1,"href":"https:\/\/elvinodelaspiedras.es\/en\/wp-json\/wp\/v2\/posts\/3983\/revisions"}],"predecessor-version":[{"id":5906,"href":"https:\/\/elvinodelaspiedras.es\/en\/wp-json\/wp\/v2\/posts\/3983\/revisions\/5906"}],"wp:featuredmedia":[{"embeddable":true,"href":"https:\/\/elvinodelaspiedras.es\/en\/wp-json\/wp\/v2\/media\/3984"}],"wp:attachment":[{"href":"https:\/\/elvinodelaspiedras.es\/en\/wp-json\/wp\/v2\/media?parent=3983"}],"wp:term":[{"taxonomy":"category","embeddable":true,"href":"https:\/\/elvinodelaspiedras.es\/en\/wp-json\/wp\/v2\/categories?post=3983"},{"taxonomy":"post_tag","embeddable":true,"href":"https:\/\/elvinodelaspiedras.es\/en\/wp-json\/wp\/v2\/tags?post=3983"}],"curies":[{"name":"wp","href":"https:\/\/api.w.org\/{rel}","templated":true}]}}