{"id":3985,"date":"2017-05-20T00:00:00","date_gmt":"2017-05-20T00:00:00","guid":{"rendered":"http:\/\/elvinodelaspiedras.local\/luisa-gavasa-invita-en-el-brindis-del-dia-movimiento-vino-do-a-celebrar-la-vida-y-la-inmortalidad-que-nos-da-el-vino\/"},"modified":"2020-11-13T12:29:30","modified_gmt":"2020-11-13T12:29:30","slug":"luisa-gavasa-invita-en-el-brindis-del-dia-movimiento-vino-do-a-celebrar-la-vida-y-la-inmortalidad-que-nos-da-el-vino","status":"publish","type":"post","link":"https:\/\/elvinodelaspiedras.es\/en\/comunicacion\/noticias\/luisa-gavasa-invita-en-el-brindis-del-dia-movimiento-vino-do-a-celebrar-la-vida-y-la-inmortalidad-que-nos-da-el-vino\/","title":{"rendered":"Luisa Gavasa invita en el brindis del d\u00eda movimiento vino D.O. a \u201ccelebrar la vida y la inmortalidad que nos da el vino\u201d"},"content":{"rendered":"<p>La actriz <strong>Luisa Gavasa<\/strong>, invitada especial en la D.O.P. Cari\u00f1ena, ha sido la protagonista en la localidad zaragozana de la primera edici\u00f3n del<strong> D\u00cdA MOVIMIENTO VINO D.O.<\/strong>, una jornada festiva que se ha celebrado hoy 20 de mayo y que ha unido a 24 denominaciones vin\u00edcolas espa\u00f1olas en un acto festivo y reivindicativo.<\/p>\n<p>El <strong>acto central <\/strong>del D\u00cdA MOVIMIENTO VINO D.O. ha sido la celebraci\u00f3n de un <strong>brindis simult\u00e1neo a las 13,30 en las 24 denominaciones de origen participantes<\/strong>. En Cari\u00f1ena, la responsable de pronunciarlo ha sido la actriz aragonesa quien, vali\u00e9ndose del dicho latino <em>In Vino Veritas <\/em>(en el vino est\u00e1 la verdad),<em> <\/em>ha invitado a los presentes a &#8220;celebrar la vida y la inmortalidad que nos da el vino desde la verdad&#8221;. &#8220;El vino nos abre puertas de la comunicaci\u00f3n hacia los dem\u00e1s, nos permite contactar a unos niveles que sin \u00e9l no nos atrever\u00edamos y encima tambi\u00e9n crea amigos&#8221;, ha explicado, copa en mano ante las casi 400 personas congregadas ante la Fuente de la Mora, en la plaza de Espa\u00f1a de la localidad.<\/p>\n<p>Anteriormente, Gavasa ha firmado en el &#8220;<strong>Libro de Oro&#8221;<\/strong> de la Denominaci\u00f3n en el Consejo Regulador para posteriormente dejar sus huellas <strong>en el<\/strong> <strong>Paseo de las Estrellas de Cari\u00f1ena<\/strong> en una hoja de vid de cemento, mostrando as\u00ed su apoyo a la D.O.P. La homenajeada ha querido agradecer este gesto y el cari\u00f1o de las personas presentes, ya que as\u00ed siente que &#8220;va a morir un poquito menos&#8221;. &#8220;Es una satisfacci\u00f3n plasmar mis manos porque cuando mis pel\u00edculas ya no existan podr\u00e1n venir mis nietos a Cari\u00f1ena a ver las huellas de su abuela y sentirse orgullosos&#8221;, ha confesado la actriz, cuyo nombre se une a los de <strong>David Trueba, Gabino Diego<\/strong>, <strong>Miguel \u00c1ngel Lamata<\/strong>, <strong>Paula Ortiz<\/strong><strong>, <\/strong><strong>Eduardo Noriega y Elvira Lindo<\/strong>, quienes tambi\u00e9n tienen su espacio en este Paseo.<\/p>\n<p>Por su parte, <strong>Antonio Ubide<\/strong>, presidente de la D.O.P. Cari\u00f1ena, ha mostrado su satisfacci\u00f3n por la presencia de la artista a quien la Denominaci\u00f3n ha querido homenajear\u00a0 con este acto porque &#8220;nos ha hecho pasar muy buenos momentos&#8221;, ha comentado justo antes de dar paso a la actriz para que realizara el brindis. En cuanto al D\u00cdA MOVIMIENTO VINO D.O., el presidente ha resaltado que se cumple&#8221;uno de los planes de la Confederaci\u00f3n Espa\u00f1ola de Consejos Reguladores del Vino con Denominaci\u00f3n de Origen, que con la campa\u00f1a &#8220;Movimiento Vino D. O&#8221; quiere poner en valor el territorio y, sobre todo, a las personas que vivimos en las zonas vitivin\u00edcolas espa\u00f1olas&#8221;.<\/p>\n<p><strong>EL D\u00cdA MOVIMIENTO VINO D.O<\/strong>. es un iniciativa de <strong>CECRV (Conferencia Espa\u00f1ola de Consejos Reguladores Vitivin\u00edcolas), en la que participan 24 denominaciones de origen de 13 Comunidades Aut\u00f3nomas. <\/strong>Las 24 denominaciones de origen que han tomado parte en esta primera edici\u00f3n han sido: Alicante, Arlanza, Binissalem, Bullas, Calatayud, Cari\u00f1ena, Catalunya, Cigales, Condado de Huelva, Jerez-X\u00e9res-Sherry y Manzanilla-Sanlucar de Barrameda, La Mancha, Madrid, Montilla-Moriles, Navarra, Pla i Llevant, R\u00edas Baixas, Ribeira Sacra, Ribera del Guadiana, Rioja, Valdepe\u00f1as, Valencia, Ucl\u00e9s, Utiel-Requena y Yecla. El objetivo de esta celebraci\u00f3n es poner en valor el vino que se produce en sus zonas.<\/p>\n<p>Los actos de las diferentes denominaciones se han podido seguir<strong> a trav\u00e9s de las redes sociales con el hashtag #DiaMovimientoVinoDO<\/strong>. Los usuarios que han subido fotos con ese hashtag a Twitter o Instagram entrar\u00e1n en el sorteo de 10 lotes de 2 botellas de vino D.O. La iniciativa cuenta con un apartado especial en la web del Movimiento Vino DO (<a href=\"http:\/\/www.movimientovinodo.es\/dia-movimiento-vino-do\/\/\/\/\/\/\/\/\/\/\/\/\/\/\/\">http:\/\/www.movimientovinodo.es\/dia-movimiento-vino-do\/<\/a>) en el que se puede ampliar informaci\u00f3n sobre la jornada y sobre las denominaciones de origen participantes.<\/p>\n<hr>\n<figure id=\"attachment_423\" aria-describedby=\"caption-attachment-423\" style=\"width: 300px\" class=\"wp-caption alignnone\"><a href=\"\/_archivos\/imagenes\/3217.jpg\" target=\"_blank\" rel=\"noopener noreferrer\"><img decoding=\"async\" class=\"size-medium\" src=\"\/_archivos\/imagenes\/300\/3217.jpg\" alt=\"Luisa Gavasa y Antonio Ubide en el brindis de D\u00cdA MOVIMIENTO VINO DO\" title=\"Luisa Gavasa y Antonio Ubide en el brindis de D\u00cdA MOVIMIENTO VINO DO\" width=\"300\" height=\"auto\" \/><\/a><figcaption id=\"caption-attachment-423\" class=\"wp-caption-text\"><a href=\"\/_archivos\/imagenes\/3217.jpg\" target=\"_blank\" rel=\"noopener noreferrer\">Descargar imagen<\/a><\/figcaption><\/figure>\n<figure id=\"attachment_423\" aria-describedby=\"caption-attachment-423\" style=\"width: 300px\" class=\"wp-caption alignnone\"><a href=\"\/_archivos\/imagenes\/3218.jpg\" target=\"_blank\" rel=\"noopener noreferrer\"><img decoding=\"async\" class=\"size-medium\" src=\"\/_archivos\/imagenes\/300\/3218.jpg\" alt=\"Brindis junto a la emblem\u00e1tica Fuente de la Mora de Cari\u00f1ena\" title=\"Brindis junto a la emblem\u00e1tica Fuente de la Mora de Cari\u00f1ena\" width=\"300\" height=\"auto\" \/><\/a><figcaption id=\"caption-attachment-423\" class=\"wp-caption-text\"><a href=\"\/_archivos\/imagenes\/3218.jpg\" target=\"_blank\" rel=\"noopener noreferrer\">Descargar imagen<\/a><\/figcaption><\/figure>\n<figure id=\"attachment_423\" aria-describedby=\"caption-attachment-423\" style=\"width: 300px\" class=\"wp-caption alignnone\"><a href=\"\/_archivos\/imagenes\/3219.jpg\" target=\"_blank\" rel=\"noopener noreferrer\"><img decoding=\"async\" class=\"size-medium\" src=\"\/_archivos\/imagenes\/300\/3219.jpg\" alt=\"Cari\u00f1enenses alzando sus copas en el brindis\" title=\"Cari\u00f1enenses alzando sus copas en el brindis\" width=\"300\" height=\"auto\" \/><\/a><figcaption id=\"caption-attachment-423\" class=\"wp-caption-text\"><a href=\"\/_archivos\/imagenes\/3219.jpg\" target=\"_blank\" rel=\"noopener noreferrer\">Descargar imagen<\/a><\/figcaption><\/figure>\n<figure id=\"attachment_423\" aria-describedby=\"caption-attachment-423\" style=\"width: 300px\" class=\"wp-caption alignnone\"><a href=\"\/_archivos\/imagenes\/3221.jpg\" target=\"_blank\" rel=\"noopener noreferrer\"><img decoding=\"async\" class=\"size-medium\" src=\"\/_archivos\/imagenes\/300\/3221.jpg\" alt=\"Luisa Gavasa tras plasmar sus manos en el Paseo de las Estrellas de Cari\u00f1ena\" title=\"Luisa Gavasa tras plasmar sus manos en el Paseo de las Estrellas de Cari\u00f1ena\" width=\"300\" height=\"auto\" \/><\/a><figcaption id=\"caption-attachment-423\" class=\"wp-caption-text\"><a href=\"\/_archivos\/imagenes\/3221.jpg\" target=\"_blank\" rel=\"noopener noreferrer\">Descargar imagen<\/a><\/figcaption><\/figure>\n<figure id=\"attachment_423\" aria-describedby=\"caption-attachment-423\" style=\"width: 300px\" class=\"wp-caption alignnone\"><a href=\"\/_archivos\/imagenes\/3222.jpg\" target=\"_blank\" rel=\"noopener noreferrer\"><img decoding=\"async\" class=\"size-medium\" src=\"\/_archivos\/imagenes\/300\/3222.jpg\" alt=\"Sergio Ortiz (alcalde y presidente Comarca Cari\u00f1ena), Antonio Ubide (presidente DOP Cari\u00f1ena) y la a\" title=\"Sergio Ortiz (alcalde y presidente Comarca Cari\u00f1ena), Antonio Ubide (presidente DOP Cari\u00f1ena) y la a\" width=\"300\" height=\"auto\" \/><\/a><figcaption id=\"caption-attachment-423\" class=\"wp-caption-text\"><a href=\"\/_archivos\/imagenes\/3222.jpg\" target=\"_blank\" rel=\"noopener noreferrer\">Descargar imagen<\/a><\/figcaption><\/figure>    \t<\/p>\n","protected":false},"excerpt":{"rendered":"<p>La actriz Luisa Gavasa, invitada especial en la D.O.P. Cari\u00f1ena, ha sido la protagonista en la localidad zaragozana de la primera edici\u00f3n del D\u00cdA MOVIMIENTO VINO D.O., una jornada festiva que se ha celebrado hoy 20 de mayo y que ha unido a 24 denominaciones vin\u00edcolas espa\u00f1olas en un acto festivo y reivindicativo. El acto &hellip;<\/p>\n","protected":false},"author":6,"featured_media":3986,"comment_status":"closed","ping_status":"closed","sticky":false,"template":"","format":"standard","meta":{"_genesis_hide_title":false,"_genesis_hide_breadcrumbs":false,"_genesis_hide_singular_image":false,"_genesis_hide_footer_widgets":false,"_genesis_custom_body_class":"","_genesis_custom_post_class":"","_genesis_layout":"","ngg_post_thumbnail":0,"footnotes":""},"categories":[1],"tags":[],"class_list":{"0":"post-3985","1":"post","2":"type-post","3":"status-publish","4":"format-standard","5":"has-post-thumbnail","7":"category-noticias","8":"entry"},"_links":{"self":[{"href":"https:\/\/elvinodelaspiedras.es\/en\/wp-json\/wp\/v2\/posts\/3985"}],"collection":[{"href":"https:\/\/elvinodelaspiedras.es\/en\/wp-json\/wp\/v2\/posts"}],"about":[{"href":"https:\/\/elvinodelaspiedras.es\/en\/wp-json\/wp\/v2\/types\/post"}],"author":[{"embeddable":true,"href":"https:\/\/elvinodelaspiedras.es\/en\/wp-json\/wp\/v2\/users\/6"}],"replies":[{"embeddable":true,"href":"https:\/\/elvinodelaspiedras.es\/en\/wp-json\/wp\/v2\/comments?post=3985"}],"version-history":[{"count":1,"href":"https:\/\/elvinodelaspiedras.es\/en\/wp-json\/wp\/v2\/posts\/3985\/revisions"}],"predecessor-version":[{"id":5905,"href":"https:\/\/elvinodelaspiedras.es\/en\/wp-json\/wp\/v2\/posts\/3985\/revisions\/5905"}],"wp:featuredmedia":[{"embeddable":true,"href":"https:\/\/elvinodelaspiedras.es\/en\/wp-json\/wp\/v2\/media\/3986"}],"wp:attachment":[{"href":"https:\/\/elvinodelaspiedras.es\/en\/wp-json\/wp\/v2\/media?parent=3985"}],"wp:term":[{"taxonomy":"category","embeddable":true,"href":"https:\/\/elvinodelaspiedras.es\/en\/wp-json\/wp\/v2\/categories?post=3985"},{"taxonomy":"post_tag","embeddable":true,"href":"https:\/\/elvinodelaspiedras.es\/en\/wp-json\/wp\/v2\/tags?post=3985"}],"curies":[{"name":"wp","href":"https:\/\/api.w.org\/{rel}","templated":true}]}}