{"id":3987,"date":"2017-05-22T00:00:00","date_gmt":"2017-05-22T00:00:00","guid":{"rendered":"http:\/\/elvinodelaspiedras.local\/el-marketing-protagoniza-las-xiii-jornadas-tecnicas-en-enologia\/"},"modified":"2020-11-13T12:29:30","modified_gmt":"2020-11-13T12:29:30","slug":"el-marketing-protagoniza-las-xiii-jornadas-tecnicas-en-enologia","status":"publish","type":"post","link":"https:\/\/elvinodelaspiedras.es\/en\/comunicacion\/noticias\/el-marketing-protagoniza-las-xiii-jornadas-tecnicas-en-enologia\/","title":{"rendered":"El marketing protagoniza las XIII jornadas t\u00e9cnicas en enolog\u00eda"},"content":{"rendered":"<p>El Paraninfo de la Universidad de Zaragoza albergar\u00e1 el pr\u00f3ximo mi\u00e9rcoles 24 de mayo la<strong> XIII edici\u00f3n de las Jornadas T\u00e9cnicas en Enolog\u00eda<\/strong>, organizadas por el Instituto de Ense\u00f1anza Secundaria &#8220;Joaqu\u00edn Costa&#8221; de Cari\u00f1ena, en colaboraci\u00f3n con el el Consejo Regulador de la Denominaci\u00f3n de Origen Protegida Cari\u00f1ena, el Ayuntamiento de Cari\u00f1ena y la Comarca del\u00a0 Campo de Cari\u00f1ena.<\/p>\n<p>Este a\u00f1o las jornadas girar\u00e1n en torno a la <strong>importancia del marketing en el mundo del vino<\/strong>. Tras la inauguraci\u00f3n, que tendr\u00e1 lugar a las 17,15 horas, se celebrar\u00e1 la primera de las ponencias titulada <strong>&#8216;Marketing Internacional del vino espa\u00f1ol: Reflexiones y Retos&#8217;<\/strong>, que correr\u00e1 a cargo de <strong>Agust\u00edn Ruiz<\/strong>, catedr\u00e1tico de comercializaci\u00f3n e investigaci\u00f3n de mercados de la Universidad de La Rioja. A las 18,30 h ser\u00e1 el turno de <strong>Diego Mur<\/strong>, brand manager de Gonz\u00e1lez Byass, que centrar\u00e1 su intervenci\u00f3n en exponer las <strong>acciones de \u00e9xito de marketing de Vi\u00f1as del Vero<\/strong>. La charla ir\u00e1 acompa\u00f1ada con la cata de un Vi\u00f1as del Vero Gew\u00fcrztraminer 2016 y de un Vi\u00f1as del Vero Gran Vos, reserva de 2009.<\/p>\n<p>Para finalizar el encuentro, a las 19,15 h tendr\u00e1 lugar la \u00faltima de las charlas dedicada al<strong> &#8216;Marketing y Vinos: Una cara moderna en Cari\u00f1ena&#8217;<\/strong>. \u00c9sta ser\u00e1 impartida por <strong>Ignacio L\u00e1zaro<\/strong>, director comercial de Bodegas Care, y contar\u00e1 adem\u00e1s con una cata de vinos que incluir\u00e1 botellas de Care Chardonnay 2016, Care Solidarity Rose y Care Finca Bancales 2013.<\/p>\n<p>Las jornadas quieren promover la cultura del vino no s\u00f3lo entre profesionales, sino entre todos aquellos interesados en el sector. Por ello la<strong> entrada es gratuita<\/strong>, pero se recomienda reservar plaza con antelaci\u00f3n, escribiendo un correo a <a href=\"mailto:estudiaelvino@gmail.com\">estudiaelvino@gmail.com<\/a> o bien llamando al tel\u00e9fono 976 620 120.<\/p>\n<p><strong>EL IES &#8220;JOAQU\u00cdN COSTA&#8221;, PRESENTE EN EL SAL\u00d3N DE PROFESIONALES DE LA HOSTELER\u00cdA DE ARAG\u00d3N<\/strong><\/p>\n<p>El IES &#8220;Joaqu\u00edn Costa&#8221; de Cari\u00f1ena dispondr\u00e1 de un <strong>stand propio<\/strong> el pr\u00f3ximo d\u00eda 29 de mayo en el <strong>Sal\u00f3n de Profesionales de la Hosteler\u00eda de Arag\u00f3n (Shapa)<\/strong>, que se celebra en el<strong> Hotel Hiberus<\/strong> de la capital aragonesa en horario de 11,00 a 21,30. All\u00ed se realizar\u00e1 durante todo el d\u00eda la <strong>presentaci\u00f3n y cata<\/strong> de los productos elaborados en el centro formativo. Ser\u00e1 un escaparate del trabajo que realizan d\u00eda a d\u00eda los alumnos de este centro de formaci\u00f3n profesional y el punto final a las Jornadas T\u00e9cnicas en Enolog\u00eda de este a\u00f1o.<\/p>\n<p>El instituto ofrece desde 2002 una ense\u00f1anza completa orientada al mundo del vino. Para ello cuenta con dos ciclos formativos: un <strong>Grado Superior en Viticultura<\/strong> y un <strong>Grado Medio de Elaboraci\u00f3n de Aceites de Oliva y Vinos<\/strong>.<\/p>\n<hr>\n<figure id=\"attachment_424\" aria-describedby=\"caption-attachment-424\" style=\"width: 300px\" class=\"wp-caption alignnone\"><a href=\"\/_archivos\/imagenes\/3224.jpg\" target=\"_blank\" rel=\"noopener noreferrer\"><img decoding=\"async\" class=\"size-medium\" src=\"\/_archivos\/imagenes\/300\/3224.jpg\" alt=\"jornadas2017_B\" title=\"jornadas2017_B\" width=\"300\" height=\"auto\" \/><\/a><figcaption id=\"caption-attachment-424\" class=\"wp-caption-text\"><a href=\"\/_archivos\/imagenes\/3224.jpg\" target=\"_blank\" rel=\"noopener noreferrer\">Descargar imagen<\/a><\/figcaption><\/figure>\n<figure id=\"attachment_424\" aria-describedby=\"caption-attachment-424\" style=\"width: 300px\" class=\"wp-caption alignnone\"><a href=\"\/_archivos\/imagenes\/3225.jpg\" target=\"_blank\" rel=\"noopener noreferrer\"><img decoding=\"async\" class=\"size-medium\" src=\"\/_archivos\/imagenes\/300\/3225.jpg\" alt=\"jornadas2017_A\" title=\"jornadas2017_A\" width=\"300\" height=\"auto\" \/><\/a><figcaption id=\"caption-attachment-424\" class=\"wp-caption-text\"><a href=\"\/_archivos\/imagenes\/3225.jpg\" target=\"_blank\" rel=\"noopener noreferrer\">Descargar imagen<\/a><\/figcaption><\/figure>\n<figure id=\"attachment_424\" aria-describedby=\"caption-attachment-424\" style=\"width: 300px\" class=\"wp-caption alignnone\"><a href=\"\/_archivos\/imagenes\/3229.jpg\" target=\"_blank\" rel=\"noopener noreferrer\"><img decoding=\"async\" class=\"size-medium\" src=\"\/_archivos\/imagenes\/300\/3229.jpg\" alt=\"jornadas2017_cartel horizontal\" title=\"jornadas2017_cartel horizontal\" width=\"300\" height=\"auto\" \/><\/a><figcaption id=\"caption-attachment-424\" class=\"wp-caption-text\"><a href=\"\/_archivos\/imagenes\/3229.jpg\" target=\"_blank\" rel=\"noopener noreferrer\">Descargar imagen<\/a><\/figcaption><\/figure>    \t<\/p>\n","protected":false},"excerpt":{"rendered":"<p>El Paraninfo de la Universidad de Zaragoza albergar\u00e1 el pr\u00f3ximo mi\u00e9rcoles 24 de mayo la XIII edici\u00f3n de las Jornadas T\u00e9cnicas en Enolog\u00eda, organizadas por el Instituto de Ense\u00f1anza Secundaria &#8220;Joaqu\u00edn Costa&#8221; de Cari\u00f1ena, en colaboraci\u00f3n con el el Consejo Regulador de la Denominaci\u00f3n de Origen Protegida Cari\u00f1ena, el Ayuntamiento de Cari\u00f1ena y la Comarca &hellip;<\/p>\n","protected":false},"author":6,"featured_media":3988,"comment_status":"closed","ping_status":"closed","sticky":false,"template":"","format":"standard","meta":{"_genesis_hide_title":false,"_genesis_hide_breadcrumbs":false,"_genesis_hide_singular_image":false,"_genesis_hide_footer_widgets":false,"_genesis_custom_body_class":"","_genesis_custom_post_class":"","_genesis_layout":"","ngg_post_thumbnail":0,"footnotes":""},"categories":[1],"tags":[],"class_list":{"0":"post-3987","1":"post","2":"type-post","3":"status-publish","4":"format-standard","5":"has-post-thumbnail","7":"category-noticias","8":"entry"},"_links":{"self":[{"href":"https:\/\/elvinodelaspiedras.es\/en\/wp-json\/wp\/v2\/posts\/3987"}],"collection":[{"href":"https:\/\/elvinodelaspiedras.es\/en\/wp-json\/wp\/v2\/posts"}],"about":[{"href":"https:\/\/elvinodelaspiedras.es\/en\/wp-json\/wp\/v2\/types\/post"}],"author":[{"embeddable":true,"href":"https:\/\/elvinodelaspiedras.es\/en\/wp-json\/wp\/v2\/users\/6"}],"replies":[{"embeddable":true,"href":"https:\/\/elvinodelaspiedras.es\/en\/wp-json\/wp\/v2\/comments?post=3987"}],"version-history":[{"count":1,"href":"https:\/\/elvinodelaspiedras.es\/en\/wp-json\/wp\/v2\/posts\/3987\/revisions"}],"predecessor-version":[{"id":5903,"href":"https:\/\/elvinodelaspiedras.es\/en\/wp-json\/wp\/v2\/posts\/3987\/revisions\/5903"}],"wp:featuredmedia":[{"embeddable":true,"href":"https:\/\/elvinodelaspiedras.es\/en\/wp-json\/wp\/v2\/media\/3988"}],"wp:attachment":[{"href":"https:\/\/elvinodelaspiedras.es\/en\/wp-json\/wp\/v2\/media?parent=3987"}],"wp:term":[{"taxonomy":"category","embeddable":true,"href":"https:\/\/elvinodelaspiedras.es\/en\/wp-json\/wp\/v2\/categories?post=3987"},{"taxonomy":"post_tag","embeddable":true,"href":"https:\/\/elvinodelaspiedras.es\/en\/wp-json\/wp\/v2\/tags?post=3987"}],"curies":[{"name":"wp","href":"https:\/\/api.w.org\/{rel}","templated":true}]}}