{"id":3991,"date":"2017-06-22T00:00:00","date_gmt":"2017-06-22T00:00:00","guid":{"rendered":"http:\/\/elvinodelaspiedras.local\/cecrv-reivindica-en-el-congreso-la-diferenciacion-del-vino-y-propone-medidas-educativas-para-eliminar-el-consumo-de-alcohol-en-menores\/"},"modified":"2020-11-13T12:29:30","modified_gmt":"2020-11-13T12:29:30","slug":"cecrv-reivindica-en-el-congreso-la-diferenciacion-del-vino-y-propone-medidas-educativas-para-eliminar-el-consumo-de-alcohol-en-menores","status":"publish","type":"post","link":"https:\/\/elvinodelaspiedras.es\/en\/comunicacion\/noticias\/cecrv-reivindica-en-el-congreso-la-diferenciacion-del-vino-y-propone-medidas-educativas-para-eliminar-el-consumo-de-alcohol-en-menores\/","title":{"rendered":"Cecrv reivindica en el congreso la diferenciaci\u00f3n del vino y propone medidas educativas para eliminar el consumo de alcohol en menores"},"content":{"rendered":"<p>La <strong>Conferencia Espa\u00f1ola de Consejos Reguladores Vitivin\u00edcolas (CECRV)<\/strong> solicit\u00f3 su comparecencia en la Comisi\u00f3n Mixta (Congreso-Senado) para el Estudio del Programa de las Drogas, que actualmente est\u00e1 desarrollando una ponencia sobre Alcohol y Menores, destinada a estudiar medidas que acaben con el consumo de alcohol por parte de \u00e9stos.<\/p>\n<p>Dicha comparecencia se produjo el 20 de junio. En ella, Jos\u00e9 Luis Lapuente S\u00e1nchez, Director General del C.R.D.O. Ca. Rioja, que compareci\u00f3 en representaci\u00f3n de CECRV,<strong> defendi\u00f3 en primer lugar el car\u00e1cter espec\u00edfico del vino respecto al conjunto de bebidas alcoh\u00f3licas<\/strong>, reconocida por la propia legislaci\u00f3n, que lo cataloga en el art. 4 de la Ley 24\/2003, de la Vi\u00f1a y el Vino, como alimento y que encomienda a la administraci\u00f3n la promoci\u00f3n de su consumo moderado, de sus valores, como parte de la Dieta Mediterr\u00e1nea, todo ello en el marco de la prohibici\u00f3n legal del consumo de alcohol en menores.<\/p>\n<p><strong>CECRV ofreci\u00f3 total colaboraci\u00f3n de las denominaciones de origen con el trabajo llevado a cabo por esta Comisi\u00f3n<\/strong>. En ese contexto, con el fin de que los diputados puedan tener el m\u00e1ximo conocimiento del sector del sobre el sector del vino y sobre las medidas que \u00e9ste estaba llevando a cabo para evitar el consumo de alcohol en menores y\u00a0 contra el consumo abusivo, el Sr. Lapuente <strong>record\u00f3 la aportaci\u00f3n del sector y en particular de las D.O. al conjunto de la sociedad<\/strong>, fijando poblaci\u00f3n al medio rural, conformando paisaje y preservando el medio ambiente en territorios que de otro modo podr\u00edan estar condenados al barbecho o a la desertificaci\u00f3n y generando unos ingresos que revierten en las propias zonas de producci\u00f3n en la medida que ni la producci\u00f3n, ni la elaboraci\u00f3n se pueden deslocalizar.<\/p>\n<p>Asimismo, se\u00f1al\u00f3 que <strong>el vino con denominaci\u00f3n de origen vertebra zonas y sociedades<\/strong>, ejemplificando la aportaci\u00f3n que en t\u00e9rminos de riqueza y cultura supone el vino con denominaci\u00f3n de origen en una comunidad aut\u00f3noma como La Rioja.<\/p>\n<p>El representante de CECRV quiso enfatizar tambi\u00e9n que <strong>el sector del vino es el m\u00e1s regulado en el conjunto de productos agroalimentarios, no solo a nivel nacional y a nivel Uni\u00f3n Europea, sino tambi\u00e9n a nivel internacional<\/strong>, recordando que los Acuerdos sobre Derechos Propiedad Intelectual relativos al Comercio (ADPIC) en el marco de\u00a0 la Organizaci\u00f3n Mundial del Comercio protegen desde hace d\u00e9cadas a las denominaciones de origen como bienes de derecho p\u00fablico.<\/p>\n<p>La Conferencia expuso como las bajas cifras de consumo de vino en nuestro pa\u00eds, as\u00ed como el perfil de poblaci\u00f3n que lo consume, parecen limitar mucho la responsabilidad del vino en lo que se refiere al consumo de alcohol y menores. El representante de CECRV quiso trasladar que <strong>el vino es un producto natural, que viene de la tierra, que no es\u00a0 industrial y que va m\u00e1s all\u00e1 de la consideraci\u00f3n de bebida alcoh\u00f3lica<\/strong>, recordando que es tambi\u00e9n gastronom\u00eda, fiestas y tradiciones culturales y, en definitiva, veh\u00edculo de vertebraci\u00f3n social <strong>y que adem\u00e1s viene demostrando su responsabilidad en la lucha contra el consumo abusivo del alcohol con c\u00f3digos de autorregulaci\u00f3n de su publicidad estrictos a trav\u00e9s de plataformas como Wine In Moderation<\/strong>, que promueven expresamente pautas de consumo adecuado para evitar el consumo abusivo.<\/p>\n<p>Por \u00faltimo, la Conferencia manifest\u00f3 el <strong>compromiso rotundo de las D.O. contra el consumo de alcohol en menores y propuso, como medidas para eliminar este consumo, un mayor nivel de cumplimiento de las leyes actuales<\/strong>, para evitar que los menores puedan acceder a las bebidas alcoh\u00f3licas <strong>y profundizar en los c\u00f3digos de autorregulaci\u00f3n del sector<\/strong>, cuyos esfuerzos a favor del consumo responsable est\u00e1n demostrados, en tanto en cuanto la promoci\u00f3n del vino busca trasladar un acervo cultural y unos valores. Se trata, concluy\u00f3 el Sr. Lapuente, &#8220;de proteger a un colectivo, los menores, y no de sancionar a una colectividad, la poblaci\u00f3n adulta, que cuenta con criterio suficiente para adquirir y consumir el producto con las pautas de moderaci\u00f3n y responsabilidad adecuadas&#8221;.<\/p>\n<p>En\u00a0 la Comisi\u00f3n, intervinieron tambi\u00e9n, el 19 de junio, para ofrecer la m\u00e1xima informaci\u00f3n sobre el sector y las actuaciones de \u00e9ste contra el consumo de alcohol en menores, la Federaci\u00f3n Espa\u00f1ola del Vino y la Interprofesional del Vino de Espa\u00f1a.<\/p>\n<p>CECRV integra en la actualidad a <strong>52 Consejos Reguladores<\/strong>, representativos de <strong>54 denominaciones de origen vitivin\u00edcolas<\/strong> (los consejos reguladores de Jerez y M\u00e1laga lo son tambi\u00e9n de las D.O. Manzanilla y Sierras de M\u00e1laga, respectivamente), m\u00e1s del 80 % del total de las denominaciones de origen vitivin\u00edcolas espa\u00f1olas y, en t\u00e9rminos de comercializaci\u00f3n, m\u00e1s del 90% del volumen de vino amparado por D.O., seg\u00fan los \u00faltimos datos disponibles publicados por el Ministerio de Agricultura y Pesca, Alimentaci\u00f3n y Medio Ambiente, referidos a la campa\u00f1a 2015\/2016.<\/p>\n<p>Seg\u00fan estos mismos datos, CECRV agrupa a <strong>3.869 bodegas<\/strong> (el 95,43 % del total de bodegas adscritas a las 69 D.O. del vino que existen hoy en Espa\u00f1a), que comercializan <strong>10.711.730 hl. de vino con D.O.,<\/strong> la inmensa mayor\u00eda del vino envasado con D.O. (83,85%) que se comercializa en nuestro pa\u00eds, seg\u00fan los datos del MAPAMA.<\/p>\n<p>Las 54 Denominaciones de Origen miembro de la Conferencia integran a <strong>118.320 viticultores<\/strong> (el 98,03% del total de viticultores adscritos a las 69 D.O.) y son titulares de <strong>549.300 hect\u00e1reas<\/strong><strong> de vi\u00f1edo <\/strong>(el 96,02% del total de superficie adscrita a las D.O. y el 57,74% de las 951.200 has. de vi\u00f1edo en Espa\u00f1a).<\/p>\n<p><strong>CECRV forma parte tambi\u00e9n de la <em>European Federation of Origin Wines<\/em> <\/strong>(EFOW), junto a las organizaciones que representan a Denominaciones de Origen e Indicaciones Geogr\u00e1ficas del resto de grandes pa\u00edses productores de nuestro entorno (Francia, Italia y Portugal). <\/p>\n<hr>\n<figure id=\"attachment_426\" aria-describedby=\"caption-attachment-426\" style=\"width: 300px\" class=\"wp-caption alignnone\"><a href=\"\/_archivos\/imagenes\/3237.jpg\" target=\"_blank\" rel=\"noopener noreferrer\"><img decoding=\"async\" class=\"size-medium\" src=\"\/_archivos\/imagenes\/300\/3237.jpg\" alt=\"Comparecencia Concgreso CECRV\" title=\"Comparecencia Concgreso CECRV\" width=\"300\" height=\"auto\" \/><\/a><figcaption id=\"caption-attachment-426\" class=\"wp-caption-text\"><a href=\"\/_archivos\/imagenes\/3237.jpg\" target=\"_blank\" rel=\"noopener noreferrer\">Descargar imagen<\/a><\/figcaption><\/figure>\n","protected":false},"excerpt":{"rendered":"<p>La Conferencia Espa\u00f1ola de Consejos Reguladores Vitivin\u00edcolas (CECRV) solicit\u00f3 su comparecencia en la Comisi\u00f3n Mixta (Congreso-Senado) para el Estudio del Programa de las Drogas, que actualmente est\u00e1 desarrollando una ponencia sobre Alcohol y Menores, destinada a estudiar medidas que acaben con el consumo de alcohol por parte de \u00e9stos. Dicha comparecencia se produjo el 20 &hellip;<\/p>\n","protected":false},"author":6,"featured_media":3992,"comment_status":"closed","ping_status":"closed","sticky":false,"template":"","format":"standard","meta":{"_genesis_hide_title":false,"_genesis_hide_breadcrumbs":false,"_genesis_hide_singular_image":false,"_genesis_hide_footer_widgets":false,"_genesis_custom_body_class":"","_genesis_custom_post_class":"","_genesis_layout":"","ngg_post_thumbnail":0,"footnotes":""},"categories":[1],"tags":[],"class_list":{"0":"post-3991","1":"post","2":"type-post","3":"status-publish","4":"format-standard","5":"has-post-thumbnail","7":"category-noticias","8":"entry"},"_links":{"self":[{"href":"https:\/\/elvinodelaspiedras.es\/en\/wp-json\/wp\/v2\/posts\/3991"}],"collection":[{"href":"https:\/\/elvinodelaspiedras.es\/en\/wp-json\/wp\/v2\/posts"}],"about":[{"href":"https:\/\/elvinodelaspiedras.es\/en\/wp-json\/wp\/v2\/types\/post"}],"author":[{"embeddable":true,"href":"https:\/\/elvinodelaspiedras.es\/en\/wp-json\/wp\/v2\/users\/6"}],"replies":[{"embeddable":true,"href":"https:\/\/elvinodelaspiedras.es\/en\/wp-json\/wp\/v2\/comments?post=3991"}],"version-history":[{"count":1,"href":"https:\/\/elvinodelaspiedras.es\/en\/wp-json\/wp\/v2\/posts\/3991\/revisions"}],"predecessor-version":[{"id":5902,"href":"https:\/\/elvinodelaspiedras.es\/en\/wp-json\/wp\/v2\/posts\/3991\/revisions\/5902"}],"wp:featuredmedia":[{"embeddable":true,"href":"https:\/\/elvinodelaspiedras.es\/en\/wp-json\/wp\/v2\/media\/3992"}],"wp:attachment":[{"href":"https:\/\/elvinodelaspiedras.es\/en\/wp-json\/wp\/v2\/media?parent=3991"}],"wp:term":[{"taxonomy":"category","embeddable":true,"href":"https:\/\/elvinodelaspiedras.es\/en\/wp-json\/wp\/v2\/categories?post=3991"},{"taxonomy":"post_tag","embeddable":true,"href":"https:\/\/elvinodelaspiedras.es\/en\/wp-json\/wp\/v2\/tags?post=3991"}],"curies":[{"name":"wp","href":"https:\/\/api.w.org\/{rel}","templated":true}]}}