{"id":3993,"date":"2017-07-20T00:00:00","date_gmt":"2017-07-20T00:00:00","guid":{"rendered":"http:\/\/elvinodelaspiedras.local\/ignacio-casamitjana-barrios-nuevo-presidente-de-la-denominacion-de-origen-protegida-carinena\/"},"modified":"2020-11-13T12:29:30","modified_gmt":"2020-11-13T12:29:30","slug":"ignacio-casamitjana-barrios-nuevo-presidente-de-la-denominacion-de-origen-protegida-carinena","status":"publish","type":"post","link":"https:\/\/elvinodelaspiedras.es\/en\/comunicacion\/noticias\/ignacio-casamitjana-barrios-nuevo-presidente-de-la-denominacion-de-origen-protegida-carinena\/","title":{"rendered":"Ignacio Casamitjana Barrios, nuevo presidente de la denominaci\u00f3n de origen protegida Cari\u00f1ena"},"content":{"rendered":"<p>El Pleno del Consejo Regulador ha elegido por unanimidad a <strong>Ignacio Casamitjana Barrios<\/strong> nuevo <strong>presidente de la Denominaci\u00f3n de Origen Protegida Cari\u00f1ena<\/strong>. La D.O.P. ha renovado este jueves a los vocales de su \u00f3rgano de gobierno y estos han elegido a Casamitjana como nuevo responsable para los pr\u00f3ximos cuatro a\u00f1os. El nuevo presidente sustituye a <strong>Antonio Ubide Bosqued<\/strong>, que ha desempe\u00f1ado este cargo desde 2013 y que ha sido elegido ahora nuevo <strong>vicepresidente.<\/strong><\/p>\n<p><strong>IGNACIO CASAMITJANA, NUEVO PRESIDENTE<\/strong><\/p>\n<p><strong>Ignacio Casamitjana Barrios<\/strong> tiene 53 a\u00f1os. Es Maestro Industrial y T\u00e9cnico Industrial de Ingenier\u00eda con experiencia de m\u00e1s de 30 a\u00f1os en multinacionales del sector del autom\u00f3vil, electr\u00f3nica y ascensores, con responsabilidades de gesti\u00f3n tanto en Finanzas como en Recursos Humanos. Desde los 45 a\u00f1os se dedica a la viticultura a tiempo completo, aunque ya desde los 30 lo era a tiempo parcial. Es socio de Bodegas San Valero y agricultor a t\u00edtulo principal.<\/p>\n<p><strong>NUEVO PLENO DEL CONSEJO REGULADOR<\/strong><\/p>\n<p>Previo a la elecci\u00f3n del nuevo presidente y vicepresidente se ha renovado y constituido el nuevo Pleno, que queda compuesto de la siguiente manera:<\/p>\n<p>PRESIDENTE: <strong>Ignacio Casamitjana Barrios<\/strong><\/p>\n<p>VICEPRESIDENTE: <strong>Antonio Ubide Bosqued<\/strong><\/p>\n<p>SECTOR VIT\u00cdCOLA<\/p>\n<p><strong>Jos\u00e9 Buil Tortajada <\/strong><\/p>\n<p><strong>Jos\u00e9 Antonio Ruiz Garc\u00eda<\/strong><\/p>\n<p><strong>David Sanz Mainar<\/strong><\/p>\n<p><strong>Jes\u00fas Javier Gimeno Guill\u00e9n <\/strong><\/p>\n<p><strong>Antonio Ubide Bosqued<\/strong><\/p>\n<p><strong>Ignacio L\u00e1zaro Delgado<\/strong><\/p>\n<p>SECTOR VIN\u00cdCOLA<\/p>\n<p><strong>Jos\u00e9 Antonio Briz S\u00e1nchez<\/strong><\/p>\n<p><strong>Pedro Jos\u00e9 Fat\u00e1s Garc\u00eda<\/strong><\/p>\n<p><strong>Jos\u00e9 Mar\u00eda Andr\u00e9s Alt\u00e9s<\/strong><\/p>\n<p><strong>Jacinto Rodr\u00edguez Juan<\/strong><\/p>\n<p><strong>Jos\u00e9 Ignacio Mar\u00edn R\u00edos <\/strong><\/p>\n<p><strong>Silvia Tom\u00e9 Andr\u00e9s<\/strong><\/p>\n<p>DELEGADOS DEL GOBIERNO DE ARAG\u00d3N:<\/p>\n<p><strong>Juan Cacho Palomar<\/strong><\/p>\n<p><strong>Elena Ortiz S\u00e1nchez<\/strong><\/p>\n<p>SECRETARIO GENERAL: <strong>Claudio Herrero Ezquerro<\/strong><\/p>\n<p>El Pleno es el <strong>\u00f3rgano colegiado de gobierno<\/strong> del Consejo Regulador y ostenta la representaci\u00f3n de los titulares de vi\u00f1as y de bodegas inscritos en los registros de la D. O. P.<\/p>\n<hr>\n<figure id=\"attachment_427\" aria-describedby=\"caption-attachment-427\" style=\"width: 300px\" class=\"wp-caption alignnone\"><a href=\"\/_archivos\/imagenes\/3262.jpg\" target=\"_blank\" rel=\"noopener noreferrer\"><img decoding=\"async\" class=\"size-medium\" src=\"\/_archivos\/imagenes\/300\/3262.jpg\" alt=\"Ignacio Casamitjana Barrios nuevo presidente de la DOP Cari\u00f1ena con su antecesor y nuevo vicepreside\" title=\"Ignacio Casamitjana Barrios nuevo presidente de la DOP Cari\u00f1ena con su antecesor y nuevo vicepreside\" width=\"300\" height=\"auto\" \/><\/a><figcaption id=\"caption-attachment-427\" class=\"wp-caption-text\"><a href=\"\/_archivos\/imagenes\/3262.jpg\" target=\"_blank\" rel=\"noopener noreferrer\">Descargar imagen<\/a><\/figcaption><\/figure>\n<figure id=\"attachment_427\" aria-describedby=\"caption-attachment-427\" style=\"width: 300px\" class=\"wp-caption alignnone\"><a href=\"\/_archivos\/imagenes\/3263.jpg\" target=\"_blank\" rel=\"noopener noreferrer\"><img decoding=\"async\" class=\"size-medium\" src=\"\/_archivos\/imagenes\/300\/3263.jpg\" alt=\"Foto de familia del nuevo Pleno del Consejo Regulador de la DOP Cari\u00f1ena 2\" title=\"Foto de familia del nuevo Pleno del Consejo Regulador de la DOP Cari\u00f1ena 2\" width=\"300\" height=\"auto\" \/><\/a><figcaption id=\"caption-attachment-427\" class=\"wp-caption-text\"><a href=\"\/_archivos\/imagenes\/3263.jpg\" target=\"_blank\" rel=\"noopener noreferrer\">Descargar imagen<\/a><\/figcaption><\/figure>\n<figure id=\"attachment_427\" aria-describedby=\"caption-attachment-427\" style=\"width: 300px\" class=\"wp-caption alignnone\"><a href=\"\/_archivos\/imagenes\/3264.jpg\" target=\"_blank\" rel=\"noopener noreferrer\"><img decoding=\"async\" class=\"size-medium\" src=\"\/_archivos\/imagenes\/300\/3264.jpg\" alt=\"Foto de familia del nuevo Pleno del Consejo Regulador de la DOP Cari\u00f1ena\" title=\"Foto de familia del nuevo Pleno del Consejo Regulador de la DOP Cari\u00f1ena\" width=\"300\" height=\"auto\" \/><\/a><figcaption id=\"caption-attachment-427\" class=\"wp-caption-text\"><a href=\"\/_archivos\/imagenes\/3264.jpg\" target=\"_blank\" rel=\"noopener noreferrer\">Descargar imagen<\/a><\/figcaption><\/figure>\n<figure id=\"attachment_427\" aria-describedby=\"caption-attachment-427\" style=\"width: 300px\" class=\"wp-caption alignnone\"><a href=\"\/_archivos\/imagenes\/3265.jpg\" target=\"_blank\" rel=\"noopener noreferrer\"><img decoding=\"async\" class=\"size-medium\" src=\"\/_archivos\/imagenes\/300\/3265.jpg\" alt=\"Ignacio Casamitjana Barrios nuevo presidente de la Denominaci\u00f3n de Origen Protegida Cari\u00f1ena\" title=\"Ignacio Casamitjana Barrios nuevo presidente de la Denominaci\u00f3n de Origen Protegida Cari\u00f1ena\" width=\"300\" height=\"auto\" \/><\/a><figcaption id=\"caption-attachment-427\" class=\"wp-caption-text\"><a href=\"\/_archivos\/imagenes\/3265.jpg\" target=\"_blank\" rel=\"noopener noreferrer\">Descargar imagen<\/a><\/figcaption><\/figure>\n<figure id=\"attachment_427\" aria-describedby=\"caption-attachment-427\" style=\"width: 300px\" class=\"wp-caption alignnone\"><a href=\"\/_archivos\/imagenes\/3266.jpg\" target=\"_blank\" rel=\"noopener noreferrer\"><img decoding=\"async\" class=\"size-medium\" src=\"\/_archivos\/imagenes\/300\/3266.jpg\" alt=\"Reuni\u00f3n del nuevo Pleno del Consejo Regulador de la DOP Cari\u00f1ena\" title=\"Reuni\u00f3n del nuevo Pleno del Consejo Regulador de la DOP Cari\u00f1ena\" width=\"300\" height=\"auto\" \/><\/a><figcaption id=\"caption-attachment-427\" class=\"wp-caption-text\"><a href=\"\/_archivos\/imagenes\/3266.jpg\" target=\"_blank\" rel=\"noopener noreferrer\">Descargar imagen<\/a><\/figcaption><\/figure>    \t<\/p>\n","protected":false},"excerpt":{"rendered":"<p>El Pleno del Consejo Regulador ha elegido por unanimidad a Ignacio Casamitjana Barrios nuevo presidente de la Denominaci\u00f3n de Origen Protegida Cari\u00f1ena. La D.O.P. ha renovado este jueves a los vocales de su \u00f3rgano de gobierno y estos han elegido a Casamitjana como nuevo responsable para los pr\u00f3ximos cuatro a\u00f1os. El nuevo presidente sustituye a &hellip;<\/p>\n","protected":false},"author":6,"featured_media":3994,"comment_status":"closed","ping_status":"closed","sticky":false,"template":"","format":"standard","meta":{"_genesis_hide_title":false,"_genesis_hide_breadcrumbs":false,"_genesis_hide_singular_image":false,"_genesis_hide_footer_widgets":false,"_genesis_custom_body_class":"","_genesis_custom_post_class":"","_genesis_layout":"","ngg_post_thumbnail":0,"footnotes":""},"categories":[1],"tags":[],"class_list":{"0":"post-3993","1":"post","2":"type-post","3":"status-publish","4":"format-standard","5":"has-post-thumbnail","7":"category-noticias","8":"entry"},"_links":{"self":[{"href":"https:\/\/elvinodelaspiedras.es\/en\/wp-json\/wp\/v2\/posts\/3993"}],"collection":[{"href":"https:\/\/elvinodelaspiedras.es\/en\/wp-json\/wp\/v2\/posts"}],"about":[{"href":"https:\/\/elvinodelaspiedras.es\/en\/wp-json\/wp\/v2\/types\/post"}],"author":[{"embeddable":true,"href":"https:\/\/elvinodelaspiedras.es\/en\/wp-json\/wp\/v2\/users\/6"}],"replies":[{"embeddable":true,"href":"https:\/\/elvinodelaspiedras.es\/en\/wp-json\/wp\/v2\/comments?post=3993"}],"version-history":[{"count":1,"href":"https:\/\/elvinodelaspiedras.es\/en\/wp-json\/wp\/v2\/posts\/3993\/revisions"}],"predecessor-version":[{"id":5901,"href":"https:\/\/elvinodelaspiedras.es\/en\/wp-json\/wp\/v2\/posts\/3993\/revisions\/5901"}],"wp:featuredmedia":[{"embeddable":true,"href":"https:\/\/elvinodelaspiedras.es\/en\/wp-json\/wp\/v2\/media\/3994"}],"wp:attachment":[{"href":"https:\/\/elvinodelaspiedras.es\/en\/wp-json\/wp\/v2\/media?parent=3993"}],"wp:term":[{"taxonomy":"category","embeddable":true,"href":"https:\/\/elvinodelaspiedras.es\/en\/wp-json\/wp\/v2\/categories?post=3993"},{"taxonomy":"post_tag","embeddable":true,"href":"https:\/\/elvinodelaspiedras.es\/en\/wp-json\/wp\/v2\/tags?post=3993"}],"curies":[{"name":"wp","href":"https:\/\/api.w.org\/{rel}","templated":true}]}}