{"id":4005,"date":"2017-09-13T00:00:00","date_gmt":"2017-09-13T00:00:00","guid":{"rendered":"http:\/\/elvinodelaspiedras.local\/la-virgen-del-pilar-luce-en-la-vispera-del-santo-cristo-de-santiago-el-manto-donado-por-la-dop-carinena\/"},"modified":"2020-11-13T12:29:30","modified_gmt":"2020-11-13T12:29:30","slug":"la-virgen-del-pilar-luce-en-la-vispera-del-santo-cristo-de-santiago-el-manto-donado-por-la-dop-carinena","status":"publish","type":"post","link":"https:\/\/elvinodelaspiedras.es\/en\/comunicacion\/noticias\/la-virgen-del-pilar-luce-en-la-vispera-del-santo-cristo-de-santiago-el-manto-donado-por-la-dop-carinena\/","title":{"rendered":"La Virgen del Pilar luce en la v\u00edspera del santo cristo de Santiago el manto donado por la D.O.P. Cari\u00f1ena"},"content":{"rendered":"<p>Tal y como se solicit\u00f3 al Cabildo, la Virgen del Pilar luce hoy d\u00eda 13 de septiembre, v\u00edspera del Santo Cristo de Santiago, patr\u00f3n de Cari\u00f1ena, el manto donado por la Denominaci\u00f3n de Origen Protegida Cari\u00f1ena.<\/p>\n<p>La Denominaci\u00f3n realiz\u00f3 para la Virgen\u00a0un manto de color rosa-lila con el logotipo de la\u00a0<strong>Denominaci\u00f3n de Origen Protegida Cari\u00f1ena<\/strong> bordado con hilo de oro y plata. La entrega\u00b4al Cabildo se realiz\u00f3 el 1 de diciembre de 2016, por una representaci\u00f3n del Consejo Regulador encabezada por el entonces presidente Antonio Ubide.<\/p>\n<p>Cari\u00f1ena es as\u00ed la\u00a0<strong>primera D.O.<\/strong> de Espa\u00f1a en realizar esta ofrenda a la Patrona de la Hispanidad. El Consejo Regulador solicit\u00f3 entonces al Cabildo Metropolitano de Zaragoza que la Virgen del Pilar luzca la confecci\u00f3n cada\u00a0<strong>13 de septiembre<\/strong>,<\/p>\n<p>El manto fue bordado por\u00a0<strong>Olga Velilla<\/strong>, con\u00a0<strong>hilo de oro y plata<\/strong> sobre un\u00a0<strong>brocada en un tono lila rosado<\/strong> que, seg\u00fan la modista, \u00a0&#8220;recuerda a los\u00a0<strong>colores del vino<\/strong>&#8220;. \u00a0Las pasamaner\u00edas, flecos, ramajes y grecas se han realizado con hilos dorados. En el reverso de la pieza se pude leer el siguiente recuerdo: &#8220;A la Sant\u00edsima Virgen del Pilar, la Denominaci\u00f3n de Origen Protegida Cari\u00f1ena en el\u00a0<strong>50 aniversario de su Fiesta de la Vendimia<\/strong> y declaraci\u00f3n de <strong>I<strong>nter\u00e9s Tur\u00edstico de Arag\u00f3n<\/strong><\/strong> de la misma&#8221;.<\/p>\n<p>La confecci\u00f3n y donaci\u00f3n de la pieza a la Virgen de la Pilar se dio a conocer precisamente durante la\u00a0<strong>Fiesta de la Vendimia de 2016. <\/strong>Visitantes y vecinos de Cari\u00f1ena y de los otros municipios pudieron contemplar ese d\u00eda el manto, que permaneci\u00f3 expuesto en la sede del Consejo Regulador.<\/p>\n<hr>\n<figure id=\"attachment_433\" aria-describedby=\"caption-attachment-433\" style=\"width: 300px\" class=\"wp-caption alignnone\"><a href=\"\/_archivos\/imagenes\/3302.jpg\" target=\"_blank\" rel=\"noopener noreferrer\"><img decoding=\"async\" class=\"size-medium\" src=\"\/_archivos\/imagenes\/300\/3302.jpg\" alt=\"virgenpilar-r\" title=\"virgenpilar-r\" width=\"300\" height=\"auto\" \/><\/a><figcaption id=\"caption-attachment-433\" class=\"wp-caption-text\"><a href=\"\/_archivos\/imagenes\/3302.jpg\" target=\"_blank\" rel=\"noopener noreferrer\">Descargar imagen<\/a><\/figcaption><\/figure>\n","protected":false},"excerpt":{"rendered":"<p>Tal y como se solicit\u00f3 al Cabildo, la Virgen del Pilar luce hoy d\u00eda 13 de septiembre, v\u00edspera del Santo Cristo de Santiago, patr\u00f3n de Cari\u00f1ena, el manto donado por la Denominaci\u00f3n de Origen Protegida Cari\u00f1ena. La Denominaci\u00f3n realiz\u00f3 para la Virgen\u00a0un manto de color rosa-lila con el logotipo de la\u00a0Denominaci\u00f3n de Origen Protegida Cari\u00f1ena &hellip;<\/p>\n","protected":false},"author":6,"featured_media":4006,"comment_status":"closed","ping_status":"closed","sticky":false,"template":"","format":"standard","meta":{"_genesis_hide_title":false,"_genesis_hide_breadcrumbs":false,"_genesis_hide_singular_image":false,"_genesis_hide_footer_widgets":false,"_genesis_custom_body_class":"","_genesis_custom_post_class":"","_genesis_layout":"","ngg_post_thumbnail":0,"footnotes":""},"categories":[1],"tags":[],"class_list":{"0":"post-4005","1":"post","2":"type-post","3":"status-publish","4":"format-standard","5":"has-post-thumbnail","7":"category-noticias","8":"entry"},"_links":{"self":[{"href":"https:\/\/elvinodelaspiedras.es\/en\/wp-json\/wp\/v2\/posts\/4005"}],"collection":[{"href":"https:\/\/elvinodelaspiedras.es\/en\/wp-json\/wp\/v2\/posts"}],"about":[{"href":"https:\/\/elvinodelaspiedras.es\/en\/wp-json\/wp\/v2\/types\/post"}],"author":[{"embeddable":true,"href":"https:\/\/elvinodelaspiedras.es\/en\/wp-json\/wp\/v2\/users\/6"}],"replies":[{"embeddable":true,"href":"https:\/\/elvinodelaspiedras.es\/en\/wp-json\/wp\/v2\/comments?post=4005"}],"version-history":[{"count":1,"href":"https:\/\/elvinodelaspiedras.es\/en\/wp-json\/wp\/v2\/posts\/4005\/revisions"}],"predecessor-version":[{"id":5895,"href":"https:\/\/elvinodelaspiedras.es\/en\/wp-json\/wp\/v2\/posts\/4005\/revisions\/5895"}],"wp:featuredmedia":[{"embeddable":true,"href":"https:\/\/elvinodelaspiedras.es\/en\/wp-json\/wp\/v2\/media\/4006"}],"wp:attachment":[{"href":"https:\/\/elvinodelaspiedras.es\/en\/wp-json\/wp\/v2\/media?parent=4005"}],"wp:term":[{"taxonomy":"category","embeddable":true,"href":"https:\/\/elvinodelaspiedras.es\/en\/wp-json\/wp\/v2\/categories?post=4005"},{"taxonomy":"post_tag","embeddable":true,"href":"https:\/\/elvinodelaspiedras.es\/en\/wp-json\/wp\/v2\/tags?post=4005"}],"curies":[{"name":"wp","href":"https:\/\/api.w.org\/{rel}","templated":true}]}}