{"id":4009,"date":"2017-09-17T00:00:00","date_gmt":"2017-09-17T00:00:00","guid":{"rendered":"http:\/\/elvinodelaspiedras.local\/gran-exito-de-las-sorpresas-en-el-restaurante\/"},"modified":"2020-11-13T12:29:29","modified_gmt":"2020-11-13T12:29:29","slug":"gran-exito-de-las-sorpresas-en-el-restaurante","status":"publish","type":"post","link":"https:\/\/elvinodelaspiedras.es\/en\/comunicacion\/noticias\/gran-exito-de-las-sorpresas-en-el-restaurante\/","title":{"rendered":"Gran \u00e9xito de las \u201csorpresas en el restaurante\u201d"},"content":{"rendered":"<p>La segunda edici\u00f3n de &#8220;Sorpresas en el restaurante&#8221;, organizada por la <strong>D.O.P. Cari\u00f1ena<\/strong> con la colaboraci\u00f3n de <strong>Horeca Zaragoza<\/strong>, ha concluido este domingo por la tarde con gran \u00e9xito. Durante los seis d\u00edas -los fines de semana del 8 al 10 y del 15 al 17 de septiembre- que se ha desarrollado la campa\u00f1a se agotaron incluso con un d\u00eda de antelaci\u00f3n <strong>los 2.000 regalos previstos -con un valor global de 20.000 euros<\/strong>-, pero todos los clientes de los 18 restaurantes de Zaragoza participantes que eleg\u00edan El Vino de las Piedras para maridar su comida tuvieron de igual forma &#8220;premio seguro&#8221; en la \u00faltima jornada. Al final se han repartido m\u00e1s de 2.000 regalos -entre ellos un crucero para dos personas, un Smart TV y un iphone 7-, con <strong>una participaci\u00f3n total de aproximadamente 8.000 personas.<\/strong><\/p>\n<p><strong>Jos\u00e9 Luis Campos<\/strong>, <strong>director de Comunicaci\u00f3n y Marketing de la D.O.P. Cari\u00f1ena<\/strong>, destaca &#8220;la extraordinaria respuesta del p\u00fablico y la entrega de todos los restaurantes que han participado y de las embajadoras de la Denominaci\u00f3n encargadas de ofrecer los Vinos de las Piedras&#8221;. Para Campos, &#8220;es <strong>toda una satisfacci\u00f3n ver en muchos momentos c\u00f3mo en el 100 %<\/strong> de las mesas han elegido y disfrutado con alguno de los modernos vinos que elaboran nuestras bodegas&#8221;.<\/p>\n<p>Al contrario que en la primera edici\u00f3n, los principales premios se resistieron a salir. As\u00ed, tanto el <strong>crucero para dos personas<\/strong> como la <strong>TV de 50 pulgadas <\/strong>lo hicieron en la noche del pasado s\u00e1bado. La tarjeta con el <strong>iPhone <\/strong>7 fue &#8220;rascada&#8221; el primer fin de semana. Y durante los seis d\u00edas se entregaron cientos de <strong>estuches de dos botellas y una botella<\/strong> de El Vino de las Piedras, <strong>18 cenas<\/strong> para dos personas, <strong>20 viajes enotur\u00edsticos<\/strong> dobles\u00a0 (para visitar la Fiesta de la Vendimia de Cari\u00f1ena 2017) y <strong>18 sets de vino<\/strong>.<\/p>\n<p>Los ganadores del crucero, el principal premio de la campa\u00f1a, son <strong>Jos\u00e9 Luis Catal\u00e1n y Mariola Clavero<\/strong>, primos hermanos nacidos en Zaragoza, y sus c\u00f3nyuges Nieves y L\u00e1zaro, este \u00faltimo de Sevilla, que fueron a cenar a La Cuna del Cierzo con sus cuatro ni\u00f1os de 5 a 12 a\u00f1os (uno de ellos, \u00c1lvaro, fue la mano afortunada). Mariola y L\u00e1zaro viven en el Actur desde hace poco, porque acaban de llegar de Jerez donde han residido durante los \u00faltimos a\u00f1os. Y precisamente organizaron la cena familiar en este restaurante para juntarse all\u00ed todos. <strong>Les encantan desde hace tiempo los vinos de Cari\u00f1ena<\/strong>, y destacan la excelente calidad que han conseguido en los \u00faltimos a\u00f1os. Aunque el premio es un crucero para dos personas, seg\u00fan las bases de la promoci\u00f3n puede utilizarse el importe (1.500 euros) para otro viaje en el que participen todos.<\/p>\n<p><strong>PREMIOS PARA RESTAURANTES Y CAMAREROS<\/strong><\/p>\n<p>La misma noche del s\u00e1bado, una <strong>pareja de Zaragoza -Justo y Paola<\/strong>&#8211; que eligi\u00f3 maridar su cena en La Bodega de Chema con El Vino de las Piedras result\u00f3 ganadora de la TV de 50 pulgadas. Los afortunados tambi\u00e9n conocen y aprecian desde hace tiempo los vinos de la D.O.P. Cari\u00f1ena. No en vano el padre de ella es de Longares, uno de los 14 municipios de la Denominaci\u00f3n.<\/p>\n<p><strong>Francisco Fern\u00e1ndez<\/strong>, de Zaragoza, fue el ganador del iPhone 7 de 256 Gb, el primer s\u00e1bado -d\u00eda 9- de las &#8220;Sorpresas en el restaurante&#8221;. Como todos los fines de semana fue a comer a La Rinconada de Lorenzo. &#8220;Siempre tomo vino de la D.O.P. Cari\u00f1ena pero esta vez me he llevado esta grand\u00edsima sorpresa&#8221;, declaraba. &#8220;<strong>Los Vinos de las Piedras son vinos muy buenos<\/strong>, han evolucionado al cien por cien&#8221;, a\u00f1ad\u00eda.<\/p>\n<p>La campa\u00f1a no solo premia a los clientes que elijen El Vino de las Piedras, tambi\u00e9n los premios principales llevan consigo <strong>propinas para los camareros y lotes de botellas de vino para los restaurantes<\/strong> donde aparece la sorpresa. As\u00ed, Abel Marcos, encargado de La Cuna del Cierzo, mostraba su satisfacci\u00f3n general por la campa\u00f1a y por los premios repartidos. &#8220;Hemos hecho felices a nuestros clientes gracias a un producto excelente como es El Vino de las Piedras, el desarrollo de esta promoci\u00f3n ha sido un a\u00f1o m\u00e1s sobresaliente&#8221;.<\/p>\n<p>Entre los ganadores de otros premios se encontraban <strong>caras conocidas<\/strong>, como las de <strong>Arturo Aliaga<\/strong>, presidente del PAR, el escritor y catedr\u00e1tico de la Universidad de Zaragoza, <strong>Jos\u00e9 Luis Corral<\/strong>, o la vicepresidenta de la C\u00e1mara de Comercio, <strong>Mar\u00eda L\u00f3pez<\/strong>.<\/p>\n<p>Los <strong>18 restaurantes<\/strong> de Zaragoza que han participado en la campa\u00f1a\u00a0 de El Vino de las Piedras son: +Albarrac\u00edn, A Mesa Puesta, Casa Lac, El Bandido, El Candelas, El Chalet, El Foro, La Bodega de Chema, La Cuna del Cierzo, La Parrilla de Albarrac\u00edn, La Rinconada de Lorenzo, La Torreta de Sanclemente,\u00a0 Las Palomas, Los Xarmientos, Montal, La nueva Karambola, Tulu y Urola.<\/p>\n<p><strong>LA FIESTA DE LA VENDIMIA, EL PR\u00d3XIMO FIN DE SEMANA<\/strong><\/p>\n<p>En cuando a las <strong>bodegas de la Denominaci\u00f3n<\/strong>, han sido en total 11: Covinca, Dominio de Longaz, Esteban Mart\u00edn, Gabarda, Grandes Vinos, Hacienda Molleda, Hermanos Torcal, Ignacio Mar\u00edn, Paniza, San Valero-Grupo BSV y Solar de Urbezo. Han aportado<strong> 16 vinos,\u00a0 13 tintos y tres blancos<\/strong>.<\/p>\n<p>Septiembre y Cari\u00f1ena est\u00e1n un a\u00f1o m\u00e1s estrechamente unidos. La <strong>Denominaci\u00f3n de Origen Protegida Cari\u00f1ena<\/strong> ha englobado bajo el lema\u00a0 &#8220;<strong>Septiembre en Cari\u00f1ena<\/strong>&#8221; un completo programa de actividades que se desarrolla a lo largo de tres fines de semana. Adem\u00e1s de la segunda edici\u00f3n de &#8220;<strong>Sorpresas en el restaurante<\/strong>&#8220;, el pr\u00f3ximo fin de semana &#8211;<strong>23 y 24 de septiembre-<\/strong> se celebrar\u00e1 la <strong>51\u00aa Fiesta de la Vendimia en Cari\u00f1ena, <\/strong>declarada de<strong> Inter\u00e9s Tur\u00edstico de Arag\u00f3n <\/strong>y que contar\u00e1 este a\u00f1o con el reconocido periodista deportivo de la radio <strong>Jos\u00e9 Ram\u00f3n de la Morena<\/strong> como &#8220;Invitado de Honor&#8221;.<\/p>\n<hr>\n<figure id=\"attachment_435\" aria-describedby=\"caption-attachment-435\" style=\"width: 300px\" class=\"wp-caption alignnone\"><a href=\"\/_archivos\/imagenes\/3309.jpg\" target=\"_blank\" rel=\"noopener noreferrer\"><img decoding=\"async\" class=\"size-medium\" src=\"\/_archivos\/imagenes\/300\/3309.jpg\" alt=\"P1000838\" title=\"P1000838\" width=\"300\" height=\"auto\" \/><\/a><figcaption id=\"caption-attachment-435\" class=\"wp-caption-text\"><a href=\"\/_archivos\/imagenes\/3309.jpg\" target=\"_blank\" rel=\"noopener noreferrer\">Descargar imagen<\/a><\/figcaption><\/figure>\n<figure id=\"attachment_435\" aria-describedby=\"caption-attachment-435\" style=\"width: 300px\" class=\"wp-caption alignnone\"><a href=\"\/_archivos\/imagenes\/3310.jpg\" target=\"_blank\" rel=\"noopener noreferrer\"><img decoding=\"async\" class=\"size-medium\" src=\"\/_archivos\/imagenes\/300\/3310.jpg\" alt=\"DSC_0023\" title=\"DSC_0023\" width=\"300\" height=\"auto\" \/><\/a><figcaption id=\"caption-attachment-435\" class=\"wp-caption-text\"><a href=\"\/_archivos\/imagenes\/3310.jpg\" target=\"_blank\" rel=\"noopener noreferrer\">Descargar imagen<\/a><\/figcaption><\/figure>\n<figure id=\"attachment_435\" aria-describedby=\"caption-attachment-435\" style=\"width: 300px\" class=\"wp-caption alignnone\"><a href=\"\/_archivos\/imagenes\/3313.jpg\" target=\"_blank\" rel=\"noopener noreferrer\"><img decoding=\"async\" class=\"size-medium\" src=\"\/_archivos\/imagenes\/300\/3313.jpg\" alt=\"P1000209\" title=\"P1000209\" width=\"300\" height=\"auto\" \/><\/a><figcaption id=\"caption-attachment-435\" class=\"wp-caption-text\"><a href=\"\/_archivos\/imagenes\/3313.jpg\" target=\"_blank\" rel=\"noopener noreferrer\">Descargar imagen<\/a><\/figcaption><\/figure>\n<figure id=\"attachment_435\" aria-describedby=\"caption-attachment-435\" style=\"width: 300px\" class=\"wp-caption alignnone\"><a href=\"\/_archivos\/imagenes\/3314.jpg\" target=\"_blank\" rel=\"noopener noreferrer\"><img decoding=\"async\" class=\"size-medium\" src=\"\/_archivos\/imagenes\/300\/3314.jpg\" alt=\"Ganadores del crucero y embajadoras DOP Cari\u00f1ena\" title=\"Ganadores del crucero y embajadoras DOP Cari\u00f1ena\" width=\"300\" height=\"auto\" \/><\/a><figcaption id=\"caption-attachment-435\" class=\"wp-caption-text\"><a href=\"\/_archivos\/imagenes\/3314.jpg\" target=\"_blank\" rel=\"noopener noreferrer\">Descargar imagen<\/a><\/figcaption><\/figure>\n<figure id=\"attachment_435\" aria-describedby=\"caption-attachment-435\" style=\"width: 300px\" class=\"wp-caption alignnone\"><a href=\"\/_archivos\/imagenes\/3315.jpg\" target=\"_blank\" rel=\"noopener noreferrer\"><img decoding=\"async\" class=\"size-medium\" src=\"\/_archivos\/imagenes\/300\/3315.jpg\" alt=\"Jos\u00e9 Luis Corral (izquierda) y Arturo Aliaga (derecha) y otro comensal\" title=\"Jos\u00e9 Luis Corral (izquierda) y Arturo Aliaga (derecha) y otro comensal\" width=\"300\" height=\"auto\" \/><\/a><figcaption id=\"caption-attachment-435\" class=\"wp-caption-text\"><a href=\"\/_archivos\/imagenes\/3315.jpg\" target=\"_blank\" rel=\"noopener noreferrer\">Descargar imagen<\/a><\/figcaption><\/figure>\n<figure id=\"attachment_435\" aria-describedby=\"caption-attachment-435\" style=\"width: 300px\" class=\"wp-caption alignnone\"><a href=\"\/_archivos\/imagenes\/3316.jpg\" target=\"_blank\" rel=\"noopener noreferrer\"><img decoding=\"async\" class=\"size-medium\" src=\"\/_archivos\/imagenes\/300\/3316.jpg\" alt=\"Mar\u00eda L\u00f3pez (derecha), vicepresidenta de la C\u00e1mara de Comercio de Zaragoza con otros comensales\" title=\"Mar\u00eda L\u00f3pez (derecha), vicepresidenta de la C\u00e1mara de Comercio de Zaragoza con otros comensales\" width=\"300\" height=\"auto\" \/><\/a><figcaption id=\"caption-attachment-435\" class=\"wp-caption-text\"><a href=\"\/_archivos\/imagenes\/3316.jpg\" target=\"_blank\" rel=\"noopener noreferrer\">Descargar imagen<\/a><\/figcaption><\/figure>\n<figure id=\"attachment_435\" aria-describedby=\"caption-attachment-435\" style=\"width: 300px\" class=\"wp-caption alignnone\"><a href=\"\/_archivos\/imagenes\/3317.jpg\" target=\"_blank\" rel=\"noopener noreferrer\"><img decoding=\"async\" class=\"size-medium\" src=\"\/_archivos\/imagenes\/300\/3317.jpg\" alt=\"Tres generaciones disfrutando con las Sorpresas en el restaurante\" title=\"Tres generaciones disfrutando con las Sorpresas en el restaurante\" width=\"300\" height=\"auto\" \/><\/a><figcaption id=\"caption-attachment-435\" class=\"wp-caption-text\"><a href=\"\/_archivos\/imagenes\/3317.jpg\" target=\"_blank\" rel=\"noopener noreferrer\">Descargar imagen<\/a><\/figcaption><\/figure>    \t<\/p>\n","protected":false},"excerpt":{"rendered":"<p>La segunda edici\u00f3n de &#8220;Sorpresas en el restaurante&#8221;, organizada por la D.O.P. Cari\u00f1ena con la colaboraci\u00f3n de Horeca Zaragoza, ha concluido este domingo por la tarde con gran \u00e9xito. Durante los seis d\u00edas -los fines de semana del 8 al 10 y del 15 al 17 de septiembre- que se ha desarrollado la campa\u00f1a se &hellip;<\/p>\n","protected":false},"author":6,"featured_media":4010,"comment_status":"closed","ping_status":"closed","sticky":false,"template":"","format":"standard","meta":{"_genesis_hide_title":false,"_genesis_hide_breadcrumbs":false,"_genesis_hide_singular_image":false,"_genesis_hide_footer_widgets":false,"_genesis_custom_body_class":"","_genesis_custom_post_class":"","_genesis_layout":"","ngg_post_thumbnail":0,"footnotes":""},"categories":[1],"tags":[],"class_list":{"0":"post-4009","1":"post","2":"type-post","3":"status-publish","4":"format-standard","5":"has-post-thumbnail","7":"category-noticias","8":"entry"},"_links":{"self":[{"href":"https:\/\/elvinodelaspiedras.es\/en\/wp-json\/wp\/v2\/posts\/4009"}],"collection":[{"href":"https:\/\/elvinodelaspiedras.es\/en\/wp-json\/wp\/v2\/posts"}],"about":[{"href":"https:\/\/elvinodelaspiedras.es\/en\/wp-json\/wp\/v2\/types\/post"}],"author":[{"embeddable":true,"href":"https:\/\/elvinodelaspiedras.es\/en\/wp-json\/wp\/v2\/users\/6"}],"replies":[{"embeddable":true,"href":"https:\/\/elvinodelaspiedras.es\/en\/wp-json\/wp\/v2\/comments?post=4009"}],"version-history":[{"count":1,"href":"https:\/\/elvinodelaspiedras.es\/en\/wp-json\/wp\/v2\/posts\/4009\/revisions"}],"predecessor-version":[{"id":5893,"href":"https:\/\/elvinodelaspiedras.es\/en\/wp-json\/wp\/v2\/posts\/4009\/revisions\/5893"}],"wp:featuredmedia":[{"embeddable":true,"href":"https:\/\/elvinodelaspiedras.es\/en\/wp-json\/wp\/v2\/media\/4010"}],"wp:attachment":[{"href":"https:\/\/elvinodelaspiedras.es\/en\/wp-json\/wp\/v2\/media?parent=4009"}],"wp:term":[{"taxonomy":"category","embeddable":true,"href":"https:\/\/elvinodelaspiedras.es\/en\/wp-json\/wp\/v2\/categories?post=4009"},{"taxonomy":"post_tag","embeddable":true,"href":"https:\/\/elvinodelaspiedras.es\/en\/wp-json\/wp\/v2\/tags?post=4009"}],"curies":[{"name":"wp","href":"https:\/\/api.w.org\/{rel}","templated":true}]}}