{"id":4011,"date":"2017-09-22T00:00:00","date_gmt":"2017-09-22T00:00:00","guid":{"rendered":"http:\/\/elvinodelaspiedras.local\/la-dop-carinena-celebra-este-fin-de-semana-su-fiesta-de-la-vendimia-con-el-periodista-deportivo-de-la-radio-jose-ramon-de-la-morena-como-invitado-de-honor\/"},"modified":"2020-11-13T12:29:29","modified_gmt":"2020-11-13T12:29:29","slug":"la-dop-carinena-celebra-este-fin-de-semana-su-fiesta-de-la-vendimia-con-el-periodista-deportivo-de-la-radio-jose-ramon-de-la-morena-como-invitado-de-honor","status":"publish","type":"post","link":"https:\/\/elvinodelaspiedras.es\/en\/comunicacion\/noticias\/la-dop-carinena-celebra-este-fin-de-semana-su-fiesta-de-la-vendimia-con-el-periodista-deportivo-de-la-radio-jose-ramon-de-la-morena-como-invitado-de-honor\/","title":{"rendered":"La D.O.P. Cari\u00f1ena celebra este fin de semana su 51\u00aa Fiesta de la Vendimia, con el periodista deportivo de la radio Jos\u00e9 Ram\u00f3n de la Morena como \u201cinvitado de honor\u201d"},"content":{"rendered":"<p>La ciudad de Cari\u00f1ena se prepara y engalana estos d\u00edas para acoger durante el fin de semana la <strong>51\u00aa edici\u00f3n de la Fiesta de la Vendimia <\/strong>de la <strong>Denominaci\u00f3n de Origen Protegida Cari\u00f1ena<\/strong>, declarada desde el pasado a\u00f1o de <strong>Inter\u00e9s Tur\u00edstico de Arag\u00f3n<\/strong>. Con esta tradicional convocatoria, que marca un momento clave para este territorio de la provincia de Zaragoza, culminar\u00e1n las actividades de <strong>&#8220;Septiembre en Cari\u00f1ena&#8221;,<\/strong> el amplio programa desarrollado este mes por la Denominaci\u00f3n, que arranc\u00f3 con la celebraci\u00f3n de la campa\u00f1a <strong>&#8220;Sorpresas en el restaurante&#8221;<\/strong>, durante los dos pasados fines de semana en una veintena de restaurantes zaragozanos.<\/p>\n<p>La Fiesta de la Vendimia de Cari\u00f1ena es una de las <strong>m\u00e1s originales y llamativas<\/strong> de todas las que se celebran en estas fechas en la geograf\u00eda espa\u00f1ola, por la peculiaridad de ver <strong>manar vino en lugar de agua de la Fuente de la Mora<\/strong>, en el momento cumbre del evento.<\/p>\n<p>El acto principal &#8211;<strong>Exaltaci\u00f3n del Vino y Ofrenda al Santo Cristo de Santiago<\/strong>&#8211; tendr\u00e1 lugar el domingo 24. A partir de las <strong>11 horas<\/strong> comenzar\u00e1 la <strong>recepci\u00f3n de autoridades e invitados<\/strong> en el Museo del Vino y sede del Consejo Regulador.<\/p>\n<p>El &#8220;Invitado de Honor&#8221; ser\u00e1 este a\u00f1o el <strong>reconocido periodista deportivo de la radio Jos\u00e9 Ram\u00f3n de la Morena, <\/strong>responsable de &#8220;El larguero&#8221; durante muchos a\u00f1os en la SER y actualmente de <strong>&#8220;El transistor&#8221; en Onda Cero<\/strong>.<\/p>\n<p>Entre las autoridades que han confirmado su presencia se encuentran los consejeros del Gobierno de Arag\u00f3n <strong>Vicente Guill\u00e9n<\/strong> (Presidencia) y <strong>Jos\u00e9 Luis Soro<\/strong> (responsable de Turismo).<\/p>\n<p>Los protagonistas del evento se desplazar\u00e1n en grupo <strong>a las 11,20 h desde la sede del Consejo hasta la plaza de la Fuente de la Mora<\/strong>, atravesando la calle Mayor.<\/p>\n<p><strong> A las 11,30 horas dar\u00e1 comienzo el acto institucional.<\/strong> Como cada a\u00f1o, cientos de personas llenar\u00e1n la <strong>plaza de Espa\u00f1a<\/strong>, en torno a la Fuente y con la preciosa fachada renacentista del Ayuntamiento cari\u00f1enense de fondo, para ver c\u00f3mo surge el <strong>primer mosto del a\u00f1o tras el pisado de la uva<\/strong> a cargo de dos viticultores de la Denominaci\u00f3n. En esta ocasi\u00f3n, los encargados de subir a la portadera y recoger posteriormente el l\u00edquido obtenido ser\u00e1n dos vecinos de <strong>Almonacid de la Sierra, Mar\u00eda Pilar Lorente y Diego Campos.<\/strong><\/p>\n<p>En el acto intervendr\u00e1n el &#8220;Invitado de Honor&#8221;; el consejero de Presidencia; el <strong>alcalde y presidente<\/strong> de la comarca Campo de Cari\u00f1ena, <strong>Sergio Ortiz<\/strong>, y el <strong>presidente de la D.O.P. Cari\u00f1ena<\/strong>, <strong>Ignacio Casamitjana<\/strong>. Esta es su primera Fiesta de la Vendimia tras ser elegido m\u00e1ximo responsable del Consejo Regulador el pasado 20 de julio. Como es tradici\u00f3n, el <strong>presidente saliente, Antonio Ubide<\/strong>, recibir\u00e1 la <strong>&#8220;Insignia de Platino&#8221;<\/strong> de la Denominaci\u00f3n.<\/p>\n<p>Concluidas las intervenciones, llegar\u00e1 el momento m\u00e1s esperado, el <strong>encendido de la Fuente, protagonizado por Jos\u00e9 Ram\u00f3n de la Morena<\/strong>, quien accionar\u00e1 el interruptor acompa\u00f1ado de <strong>Ignacio Casamitjana<\/strong>. Surgir\u00e1 as\u00ed el vino por todos los ca\u00f1os de la fuente y lo seguir\u00e1 haciendo durante toda la jornada, con un <strong>balance final de miles de litros<\/strong> vertidos. El acto concluir\u00e1 con el <strong>ofrecimiento del primer mosto al Santo Cristo de Santiago<\/strong>, patr\u00f3n de Cari\u00f1ena, en su capilla situada en la calle Mayor.<\/p>\n<p>Como tambi\u00e9n es tradici\u00f3n, el &#8220;Invitado de Honor&#8221; impondr\u00e1 sus manos posteriormente en el <strong>Paseo de las Estrellas<\/strong>, donde ya lucen desde 2014 las huellas de otros personajes destacados que han visitado la Denominaci\u00f3n Cari\u00f1ena: <strong>David Trueba, Gabino Diego, Miguel \u00c1ngel Lamata, Paula Ortiz, Eduardo Noriega, Elvira Lindo y Luisa Gavasa<\/strong>. Est\u00e1 previsto que este acto tenga lugar a las 12,15 horas.<\/p>\n<p>A las 12 h se abrir\u00e1 al p\u00fablico la <strong>Plaza del Vino<\/strong>, donde se podr\u00e1n degustar en jornada de ma\u00f1ana y tarde las principales marcas de El Vino de las Piedras junto a ricas tapas y raciones. En el escenario y en las inmediaciones de la plaza habr\u00e1 <strong>actuaciones musicales y actividades infantiles y juveniles<\/strong> a cargo de <strong>&#8220;Cosco &amp; Leo&#8221; y &#8220;Caranto\u00f1a&#8221;. <\/strong>Las 17 casetas de la Plaza del Vino permanecer\u00e1n<strong> abiertas hasta las 15 h<\/strong>, y por la tarde, <strong>de 17 a 22 h<\/strong>.<\/p>\n<p><strong>LOS ACTOS COMIENZAN YA ESTE S\u00c1BADO <\/strong><\/p>\n<p>Los actos de la Fiesta de la Vendimia comenzar\u00e1n ya este s\u00e1bado d\u00eda 23 por la tarde. La <strong>Plaza del Vino<\/strong> se abrir\u00e1 a partir de las <strong>19 h y hasta las 22,30 h.<\/strong> <strong>&#8220;Los Tres Norteamericanos&#8221;<\/strong> se encargar\u00e1n de poner la nota musical.<\/p>\n<p>Adem\u00e1s, la bodega <strong>Grandes Vinos<\/strong> ha organizado a las 21 h una proyecci\u00f3n al aire libre de la <strong>pel\u00edcula de cine mudo &#8220;El Circo&#8221;<\/strong> (marca de uno de sus vinos), de Charles Chaplin. El pianista <strong>Alfonso Latorre<\/strong> interpretar\u00e1 en directo la banda sonora de la pel\u00edcula. Habr\u00e1 tambi\u00e9n una <strong>cena c\u00f3ctel<\/strong> con los vinos &#8220;El Circo&#8221; de Grandes Vinos. Las reservas hay que realizarlas directamente en esta bodega.<\/p>\n<p>La Fiesta de la Vendimia fue declarada el pasado a\u00f1o por el Gobierno aut\u00f3nomo, coincidiendo con su 50\u00ba aniversario,\u00a0 <strong>Fiesta de Inter\u00e9s Tur\u00edstico de Arag\u00f3n.<\/strong><\/p>\n<p><strong>JOS\u00c9 RAM\u00d3N DE LA MORENA, RECONOCIDO PERIODISTA DEPORTIVO DE LA RADIO<\/strong><\/p>\n<p>Naci\u00f3 en Brunete (Madrid) el 21 de noviembre de 1956, <strong>Jos\u00e9 Ram\u00f3n de la Morena <\/strong>es licenciado en <strong>Ciencias de la Informaci\u00f3n<\/strong> por la <strong>Universidad Complutense<\/strong> de Madrid.<\/p>\n<p>Comenz\u00f3 su carrera en <strong>Radio Intercontinental<\/strong> y pas\u00f3 a la <strong>Cadena SER <\/strong>en 1981. Fue director de <strong>El Larguero<\/strong> desde septiembre de 1989 hasta junio de 2016. En el verano de 2016 se incorpora a <strong>Onda Cero<\/strong> como director de <strong>El Transistor<\/strong>.<\/p>\n<p>Ha cubierto <strong>Vuelta a Espa\u00f1a, Tour de Francia y Giro de Italia<\/strong>, durante m\u00e1s de 20 a\u00f1os; los <strong>mundiales de f\u00fatbol de Espa\u00f1a, M\u00e9xico, Italia, EEUU, Francia, Alemania y Sud\u00e1frica<\/strong>; las <strong>Eurocopas de Francia, Alemania, Inglaterra, B\u00e9lgica y Holanda, Portugal, Austria y Suiza y Polonia y Ucrania.<\/strong><\/p>\n<p>Ha recibido, entre otras distinciones, <strong>3 Premios Ondas, una Antena de Oro, 2 Micr\u00f3fonos de Oro y el Premio Larra de Periodismo<\/strong>.<\/p>\n<p>Es autor de <strong>&#8216;Los Silencios de El Larguero&#8217;<\/strong> (Aguilar, 1995), <strong>&#8216;Aqu\u00ed unos amigos&#8217; <\/strong>(Aguilar, 1998), <strong>&#8216;Diario 2000 de El Larguero&#8217;<\/strong> (Aguilar, 2000), <strong>&#8216;Los Silencios de El Larguero cuando fuimos campeones&#8217;<\/strong> (Aguilar, 2010), <strong>&#8216;Los Silencios de El Larguero 25 a\u00f1os despu\u00e9s&#8217;<\/strong> (Aguilar, 2014).<\/p>\n<hr>\n<figure id=\"attachment_436\" aria-describedby=\"caption-attachment-436\" style=\"width: 300px\" class=\"wp-caption alignnone\"><a href=\"\/_archivos\/imagenes\/3318.jpg\" target=\"_blank\" rel=\"noopener noreferrer\"><img decoding=\"async\" class=\"size-medium\" src=\"\/_archivos\/imagenes\/300\/3318.jpg\" alt=\"Jos\u00e9 Ram\u00f3n de la Morena - horizontal\" title=\"Jos\u00e9 Ram\u00f3n de la Morena - horizontal\" width=\"300\" height=\"auto\" \/><\/a><figcaption id=\"caption-attachment-436\" class=\"wp-caption-text\"><a href=\"\/_archivos\/imagenes\/3318.jpg\" target=\"_blank\" rel=\"noopener noreferrer\">Descargar imagen<\/a><\/figcaption><\/figure>\n<figure id=\"attachment_436\" aria-describedby=\"caption-attachment-436\" style=\"width: 300px\" class=\"wp-caption alignnone\"><a href=\"\/_archivos\/imagenes\/3319.jpg\" target=\"_blank\" rel=\"noopener noreferrer\"><img decoding=\"async\" class=\"size-medium\" src=\"\/_archivos\/imagenes\/300\/3319.jpg\" alt=\"CARTEL Y PROGRAMA FIESTA DE LA VENDIMIA 2017_P\u00e1gina_1\" title=\"CARTEL Y PROGRAMA FIESTA DE LA VENDIMIA 2017_P\u00e1gina_1\" width=\"300\" height=\"auto\" \/><\/a><figcaption id=\"caption-attachment-436\" class=\"wp-caption-text\"><a href=\"\/_archivos\/imagenes\/3319.jpg\" target=\"_blank\" rel=\"noopener noreferrer\">Descargar imagen<\/a><\/figcaption><\/figure>\n<figure id=\"attachment_436\" aria-describedby=\"caption-attachment-436\" style=\"width: 300px\" class=\"wp-caption alignnone\"><a href=\"\/_archivos\/imagenes\/3320.jpg\" target=\"_blank\" rel=\"noopener noreferrer\"><img decoding=\"async\" class=\"size-medium\" src=\"\/_archivos\/imagenes\/300\/3320.jpg\" alt=\"CARTEL Y PROGRAMA FIESTA DE LA VENDIMIA 2017_P\u00e1gina_2\" title=\"CARTEL Y PROGRAMA FIESTA DE LA VENDIMIA 2017_P\u00e1gina_2\" width=\"300\" height=\"auto\" \/><\/a><figcaption id=\"caption-attachment-436\" class=\"wp-caption-text\"><a href=\"\/_archivos\/imagenes\/3320.jpg\" target=\"_blank\" rel=\"noopener noreferrer\">Descargar imagen<\/a><\/figcaption><\/figure>\n<figure id=\"attachment_436\" aria-describedby=\"caption-attachment-436\" style=\"width: 300px\" class=\"wp-caption alignnone\"><a href=\"\/_archivos\/imagenes\/3321.jpg\" target=\"_blank\" rel=\"noopener noreferrer\"><img decoding=\"async\" class=\"size-medium\" src=\"\/_archivos\/imagenes\/300\/3321.jpg\" alt=\"De la Fuente de la Mora manan durante la jornada miles de litros de vino\" title=\"De la Fuente de la Mora manan durante la jornada miles de litros de vino\" width=\"300\" height=\"auto\" \/><\/a><figcaption id=\"caption-attachment-436\" class=\"wp-caption-text\"><a href=\"\/_archivos\/imagenes\/3321.jpg\" target=\"_blank\" rel=\"noopener noreferrer\">Descargar imagen<\/a><\/figcaption><\/figure>\n<figure id=\"attachment_436\" aria-describedby=\"caption-attachment-436\" style=\"width: 300px\" class=\"wp-caption alignnone\"><a href=\"\/_archivos\/imagenes\/3322.jpg\" target=\"_blank\" rel=\"noopener noreferrer\"><img decoding=\"async\" class=\"size-medium\" src=\"\/_archivos\/imagenes\/300\/3322.jpg\" alt=\"\u00daltima edici\u00f3n de la Fiesta de la Vendimia de la DOP Cari\u00f1ena\" title=\"\u00daltima edici\u00f3n de la Fiesta de la Vendimia de la DOP Cari\u00f1ena\" width=\"300\" height=\"auto\" \/><\/a><figcaption id=\"caption-attachment-436\" class=\"wp-caption-text\"><a href=\"\/_archivos\/imagenes\/3322.jpg\" target=\"_blank\" rel=\"noopener noreferrer\">Descargar imagen<\/a><\/figcaption><\/figure>    \t<\/p>\n","protected":false},"excerpt":{"rendered":"<p>La ciudad de Cari\u00f1ena se prepara y engalana estos d\u00edas para acoger durante el fin de semana la 51\u00aa edici\u00f3n de la Fiesta de la Vendimia de la Denominaci\u00f3n de Origen Protegida Cari\u00f1ena, declarada desde el pasado a\u00f1o de Inter\u00e9s Tur\u00edstico de Arag\u00f3n. Con esta tradicional convocatoria, que marca un momento clave para este territorio &hellip;<\/p>\n","protected":false},"author":6,"featured_media":4012,"comment_status":"closed","ping_status":"closed","sticky":false,"template":"","format":"standard","meta":{"_genesis_hide_title":false,"_genesis_hide_breadcrumbs":false,"_genesis_hide_singular_image":false,"_genesis_hide_footer_widgets":false,"_genesis_custom_body_class":"","_genesis_custom_post_class":"","_genesis_layout":"","ngg_post_thumbnail":0,"footnotes":""},"categories":[1],"tags":[],"class_list":{"0":"post-4011","1":"post","2":"type-post","3":"status-publish","4":"format-standard","5":"has-post-thumbnail","7":"category-noticias","8":"entry"},"_links":{"self":[{"href":"https:\/\/elvinodelaspiedras.es\/en\/wp-json\/wp\/v2\/posts\/4011"}],"collection":[{"href":"https:\/\/elvinodelaspiedras.es\/en\/wp-json\/wp\/v2\/posts"}],"about":[{"href":"https:\/\/elvinodelaspiedras.es\/en\/wp-json\/wp\/v2\/types\/post"}],"author":[{"embeddable":true,"href":"https:\/\/elvinodelaspiedras.es\/en\/wp-json\/wp\/v2\/users\/6"}],"replies":[{"embeddable":true,"href":"https:\/\/elvinodelaspiedras.es\/en\/wp-json\/wp\/v2\/comments?post=4011"}],"version-history":[{"count":1,"href":"https:\/\/elvinodelaspiedras.es\/en\/wp-json\/wp\/v2\/posts\/4011\/revisions"}],"predecessor-version":[{"id":5892,"href":"https:\/\/elvinodelaspiedras.es\/en\/wp-json\/wp\/v2\/posts\/4011\/revisions\/5892"}],"wp:featuredmedia":[{"embeddable":true,"href":"https:\/\/elvinodelaspiedras.es\/en\/wp-json\/wp\/v2\/media\/4012"}],"wp:attachment":[{"href":"https:\/\/elvinodelaspiedras.es\/en\/wp-json\/wp\/v2\/media?parent=4011"}],"wp:term":[{"taxonomy":"category","embeddable":true,"href":"https:\/\/elvinodelaspiedras.es\/en\/wp-json\/wp\/v2\/categories?post=4011"},{"taxonomy":"post_tag","embeddable":true,"href":"https:\/\/elvinodelaspiedras.es\/en\/wp-json\/wp\/v2\/tags?post=4011"}],"curies":[{"name":"wp","href":"https:\/\/api.w.org\/{rel}","templated":true}]}}