{"id":4013,"date":"2017-09-23T00:00:00","date_gmt":"2017-09-23T00:00:00","guid":{"rendered":"http:\/\/elvinodelaspiedras.local\/arrancan-las-primeras-actividades-de-la-51-fiesta-de-la-vendimia-de-la-dop-carinena\/"},"modified":"2020-11-13T12:29:29","modified_gmt":"2020-11-13T12:29:29","slug":"arrancan-las-primeras-actividades-de-la-51-fiesta-de-la-vendimia-de-la-dop-carinena","status":"publish","type":"post","link":"https:\/\/elvinodelaspiedras.es\/en\/comunicacion\/noticias\/arrancan-las-primeras-actividades-de-la-51-fiesta-de-la-vendimia-de-la-dop-carinena\/","title":{"rendered":"Arrancan las primeras actividades de la 51\u00aa Fiesta de la Vendimia de la D.O.P. Cari\u00f1ena"},"content":{"rendered":"<p>Los actos de la 51\u00aa Fiesta de la Vendimia de la <strong>D.O.P. Cari\u00f1ena<\/strong> han arrancado este s\u00e1bado por la tarde. Las 17 casetas de la <strong>Plaza del Vino han abierto por primera vez sus puertas. <\/strong>En ellas se pueden degustar los Vinos de las Piedras y ricas tapas y raciones de la gastronom\u00eda aragonesa. <strong>&#8220;Los Tres Norteamericanos&#8221;<\/strong> han puesto adem\u00e1s la nota musical.<\/p>\n<p>La Fiesta de la Vendimia fue declarada el pasado a\u00f1o por el Gobierno aut\u00f3nomo, coincidiendo con su 50\u00ba aniversario,\u00a0 <strong>Fiesta de Inter\u00e9s Tur\u00edstico de Arag\u00f3n.<\/strong><\/p>\n<p>Con esta tradicional convocatoria, que marca un momento clave para este territorio de la provincia de Zaragoza, culminar\u00e1n las actividades de <strong>&#8220;Septiembre en Cari\u00f1ena&#8221;,<\/strong> el amplio programa desarrollado este mes por la Denominaci\u00f3n, que arranc\u00f3 con la celebraci\u00f3n de la campa\u00f1a <strong>&#8220;Sorpresas en el restaurante&#8221;<\/strong>, durante los dos pasados fines de semana en una veintena de restaurantes zaragozanos.<\/p>\n<p>La Fiesta de la Vendimia de Cari\u00f1ena es una de las <strong>m\u00e1s originales y llamativas<\/strong> de todas las que se celebran en estas fechas en la geograf\u00eda espa\u00f1ola, por la peculiaridad de ver <strong>manar vino en lugar de agua de la Fuente de la Mora<\/strong>, en el momento cumbre del evento.<\/p>\n<p>El acto principal &#8211;<strong>Exaltaci\u00f3n del Vino y Ofrenda al Santo Cristo de Santiago<\/strong>&#8211; tendr\u00e1 lugar este domingo d\u00eda 24. A partir de las <strong>11 horas<\/strong> comenzar\u00e1 la <strong>recepci\u00f3n de autoridades e invitados<\/strong> en el Museo del Vino y sede del Consejo Regulador.<\/p>\n<p>El &#8220;Invitado de Honor&#8221; ser\u00e1 este a\u00f1o el <strong>reconocido periodista deportivo de la radio Jos\u00e9 Ram\u00f3n de la Morena, <\/strong>responsable de &#8220;El larguero&#8221; durante muchos a\u00f1os en la SER y actualmente de <strong>&#8220;El transistor&#8221; en Onda Cero<\/strong>.<\/p>\n<p>Entre las autoridades que han confirmado su presencia se encuentran tres consejeros del Gobierno de Arag\u00f3n: <strong>Vicente Guill\u00e9n<\/strong> (Presidencia), <strong>Joaqu\u00edn Olona<\/strong> (Desarrollo Rural) \u00a0y <strong>Jos\u00e9 Luis Soro<\/strong> (responsable de Turismo).<\/p>\n<p>Todos los protagonistas del evento se desplazar\u00e1n en grupo <strong>a las 11,20 h desde la sede del Consejo hasta la plaza de la Fuente de la Mora<\/strong>, atravesando la calle Mayor.<\/p>\n<p><strong> A las 11,30 horas dar\u00e1 comienzo el acto institucional.<\/strong> Como cada a\u00f1o, cientos de personas llenar\u00e1n la <strong>plaza de Espa\u00f1a<\/strong>, en torno a la Fuente y con la preciosa fachada renacentista del Ayuntamiento cari\u00f1enense de fondo, para ver c\u00f3mo surge el <strong>primer mosto del a\u00f1o tras el pisado de la uva<\/strong> a cargo de dos viticultores de la Denominaci\u00f3n. En esta ocasi\u00f3n, los encargados de subir a la portadera y recoger posteriormente el l\u00edquido obtenido ser\u00e1n dos vecinos de <strong>Almonacid de la Sierra, Mar\u00eda Pilar Lorente y Diego Campos.<\/strong><\/p>\n<p>En el acto intervendr\u00e1n el &#8220;Invitado de Honor&#8221;; el consejero de Presidencia; el <strong>alcalde y presidente<\/strong> de la comarca Campo de Cari\u00f1ena, <strong>Sergio Ortiz<\/strong>, y el <strong>presidente de la D.O.P. Cari\u00f1ena<\/strong>, <strong>Ignacio Casamitjana<\/strong>. Esta es su primera Fiesta de la Vendimia tras ser elegido m\u00e1ximo responsable del Consejo Regulador el pasado 20 de julio. Como es tradici\u00f3n, el <strong>presidente saliente, Antonio Ubide<\/strong>, recibir\u00e1 la <strong>&#8220;Insignia de Platino&#8221;<\/strong> de la Denominaci\u00f3n.<\/p>\n<p>Concluidas las intervenciones, llegar\u00e1 el momento m\u00e1s esperado, el <strong>encendido de la Fuente, protagonizado por Jos\u00e9 Ram\u00f3n de la Morena<\/strong>, quien accionar\u00e1 el interruptor acompa\u00f1ado de <strong>Ignacio Casamitjana<\/strong>. Surgir\u00e1 as\u00ed el vino por todos los ca\u00f1os de la fuente y lo seguir\u00e1 haciendo durante toda la jornada, con un <strong>balance final de miles de litros<\/strong> vertidos. El acto concluir\u00e1 con el <strong>ofrecimiento del primer mosto al Santo Cristo de Santiago<\/strong>, patr\u00f3n de Cari\u00f1ena, en su capilla situada en la calle Mayor.<\/p>\n<p>Como tambi\u00e9n es tradici\u00f3n, el &#8220;Invitado de Honor&#8221; impondr\u00e1 sus manos posteriormente en el <strong>Paseo de las Estrellas<\/strong>, donde ya lucen desde 2014 las huellas de otros personajes destacados que han visitado la Denominaci\u00f3n Cari\u00f1ena: <strong>David Trueba, Gabino Diego, Miguel \u00c1ngel Lamata, Paula Ortiz, Eduardo Noriega, Elvira Lindo y Luisa Gavasa<\/strong>. Est\u00e1 previsto que este acto tenga lugar a las 12,15 horas.<\/p>\n<p>A las 12 h se abrir\u00e1 al p\u00fablico la <strong>Plaza del Vino<\/strong>, donde se podr\u00e1n degustar en jornada de ma\u00f1ana y tarde las principales marcas de El Vino de las Piedras junto a ricas tapas y raciones. En el escenario y en las inmediaciones de la plaza habr\u00e1 <strong>actuaciones musicales y actividades infantiles y juveniles<\/strong> a cargo de <strong>&#8220;Cosco &amp; Leo&#8221; y &#8220;Caranto\u00f1a&#8221;. <\/strong>Las 17 casetas de la Plaza del Vino permanecer\u00e1n<strong> abiertas hasta las 15 h<\/strong>, y por la tarde, <strong>de 17 a 22 h<\/strong>.<\/p>\n<hr>\n<figure id=\"attachment_437\" aria-describedby=\"caption-attachment-437\" style=\"width: 300px\" class=\"wp-caption alignnone\"><a href=\"\/_archivos\/imagenes\/3323.jpg\" target=\"_blank\" rel=\"noopener noreferrer\"><img decoding=\"async\" class=\"size-medium\" src=\"\/_archivos\/imagenes\/300\/3323.jpg\" alt=\"P1010108\" title=\"P1010108\" width=\"300\" height=\"auto\" \/><\/a><figcaption id=\"caption-attachment-437\" class=\"wp-caption-text\"><a href=\"\/_archivos\/imagenes\/3323.jpg\" target=\"_blank\" rel=\"noopener noreferrer\">Descargar imagen<\/a><\/figcaption><\/figure>\n<figure id=\"attachment_437\" aria-describedby=\"caption-attachment-437\" style=\"width: 300px\" class=\"wp-caption alignnone\"><a href=\"\/_archivos\/imagenes\/3324.jpg\" target=\"_blank\" rel=\"noopener noreferrer\"><img decoding=\"async\" class=\"size-medium\" src=\"\/_archivos\/imagenes\/300\/3324.jpg\" alt=\"P1010134\" title=\"P1010134\" width=\"300\" height=\"auto\" \/><\/a><figcaption id=\"caption-attachment-437\" class=\"wp-caption-text\"><a href=\"\/_archivos\/imagenes\/3324.jpg\" target=\"_blank\" rel=\"noopener noreferrer\">Descargar imagen<\/a><\/figcaption><\/figure>\n<figure id=\"attachment_437\" aria-describedby=\"caption-attachment-437\" style=\"width: 300px\" class=\"wp-caption alignnone\"><a href=\"\/_archivos\/imagenes\/3325.jpg\" target=\"_blank\" rel=\"noopener noreferrer\"><img decoding=\"async\" class=\"size-medium\" src=\"\/_archivos\/imagenes\/300\/3325.jpg\" alt=\"P1010147\" title=\"P1010147\" width=\"300\" height=\"auto\" \/><\/a><figcaption id=\"caption-attachment-437\" class=\"wp-caption-text\"><a href=\"\/_archivos\/imagenes\/3325.jpg\" target=\"_blank\" rel=\"noopener noreferrer\">Descargar imagen<\/a><\/figcaption><\/figure>\n<figure id=\"attachment_437\" aria-describedby=\"caption-attachment-437\" style=\"width: 300px\" class=\"wp-caption alignnone\"><a href=\"\/_archivos\/imagenes\/3326.jpg\" target=\"_blank\" rel=\"noopener noreferrer\"><img decoding=\"async\" class=\"size-medium\" src=\"\/_archivos\/imagenes\/300\/3326.jpg\" alt=\"Jornada s\u00e1bado 51 Fiesta Vendimia Cari\u00f1ena (1)\" title=\"Jornada s\u00e1bado 51 Fiesta Vendimia Cari\u00f1ena (1)\" width=\"300\" height=\"auto\" \/><\/a><figcaption id=\"caption-attachment-437\" class=\"wp-caption-text\"><a href=\"\/_archivos\/imagenes\/3326.jpg\" target=\"_blank\" rel=\"noopener noreferrer\">Descargar imagen<\/a><\/figcaption><\/figure>\n<figure id=\"attachment_437\" aria-describedby=\"caption-attachment-437\" style=\"width: 300px\" class=\"wp-caption alignnone\"><a href=\"\/_archivos\/imagenes\/3327.jpg\" target=\"_blank\" rel=\"noopener noreferrer\"><img decoding=\"async\" class=\"size-medium\" src=\"\/_archivos\/imagenes\/300\/3327.jpg\" alt=\"Jornada s\u00e1bado 51 Fiesta Vendimia Cari\u00f1ena (2)\" title=\"Jornada s\u00e1bado 51 Fiesta Vendimia Cari\u00f1ena (2)\" width=\"300\" height=\"auto\" \/><\/a><figcaption id=\"caption-attachment-437\" class=\"wp-caption-text\"><a href=\"\/_archivos\/imagenes\/3327.jpg\" target=\"_blank\" rel=\"noopener noreferrer\">Descargar imagen<\/a><\/figcaption><\/figure>\n<figure id=\"attachment_437\" aria-describedby=\"caption-attachment-437\" style=\"width: 300px\" class=\"wp-caption alignnone\"><a href=\"\/_archivos\/imagenes\/3328.jpg\" target=\"_blank\" rel=\"noopener noreferrer\"><img decoding=\"async\" class=\"size-medium\" src=\"\/_archivos\/imagenes\/300\/3328.jpg\" alt=\"Jornada s\u00e1bado 51 Fiesta Vendimia Cari\u00f1ena (3)\" title=\"Jornada s\u00e1bado 51 Fiesta Vendimia Cari\u00f1ena (3)\" width=\"300\" height=\"auto\" \/><\/a><figcaption id=\"caption-attachment-437\" class=\"wp-caption-text\"><a href=\"\/_archivos\/imagenes\/3328.jpg\" target=\"_blank\" rel=\"noopener noreferrer\">Descargar imagen<\/a><\/figcaption><\/figure>\n<figure id=\"attachment_437\" aria-describedby=\"caption-attachment-437\" style=\"width: 300px\" class=\"wp-caption alignnone\"><a href=\"\/_archivos\/imagenes\/3329.jpg\" target=\"_blank\" rel=\"noopener noreferrer\"><img decoding=\"async\" class=\"size-medium\" src=\"\/_archivos\/imagenes\/300\/3329.jpg\" alt=\"Jornada s\u00e1bado 51 Fiesta Vendimia Cari\u00f1ena (4)\" title=\"Jornada s\u00e1bado 51 Fiesta Vendimia Cari\u00f1ena (4)\" width=\"300\" height=\"auto\" \/><\/a><figcaption id=\"caption-attachment-437\" class=\"wp-caption-text\"><a href=\"\/_archivos\/imagenes\/3329.jpg\" target=\"_blank\" rel=\"noopener noreferrer\">Descargar imagen<\/a><\/figcaption><\/figure>\n<figure id=\"attachment_437\" aria-describedby=\"caption-attachment-437\" style=\"width: 300px\" class=\"wp-caption alignnone\"><a href=\"\/_archivos\/imagenes\/3330.jpg\" target=\"_blank\" rel=\"noopener noreferrer\"><img decoding=\"async\" class=\"size-medium\" src=\"\/_archivos\/imagenes\/300\/3330.jpg\" alt=\"Jornada s\u00e1bado 51 Fiesta Vendimia Cari\u00f1ena (5)\" title=\"Jornada s\u00e1bado 51 Fiesta Vendimia Cari\u00f1ena (5)\" width=\"300\" height=\"auto\" \/><\/a><figcaption id=\"caption-attachment-437\" class=\"wp-caption-text\"><a href=\"\/_archivos\/imagenes\/3330.jpg\" target=\"_blank\" rel=\"noopener noreferrer\">Descargar imagen<\/a><\/figcaption><\/figure>    \t<\/p>\n","protected":false},"excerpt":{"rendered":"<p>Los actos de la 51\u00aa Fiesta de la Vendimia de la D.O.P. Cari\u00f1ena han arrancado este s\u00e1bado por la tarde. Las 17 casetas de la Plaza del Vino han abierto por primera vez sus puertas. En ellas se pueden degustar los Vinos de las Piedras y ricas tapas y raciones de la gastronom\u00eda aragonesa. &#8220;Los &hellip;<\/p>\n","protected":false},"author":6,"featured_media":4014,"comment_status":"closed","ping_status":"closed","sticky":false,"template":"","format":"standard","meta":{"_genesis_hide_title":false,"_genesis_hide_breadcrumbs":false,"_genesis_hide_singular_image":false,"_genesis_hide_footer_widgets":false,"_genesis_custom_body_class":"","_genesis_custom_post_class":"","_genesis_layout":"","ngg_post_thumbnail":0,"footnotes":""},"categories":[1],"tags":[],"class_list":{"0":"post-4013","1":"post","2":"type-post","3":"status-publish","4":"format-standard","5":"has-post-thumbnail","7":"category-noticias","8":"entry"},"_links":{"self":[{"href":"https:\/\/elvinodelaspiedras.es\/en\/wp-json\/wp\/v2\/posts\/4013"}],"collection":[{"href":"https:\/\/elvinodelaspiedras.es\/en\/wp-json\/wp\/v2\/posts"}],"about":[{"href":"https:\/\/elvinodelaspiedras.es\/en\/wp-json\/wp\/v2\/types\/post"}],"author":[{"embeddable":true,"href":"https:\/\/elvinodelaspiedras.es\/en\/wp-json\/wp\/v2\/users\/6"}],"replies":[{"embeddable":true,"href":"https:\/\/elvinodelaspiedras.es\/en\/wp-json\/wp\/v2\/comments?post=4013"}],"version-history":[{"count":2,"href":"https:\/\/elvinodelaspiedras.es\/en\/wp-json\/wp\/v2\/posts\/4013\/revisions"}],"predecessor-version":[{"id":5891,"href":"https:\/\/elvinodelaspiedras.es\/en\/wp-json\/wp\/v2\/posts\/4013\/revisions\/5891"}],"wp:featuredmedia":[{"embeddable":true,"href":"https:\/\/elvinodelaspiedras.es\/en\/wp-json\/wp\/v2\/media\/4014"}],"wp:attachment":[{"href":"https:\/\/elvinodelaspiedras.es\/en\/wp-json\/wp\/v2\/media?parent=4013"}],"wp:term":[{"taxonomy":"category","embeddable":true,"href":"https:\/\/elvinodelaspiedras.es\/en\/wp-json\/wp\/v2\/categories?post=4013"},{"taxonomy":"post_tag","embeddable":true,"href":"https:\/\/elvinodelaspiedras.es\/en\/wp-json\/wp\/v2\/tags?post=4013"}],"curies":[{"name":"wp","href":"https:\/\/api.w.org\/{rel}","templated":true}]}}