{"id":4017,"date":"2017-09-27T00:00:00","date_gmt":"2017-09-27T00:00:00","guid":{"rendered":"http:\/\/elvinodelaspiedras.local\/importadores-y-prescriptores-de-holanda-y-belgica-ven-especiales-y-muy-interesantes-los-vinos-de-las-piedras-para-esos-mercados\/"},"modified":"2020-11-13T12:29:29","modified_gmt":"2020-11-13T12:29:29","slug":"importadores-y-prescriptores-de-holanda-y-belgica-ven-especiales-y-muy-interesantes-los-vinos-de-las-piedras-para-esos-mercados","status":"publish","type":"post","link":"https:\/\/elvinodelaspiedras.es\/en\/comunicacion\/noticias\/importadores-y-prescriptores-de-holanda-y-belgica-ven-especiales-y-muy-interesantes-los-vinos-de-las-piedras-para-esos-mercados\/","title":{"rendered":"Importadores y prescriptores de Holanda y B\u00e9lgica ven \u201cespeciales y muy interesantes\u201d los vinos de las piedras para esos mercados"},"content":{"rendered":"<p>Los vinos elaborados con las variedades aut\u00f3ctonas de uva garnacha y cari\u00f1ena son los que m\u00e1s han sorprendido al grupo de <strong>14 importadores, distribuidores, prescriptores y periodistas de Holanda y B\u00e9lgica<\/strong> (siete de cada pa\u00eds), que durante tres d\u00edas han estado conociendo la Denominaci\u00f3n de Origen Protegida. La delegaci\u00f3n ha visitado varias <strong>bodegas y vi\u00f1edos, el Museo del Vino y asistieron a la 51\u00aa Fiesta de la Vendimia<\/strong> que se celebr\u00f3 el pasado domingo. La acci\u00f3n se enmarca dentro del plan de promoci\u00f3n de Cari\u00f1ena para los dos mercados, en el que <strong>colabora Arag\u00f3n Exterior (AREX) <\/strong>con su delegaci\u00f3n en Benelux.<\/p>\n<p>El periodista belga <strong>Marc Vanhellemont<\/strong>, que publica en la revista <strong>&#8220;In Vino Verita&#8221;<\/strong> de B\u00e9lgica y en <strong>&#8220;Terre de Vins&#8221;<\/strong> de Francia, ha destacado que las variedades de garnacha y cari\u00f1ena le han sorprendido especialmente. &#8220;Para m\u00ed Cari\u00f1ena ha sido una revelaci\u00f3n, porque no ten\u00eda una visi\u00f3n clara de la D.O.P. Sus vinos me resultan, tras la visita, m\u00e1s interesantes porque he visto que <strong>est\u00e1n hechos con cepas aut\u00f3ctonas<\/strong>&#8220;, ha destacado.<\/p>\n<p>La singularidad de los Vinos de las Piedras tambi\u00e9n han llamado la atenci\u00f3n de los importadores, como es el caso de la holandesa <strong>Teuni Van Genderen: <\/strong>&#8220;Hemos probado grandes vinos, en bodegas peque\u00f1as y grandes, y yo vengo buscando los m\u00e1s especiales, los que realmente suponen una diferenciaci\u00f3n y <strong>las uvas propias de Cari\u00f1ena son especiales<\/strong>&#8220;.Van Genderen cree que los vinos de la D.O.P. pueden tener \u00e9xito en su pa\u00eds y se ha mostrado encantada con la visita. <strong>&#8220;Nuestra impresi\u00f3n es maravillosa<\/strong>, han sido muy acogedores con nosotros y hemos podido vivir la atm\u00f3sfera de la <strong>Fiesta de la Vendimia<\/strong> donde puedes sentir a la gente&#8221;, ha declarado la importadora.<\/p>\n<p>A la importaci\u00f3n se dedica tambi\u00e9n la belga <strong>Michelle Van Den Bossche<\/strong>. &#8220;Esta visita me ha servido para conocer mejor la regi\u00f3n vin\u00edcola de Cari\u00f1ena y aprender. Hay una <strong>muy buena evoluci\u00f3n en los vinos<\/strong> y hemos hecho las catas necesarias para poder comparar&#8221;, ha explicado Van Den Bossche. &#8220;El sabor de los Vinos de las Piedras es muy agradable, los en\u00f3logos <strong>hacen un buen trabajo<\/strong>&#8220;, ha destacado.<\/p>\n<p>A lo largo de tres d\u00edas, los visitantes han conocido el origen de &#8220;El Vino de las Piedras&#8221;: <strong>Terroir, clima, vi\u00f1as y variedades<\/strong>, y, c\u00f3mo no, el proceso de producci\u00f3n de los vinos. Cinco bodegas han abierto sus puertas para ellos, y han visto de primera mano los procesos y medios t\u00e9cnicos de cinco de ellas: <strong>Grandes Vinos, Bodegas San Valero, Bodegas Paniza, Dominio de Longaz<\/strong> y <strong>Bodegas Solar de Urbezo.<\/strong><\/p>\n<p>Aparte de estas visitas, han conocido tambi\u00e9n las virtudes\u00a0 y \u00a0peculiaridades de la<strong> gastronom\u00eda aragonesa<\/strong>. Cada men\u00fa ha estado acompa\u00f1ado con vinos de Cari\u00f1ena, <strong>maridados con cada plato<\/strong> para que comida y vino se potencien mutuamente en sabor y aroma.<\/p>\n<p><strong>Holanda es el octavo mercado de exportaci\u00f3n<\/strong> de la D.O.P., con m\u00e1s de 1,2 millones de botellas vendidas en 2016. En <strong>B\u00e9lgica los vinos de Cari\u00f1ena est\u00e1n menos presentes<\/strong>, pero los organizadores del Plan de Promoci\u00f3n esperan aumentar sus ventas a ra\u00edz de las acciones comerciales realizadas. Del total de la producci\u00f3n de la Denominaci\u00f3n en 2016,<a name=\"_GoBack\"><\/a> m\u00e1s de dos tercios se vendieron fuera de Espa\u00f1a.<\/p>\n<p>En octubre, adem\u00e1s, se realizar\u00e1 una misi\u00f3n directa a B\u00e9lgica y Holanda con <strong>5 empresas participantes<\/strong>. Mantendr\u00e1n entrevistas individuales con los importadores para poder <strong>consolidar los contactos y establecer pr\u00f3ximos<\/strong> pasos para la exportaci\u00f3n de sus vinos a estos mercados.<\/p>\n<hr>\n<figure id=\"attachment_439\" aria-describedby=\"caption-attachment-439\" style=\"width: 300px\" class=\"wp-caption alignnone\"><a href=\"\/_archivos\/imagenes\/3340.jpg\" target=\"_blank\" rel=\"noopener noreferrer\"><img decoding=\"async\" class=\"size-medium\" src=\"\/_archivos\/imagenes\/300\/3340.jpg\" alt=\"Importadores y prescriptores de Holanda y B\u00e9lgica con responsables de DOP Cari\u00f1ena y AREX\" title=\"Importadores y prescriptores de Holanda y B\u00e9lgica con responsables de DOP Cari\u00f1ena y AREX\" width=\"300\" height=\"auto\" \/><\/a><figcaption id=\"caption-attachment-439\" class=\"wp-caption-text\"><a href=\"\/_archivos\/imagenes\/3340.jpg\" target=\"_blank\" rel=\"noopener noreferrer\">Descargar imagen<\/a><\/figcaption><\/figure>\n<figure id=\"attachment_439\" aria-describedby=\"caption-attachment-439\" style=\"width: 300px\" class=\"wp-caption alignnone\"><a href=\"\/_archivos\/imagenes\/3341.jpg\" target=\"_blank\" rel=\"noopener noreferrer\"><img decoding=\"async\" class=\"size-medium\" src=\"\/_archivos\/imagenes\/300\/3341.jpg\" alt=\"Cata en el Museo del Vino de la DOP Cari\u00f1ena (1)\" title=\"Cata en el Museo del Vino de la DOP Cari\u00f1ena (1)\" width=\"300\" height=\"auto\" \/><\/a><figcaption id=\"caption-attachment-439\" class=\"wp-caption-text\"><a href=\"\/_archivos\/imagenes\/3341.jpg\" target=\"_blank\" rel=\"noopener noreferrer\">Descargar imagen<\/a><\/figcaption><\/figure>\n<figure id=\"attachment_439\" aria-describedby=\"caption-attachment-439\" style=\"width: 300px\" class=\"wp-caption alignnone\"><a href=\"\/_archivos\/imagenes\/3342.jpg\" target=\"_blank\" rel=\"noopener noreferrer\"><img decoding=\"async\" class=\"size-medium\" src=\"\/_archivos\/imagenes\/300\/3342.jpg\" alt=\"Cata en el Museo del Vino de la DOP Cari\u00f1ena (2)\" title=\"Cata en el Museo del Vino de la DOP Cari\u00f1ena (2)\" width=\"300\" height=\"auto\" \/><\/a><figcaption id=\"caption-attachment-439\" class=\"wp-caption-text\"><a href=\"\/_archivos\/imagenes\/3342.jpg\" target=\"_blank\" rel=\"noopener noreferrer\">Descargar imagen<\/a><\/figcaption><\/figure>\n<figure id=\"attachment_439\" aria-describedby=\"caption-attachment-439\" style=\"width: 300px\" class=\"wp-caption alignnone\"><a href=\"\/_archivos\/imagenes\/3343.jpg\" target=\"_blank\" rel=\"noopener noreferrer\"><img decoding=\"async\" class=\"size-medium\" src=\"\/_archivos\/imagenes\/300\/3343.jpg\" alt=\"Reuni\u00f3n en la sede del Consejo Regulador de la DOP Cari\u00f1ena\" title=\"Reuni\u00f3n en la sede del Consejo Regulador de la DOP Cari\u00f1ena\" width=\"300\" height=\"auto\" \/><\/a><figcaption id=\"caption-attachment-439\" class=\"wp-caption-text\"><a href=\"\/_archivos\/imagenes\/3343.jpg\" target=\"_blank\" rel=\"noopener noreferrer\">Descargar imagen<\/a><\/figcaption><\/figure>    \t<\/p>\n","protected":false},"excerpt":{"rendered":"<p>Los vinos elaborados con las variedades aut\u00f3ctonas de uva garnacha y cari\u00f1ena son los que m\u00e1s han sorprendido al grupo de 14 importadores, distribuidores, prescriptores y periodistas de Holanda y B\u00e9lgica (siete de cada pa\u00eds), que durante tres d\u00edas han estado conociendo la Denominaci\u00f3n de Origen Protegida. La delegaci\u00f3n ha visitado varias bodegas y vi\u00f1edos, &hellip;<\/p>\n","protected":false},"author":6,"featured_media":4018,"comment_status":"closed","ping_status":"closed","sticky":false,"template":"","format":"standard","meta":{"_genesis_hide_title":false,"_genesis_hide_breadcrumbs":false,"_genesis_hide_singular_image":false,"_genesis_hide_footer_widgets":false,"_genesis_custom_body_class":"","_genesis_custom_post_class":"","_genesis_layout":"","ngg_post_thumbnail":0,"footnotes":""},"categories":[1],"tags":[],"class_list":{"0":"post-4017","1":"post","2":"type-post","3":"status-publish","4":"format-standard","5":"has-post-thumbnail","7":"category-noticias","8":"entry"},"_links":{"self":[{"href":"https:\/\/elvinodelaspiedras.es\/en\/wp-json\/wp\/v2\/posts\/4017"}],"collection":[{"href":"https:\/\/elvinodelaspiedras.es\/en\/wp-json\/wp\/v2\/posts"}],"about":[{"href":"https:\/\/elvinodelaspiedras.es\/en\/wp-json\/wp\/v2\/types\/post"}],"author":[{"embeddable":true,"href":"https:\/\/elvinodelaspiedras.es\/en\/wp-json\/wp\/v2\/users\/6"}],"replies":[{"embeddable":true,"href":"https:\/\/elvinodelaspiedras.es\/en\/wp-json\/wp\/v2\/comments?post=4017"}],"version-history":[{"count":1,"href":"https:\/\/elvinodelaspiedras.es\/en\/wp-json\/wp\/v2\/posts\/4017\/revisions"}],"predecessor-version":[{"id":5889,"href":"https:\/\/elvinodelaspiedras.es\/en\/wp-json\/wp\/v2\/posts\/4017\/revisions\/5889"}],"wp:featuredmedia":[{"embeddable":true,"href":"https:\/\/elvinodelaspiedras.es\/en\/wp-json\/wp\/v2\/media\/4018"}],"wp:attachment":[{"href":"https:\/\/elvinodelaspiedras.es\/en\/wp-json\/wp\/v2\/media?parent=4017"}],"wp:term":[{"taxonomy":"category","embeddable":true,"href":"https:\/\/elvinodelaspiedras.es\/en\/wp-json\/wp\/v2\/categories?post=4017"},{"taxonomy":"post_tag","embeddable":true,"href":"https:\/\/elvinodelaspiedras.es\/en\/wp-json\/wp\/v2\/tags?post=4017"}],"curies":[{"name":"wp","href":"https:\/\/api.w.org\/{rel}","templated":true}]}}