{"id":4019,"date":"2017-09-28T00:00:00","date_gmt":"2017-09-28T00:00:00","guid":{"rendered":"http:\/\/elvinodelaspiedras.local\/nacho-arantegui-presenta-el-espectaculo-artistico-voluptatem-este-viernes-en-bodegas-ignacio-marin-de-carinena\/"},"modified":"2020-11-13T12:29:29","modified_gmt":"2020-11-13T12:29:29","slug":"nacho-arantegui-presenta-el-espectaculo-artistico-voluptatem-este-viernes-en-bodegas-ignacio-marin-de-carinena","status":"publish","type":"post","link":"https:\/\/elvinodelaspiedras.es\/en\/comunicacion\/noticias\/nacho-arantegui-presenta-el-espectaculo-artistico-voluptatem-este-viernes-en-bodegas-ignacio-marin-de-carinena\/","title":{"rendered":"Nacho Arantegui presenta el espect\u00e1culo art\u00edstico \u201cvoluptatem\u201d este viernes en Bodegas Ignacio Mar\u00edn de Cari\u00f1ena"},"content":{"rendered":"<p><strong>Nacho Arantegui<\/strong> y la <strong>asociaci\u00f3n Trarutan<\/strong> regresan con una nueva propuesta art\u00edstica, en esta ocasi\u00f3n el paisaje lo define una formidable bodega de vinos en Cari\u00f1ena, con <strong>espacios sorprendentes marcados por los miles de toneles de madera<\/strong> de roble en los que reposan. Una arquitectura singular que constituye parte de las <strong>bodegas Familia Ignacio Mar\u00edn<\/strong>, de la <strong>Denominaci\u00f3n de Origen Protegida Cari\u00f1ena.<\/strong><\/p>\n<p>Los espectadores podr\u00e1n recorrer la profunda bodega ba\u00f1ados por la calidez de la luz del elemento ancestral, <strong>el fuego a partir de las velas que nos ofrecen una mira intimista, <\/strong>de conexiones ancestrales, misteriosas o espirituales. Estas sensaciones se complementan con otras que fluyen de las diferentes acciones art\u00edsticas que han sido dise\u00f1adas espec\u00edficamente para el singular escenario: <strong>danza, m\u00fasica en vivo, canto l\u00edrico<\/strong>, performance e intervenciones escult\u00f3ricas. Por poner un ejemplo se podr\u00e1 contemplar una escena en la que la danza y el canto l\u00edrico\u00a0 representan <strong>la\u00a0 mitolog\u00eda a trav\u00e9s de personajes como S\u00e9mele y Dioniso.<\/strong><\/p>\n<p><strong>VOLUPTATEM<\/strong> (del lat\u00edn placer) es el nombre de la experiencia, la palabra est\u00e1 tomada de una <strong>frase de S\u00e9neca<\/strong> representada en un muro de la bodega: PRIMA CRATERA AD SITIM PERTINET, SECUNDA AD HILARITATEM, TERTIA AD VOLUPTATEM, QUARTA AD INSANIAM&#8221; (&#8220;La primera copa es para la sed, la segunda para la alegr\u00eda, la tercera para el placer<strong>, la cuarta para la locura<\/strong>&#8220;).<\/p>\n<p>Los placeres no solo llegar\u00e1n de la vivencia de la propuesta art\u00edstica en las profundidades de la bodega, <strong>la experiencia incluye una degustaci\u00f3n de vinos acompa\u00f1ada de unos pinchos de productos de la tierra<\/strong>. Dise\u00f1ada para todo tipo de p\u00fablico, es una iniciativa singular que nos presenta el arte contempor\u00e1neo interdisciplinar en sinton\u00eda con una tem\u00e1tica, el vino y la bodega que lo guarda.<\/p>\n<p>La iniciativa surge de las <strong>Bodegas Familia Ignacio Mar\u00edn<\/strong> con el patrocinio de la <strong>Ruta del Vino Campo de Cari\u00f1ena &#8211; Ruta del Vino de las Piedras<\/strong> y la colaboraci\u00f3n de <strong>Bodegas El Pilar<\/strong>.<\/p>\n<p>La propuesta se llevar\u00e1 a cabo ma\u00f1ana <strong>viernes 29 de septiembre.<\/strong> Se puede ir en <strong>autob\u00fas desde Zaragoza (salida 20 h altura museo Pablo Serrano)<\/strong> la entrada cuesta 30\u20ac. Si se va por su cuenta a la <strong>bodega (21 h Ctra. Encinacorba 1, 50400 Cari\u00f1ena)<\/strong>, la entrada 25\u20ac. Punto de venta Bodegas el Pilar (Paseo Fernando Cat\u00f3lico 50, Zaragoza).<\/p>\n<p>Seg\u00fan <strong>Nacho Arantegui<\/strong>, este modelo de proyecto es una declaraci\u00f3n de intenciones, el objetivo es explorar nuevos espacios para la creaci\u00f3n art\u00edstica en el que el leitmotiv siga siendo la experiencia viva, con la materia y el concepto <strong>vinculados a la Naturaleza, pero trabajada en espacios singulares &#8220;cerrados&#8221;,<\/strong> que nos posibiliten otro tipo de acciones que no dependan tanto de la estacionalidad u otros factores que en ocasiones hacen el trabajo dificultoso. En ese sentido Arantegui presenta una exposici\u00f3n en <strong>Etopia Centro de Arte y Tecnolog\u00eda<\/strong>, o llev\u00f3 a cabo peque\u00f1as acciones en el <strong>Museo Pablo Gargallo<\/strong> y en <strong>La Lonja<\/strong> de Zaragoza este a\u00f1o 2017.<\/p>\n<hr>\n<figure id=\"attachment_440\" aria-describedby=\"caption-attachment-440\" style=\"width: 300px\" class=\"wp-caption alignnone\"><a href=\"\/_archivos\/imagenes\/3344.jpg\" target=\"_blank\" rel=\"noopener noreferrer\"><img decoding=\"async\" class=\"size-medium\" src=\"\/_archivos\/imagenes\/300\/3344.jpg\" alt=\"VOLUPTATEM web\" title=\"VOLUPTATEM web\" width=\"300\" height=\"auto\" \/><\/a><figcaption id=\"caption-attachment-440\" class=\"wp-caption-text\"><a href=\"\/_archivos\/imagenes\/3344.jpg\" target=\"_blank\" rel=\"noopener noreferrer\">Descargar imagen<\/a><\/figcaption><\/figure>\n","protected":false},"excerpt":{"rendered":"<p>Nacho Arantegui y la asociaci\u00f3n Trarutan regresan con una nueva propuesta art\u00edstica, en esta ocasi\u00f3n el paisaje lo define una formidable bodega de vinos en Cari\u00f1ena, con espacios sorprendentes marcados por los miles de toneles de madera de roble en los que reposan. Una arquitectura singular que constituye parte de las bodegas Familia Ignacio Mar\u00edn, &hellip;<\/p>\n","protected":false},"author":6,"featured_media":4020,"comment_status":"closed","ping_status":"closed","sticky":false,"template":"","format":"standard","meta":{"_genesis_hide_title":false,"_genesis_hide_breadcrumbs":false,"_genesis_hide_singular_image":false,"_genesis_hide_footer_widgets":false,"_genesis_custom_body_class":"","_genesis_custom_post_class":"","_genesis_layout":"","ngg_post_thumbnail":0,"footnotes":""},"categories":[1],"tags":[],"class_list":{"0":"post-4019","1":"post","2":"type-post","3":"status-publish","4":"format-standard","5":"has-post-thumbnail","7":"category-noticias","8":"entry"},"_links":{"self":[{"href":"https:\/\/elvinodelaspiedras.es\/en\/wp-json\/wp\/v2\/posts\/4019"}],"collection":[{"href":"https:\/\/elvinodelaspiedras.es\/en\/wp-json\/wp\/v2\/posts"}],"about":[{"href":"https:\/\/elvinodelaspiedras.es\/en\/wp-json\/wp\/v2\/types\/post"}],"author":[{"embeddable":true,"href":"https:\/\/elvinodelaspiedras.es\/en\/wp-json\/wp\/v2\/users\/6"}],"replies":[{"embeddable":true,"href":"https:\/\/elvinodelaspiedras.es\/en\/wp-json\/wp\/v2\/comments?post=4019"}],"version-history":[{"count":1,"href":"https:\/\/elvinodelaspiedras.es\/en\/wp-json\/wp\/v2\/posts\/4019\/revisions"}],"predecessor-version":[{"id":5888,"href":"https:\/\/elvinodelaspiedras.es\/en\/wp-json\/wp\/v2\/posts\/4019\/revisions\/5888"}],"wp:featuredmedia":[{"embeddable":true,"href":"https:\/\/elvinodelaspiedras.es\/en\/wp-json\/wp\/v2\/media\/4020"}],"wp:attachment":[{"href":"https:\/\/elvinodelaspiedras.es\/en\/wp-json\/wp\/v2\/media?parent=4019"}],"wp:term":[{"taxonomy":"category","embeddable":true,"href":"https:\/\/elvinodelaspiedras.es\/en\/wp-json\/wp\/v2\/categories?post=4019"},{"taxonomy":"post_tag","embeddable":true,"href":"https:\/\/elvinodelaspiedras.es\/en\/wp-json\/wp\/v2\/tags?post=4019"}],"curies":[{"name":"wp","href":"https:\/\/api.w.org\/{rel}","templated":true}]}}