{"id":4021,"date":"2017-10-11T00:00:00","date_gmt":"2017-10-11T00:00:00","guid":{"rendered":"http:\/\/elvinodelaspiedras.local\/la-cantante-y-activista-contra-la-violencia-de-genero-cristina-del-valle-impondra-sus-manos-el-proximo-domingo-en-el-paseo-de-las-estrellas-de-carinena\/"},"modified":"2020-11-13T12:29:29","modified_gmt":"2020-11-13T12:29:29","slug":"la-cantante-y-activista-contra-la-violencia-de-genero-cristina-del-valle-impondra-sus-manos-el-proximo-domingo-en-el-paseo-de-las-estrellas-de-carinena","status":"publish","type":"post","link":"https:\/\/elvinodelaspiedras.es\/en\/comunicacion\/noticias\/la-cantante-y-activista-contra-la-violencia-de-genero-cristina-del-valle-impondra-sus-manos-el-proximo-domingo-en-el-paseo-de-las-estrellas-de-carinena\/","title":{"rendered":"La cantante y activista contra la violencia de g\u00e9nero, Cristina del Valle, impondr\u00e1 sus manos el pr\u00f3ximo domingo en el paseo de las estrellas de Cari\u00f1ena"},"content":{"rendered":"<p><strong>Cristina del Valle<\/strong>, cantante del d\u00fao &#8220;<strong>Amistades Peligrosas<\/strong>&#8221; y activista <strong>contra la violencia de g\u00e9nero y el maltrato animal,<\/strong> ser\u00e1 la pr\u00f3xima persona destacada en imponer sus manos en el <strong>Paseo de las Estrellas<\/strong> de Cari\u00f1ena, una iniciativa de la Denominaci\u00f3n de Origen Protegida que emula el famoso bulevar hollywoodiense. El acto tendr\u00e1 lugar el <strong>pr\u00f3ximo domingo, 15 de octubre, a las 13 horas<\/strong> y se enmarca en el D\u00eda Internacional de la Mujer Rural.<\/p>\n<p>Con motivo de esta celebraci\u00f3n, la <strong>Comarca Campo de Cari\u00f1ena<\/strong> ha organizado una <a href=\"https:\/\/elvinodelaspiedras.es\/en\/_archivos\/ficheros\/contenidos_186.pdf\" target=\"_blank\" rel=\"noopener noreferrer\">serie de actividades<\/a> en colaboraci\u00f3n con la <strong>Ruta del Vino Campo de Cari\u00f1ena &#8220;La Ruta del Vino de las Piedras&#8221; y la D.O.P. Cari\u00f1ena<\/strong>. Adem\u00e1s de la nueva imposici\u00f3n de manos en el Paseo, se celebrar\u00e1 una <strong>comida en Bodegas Care<\/strong>, con la degustaci\u00f3n de postres elaborador por mujeres de origen extranjero residentes en la comarca de Cari\u00f1ena. Tras la comida se desarrollar\u00e1n dos paneles: &#8220;<strong>Historias de vida, vidas con historia<\/strong>&#8220;, con la intervenci\u00f3n de tres mujeres de origen extranjero residentes en la comarca, y &#8220;<strong>Mujer y agricultura, \u00bfuna profesi\u00f3n masculina?&#8221;,<\/strong> con otras tres mujeres vinculadas al sector primario.<\/p>\n<p>El primer acto del <strong>D\u00eda de la Mujer Rural<\/strong> estar\u00e1 protagonizado por Cristina del Valle, que ser\u00e1 recibida en la sede del Consejo Regulador a las <strong>12,45 h y firmar\u00e1 en el Libro de Honor de la Denominaci\u00f3n<\/strong>.<\/p>\n<p>A las 13 h impondr\u00e1 sus manos en el Paseo de Cari\u00f1ena en una placa con una <strong>gran hoja de vid rellena de cemento blando<\/strong> que, tras secarse y ser cubierta con un cristal, ser\u00e1 la novena estrella de esta llamativa iniciativa puesta en marcha por la D.O.P. Cari\u00f1ena en 2014 y que ya se ha convertido en todo un <strong>reclamo tur\u00edstico<\/strong>.<\/p>\n<p>Las otras personalidades que han plasmado sus huellas en el Paseo son:<strong> David Trueba, Gabino Diego, Miguel \u00c1ngel Lamata, Paula Ortiz, Eduardo Noriega, Elvira Lindo, Luisa Gavasa y Jos\u00e9 Ram\u00f3n de la Morena<\/strong>,Invitado de Honor en la reciente Fiesta de la Vendimia, celebrada el pasado 24 de septiembre.<\/p>\n<p><strong>CRISTINA DEL VALLE, CANTANTE Y ACTIVISTA<\/strong><\/p>\n<p><strong>Cristina del Valle (Oviedo, 1960)<\/strong> es una cantante y activista espa\u00f1ola reconocida en toda Europa y Am\u00e9rica Latina por su destacada labor altruista en contra de la violencia de g\u00e9nero y el maltrato animal. Forma parte del d\u00fao espa\u00f1ol <strong>Amistades Peligrosas<\/strong>, con el que ha lanzado seis \u00e1lbumes de estudio. Del Valle ha grabado otros cinco en solitario.<\/p>\n<p>Empieza profesionalmente en la m\u00fasica con en el grupo <strong>&#8220;Vodevil&#8221;<\/strong> y m\u00e1s tarde edita dos discos en solitario con el nombre art\u00edstico <strong>&#8220;Cris&#8221;.<\/strong><\/p>\n<p>En 1980, se fue a Madrid para comenzar los estudios de Criminolog\u00eda y <strong>desde 1978 ha trabajado en grupos de acci\u00f3n social, ONG <\/strong>(Ayora, Solidarios, Apram, etc) y partidos de izquierdas apoyando organizaciones que trabajan para luchar a favor de los derechos humanos o el pueblo saharaui o contra violencia de g\u00e9nero.<\/p>\n<p>Tras conocer a <strong>Alberto Comesa\u00f1a<\/strong>, decidieron formar el exitoso grupo musical Amistades Peligrosas, en el a\u00f1o 1990, que se separ\u00f3 en 1998 y se volvi\u00f3 a unir en 2003.<\/p>\n<p>Es fundadora, y <strong>actual presidenta, de la Plataforma de Mujeres Artistas contra la Violencia de G\u00e9nero<\/strong>, que inicia su actividad en el a\u00f1o 1999, con el objetivo de solicitar\u00a0 a los diferentes partidos pol\u00edticos la promulgaci\u00f3n de una Ley Integral contra la violencia de g\u00e9nero, as\u00ed como llevar a cabo una decidida campa\u00f1a de sensibilizaci\u00f3n en los medios de comunicaci\u00f3n social.<\/p>\n<p>En el a\u00f1o 2006 es <strong>nombrada embajadora de la ONU de los Objetivos del Milenio (ODM)<\/strong>, lo que le llev\u00f3 a recorrer el mundo denunciando la desigualdad y violencia que sufren las mujeres.<\/p>\n<p>En octubre de 2013, fue nombrada Socia de Honor de la asociaci\u00f3n <strong>Defensa Animal Regi\u00f3n de Murcia &#8211; DARMUR<\/strong>, por su colaboraci\u00f3n contra el maltrato animal.<\/p>\n<p>En abril de 2009 public\u00f3 su m\u00e1s reciente disco en solitario, &#8220;Tiempos Rotos&#8221;. Regres\u00f3 en 2012 con Amistades Peligrosas, de la mano de <strong>Manu Garz\u00f3n<\/strong>, con un \u00e1lbum titulado &#8220;El arte de amar&#8221;.<\/p>\n<hr>\n<figure id=\"attachment_441\" aria-describedby=\"caption-attachment-441\" style=\"width: 300px\" class=\"wp-caption alignnone\"><a href=\"\/_archivos\/imagenes\/3346.jpg\" target=\"_blank\" rel=\"noopener noreferrer\"><img decoding=\"async\" class=\"size-medium\" src=\"\/_archivos\/imagenes\/300\/3346.jpg\" alt=\"Cristinadelvalle-web\" title=\"Cristinadelvalle-web\" width=\"300\" height=\"auto\" \/><\/a><figcaption id=\"caption-attachment-441\" class=\"wp-caption-text\"><a href=\"\/_archivos\/imagenes\/3346.jpg\" target=\"_blank\" rel=\"noopener noreferrer\">Descargar imagen<\/a><\/figcaption><\/figure>\n<figure id=\"attachment_441\" aria-describedby=\"caption-attachment-441\" style=\"width: 300px\" class=\"wp-caption alignnone\"><a href=\"\/_archivos\/imagenes\/3350.jpg\" target=\"_blank\" rel=\"noopener noreferrer\"><img decoding=\"async\" class=\"size-medium\" src=\"\/_archivos\/imagenes\/300\/3350.jpg\" alt=\"Numerosas mujeres asistieron al acto\" title=\"Numerosas mujeres asistieron al acto\" width=\"300\" height=\"auto\" \/><\/a><figcaption id=\"caption-attachment-441\" class=\"wp-caption-text\"><a href=\"\/_archivos\/imagenes\/3350.jpg\" target=\"_blank\" rel=\"noopener noreferrer\">Descargar imagen<\/a><\/figcaption><\/figure>\n<figure id=\"attachment_441\" aria-describedby=\"caption-attachment-441\" style=\"width: 300px\" class=\"wp-caption alignnone\"><a href=\"\/_archivos\/imagenes\/3351.jpg\" target=\"_blank\" rel=\"noopener noreferrer\"><img decoding=\"async\" class=\"size-medium\" src=\"\/_archivos\/imagenes\/300\/3351.jpg\" alt=\"Cristina del Valle y Mar\u00eda Victoria Broto con mujeres de Cari\u00f1ena tras la firma en el Libro de Honor\" title=\"Cristina del Valle y Mar\u00eda Victoria Broto con mujeres de Cari\u00f1ena tras la firma en el Libro de Honor\" width=\"300\" height=\"auto\" \/><\/a><figcaption id=\"caption-attachment-441\" class=\"wp-caption-text\"><a href=\"\/_archivos\/imagenes\/3351.jpg\" target=\"_blank\" rel=\"noopener noreferrer\">Descargar imagen<\/a><\/figcaption><\/figure>    \t<\/p>\n","protected":false},"excerpt":{"rendered":"<p>Cristina del Valle, cantante del d\u00fao &#8220;Amistades Peligrosas&#8221; y activista contra la violencia de g\u00e9nero y el maltrato animal, ser\u00e1 la pr\u00f3xima persona destacada en imponer sus manos en el Paseo de las Estrellas de Cari\u00f1ena, una iniciativa de la Denominaci\u00f3n de Origen Protegida que emula el famoso bulevar hollywoodiense. El acto tendr\u00e1 lugar el &hellip;<\/p>\n","protected":false},"author":6,"featured_media":4022,"comment_status":"closed","ping_status":"closed","sticky":false,"template":"","format":"standard","meta":{"_genesis_hide_title":false,"_genesis_hide_breadcrumbs":false,"_genesis_hide_singular_image":false,"_genesis_hide_footer_widgets":false,"_genesis_custom_body_class":"","_genesis_custom_post_class":"","_genesis_layout":"","ngg_post_thumbnail":0,"footnotes":""},"categories":[1],"tags":[],"class_list":{"0":"post-4021","1":"post","2":"type-post","3":"status-publish","4":"format-standard","5":"has-post-thumbnail","7":"category-noticias","8":"entry"},"_links":{"self":[{"href":"https:\/\/elvinodelaspiedras.es\/en\/wp-json\/wp\/v2\/posts\/4021"}],"collection":[{"href":"https:\/\/elvinodelaspiedras.es\/en\/wp-json\/wp\/v2\/posts"}],"about":[{"href":"https:\/\/elvinodelaspiedras.es\/en\/wp-json\/wp\/v2\/types\/post"}],"author":[{"embeddable":true,"href":"https:\/\/elvinodelaspiedras.es\/en\/wp-json\/wp\/v2\/users\/6"}],"replies":[{"embeddable":true,"href":"https:\/\/elvinodelaspiedras.es\/en\/wp-json\/wp\/v2\/comments?post=4021"}],"version-history":[{"count":1,"href":"https:\/\/elvinodelaspiedras.es\/en\/wp-json\/wp\/v2\/posts\/4021\/revisions"}],"predecessor-version":[{"id":5887,"href":"https:\/\/elvinodelaspiedras.es\/en\/wp-json\/wp\/v2\/posts\/4021\/revisions\/5887"}],"wp:featuredmedia":[{"embeddable":true,"href":"https:\/\/elvinodelaspiedras.es\/en\/wp-json\/wp\/v2\/media\/4022"}],"wp:attachment":[{"href":"https:\/\/elvinodelaspiedras.es\/en\/wp-json\/wp\/v2\/media?parent=4021"}],"wp:term":[{"taxonomy":"category","embeddable":true,"href":"https:\/\/elvinodelaspiedras.es\/en\/wp-json\/wp\/v2\/categories?post=4021"},{"taxonomy":"post_tag","embeddable":true,"href":"https:\/\/elvinodelaspiedras.es\/en\/wp-json\/wp\/v2\/tags?post=4021"}],"curies":[{"name":"wp","href":"https:\/\/api.w.org\/{rel}","templated":true}]}}