{"id":4023,"date":"2017-10-15T00:00:00","date_gmt":"2017-10-15T00:00:00","guid":{"rendered":"http:\/\/elvinodelaspiedras.local\/cristina-del-valle-las-mujeres-rurales-que-son-una-de-cada-tres-en-el-mundo-hacen-posible-la-vida-y-el-desarrollo-de-los-paises\/"},"modified":"2020-11-13T12:29:29","modified_gmt":"2020-11-13T12:29:29","slug":"cristina-del-valle-las-mujeres-rurales-que-son-una-de-cada-tres-en-el-mundo-hacen-posible-la-vida-y-el-desarrollo-de-los-paises","status":"publish","type":"post","link":"https:\/\/elvinodelaspiedras.es\/en\/comunicacion\/noticias\/cristina-del-valle-las-mujeres-rurales-que-son-una-de-cada-tres-en-el-mundo-hacen-posible-la-vida-y-el-desarrollo-de-los-paises\/","title":{"rendered":"Cristina del Valle: \u201clas mujeres rurales, que son una de cada tres en el mundo, hacen posible la vida y el desarrollo de los pa\u00edses\u201d"},"content":{"rendered":"<p><strong>Cristina del Valle<\/strong>, cantante del d\u00fao &#8220;<strong>Amistades Peligrosas<\/strong>&#8221; y activista <strong>contra la violencia de g\u00e9nero y el maltrato animal,<\/strong> ha protagonizado este domingo en Cari\u00f1ena los actos del D\u00eda Internacional de la Mujer Rural, organizados por la <strong>Comarca Campo de Cari\u00f1ena<\/strong> en colaboraci\u00f3n con la <strong>Denominaci\u00f3n de Origen Protegida Cari\u00f1ena<\/strong> y la <strong>Ruta del Vino Campo de Cari\u00f1ena &#8220;La Ruta del Vino de las Piedras&#8221;.<\/strong><\/p>\n<p>En Cari\u00f1ena ha estado tambi\u00e9n presente la <strong>consejera de Ciudadan\u00eda y Derechos Sociales del Gobierno de Arag\u00f3n, Mar\u00eda Victoria Broto<\/strong>, que ha participado en las actividades junto al <strong>alcalde de la ciudad y presidente de la Comarca, Sergio Ortiz<\/strong>, y el <strong>presidente de la D.O.P. Cari\u00f1ena, Ignacio Casamitjana.<\/strong><\/p>\n<p>La cantante y activista ha destacado al rubricar su <strong>firma en el Libro de Honor de la D.O.P. Cari\u00f1ena<\/strong>: &#8220;Una de cada tres mujeres en el mundo son mujeres rurales, que <strong>hist\u00f3ricamente han mantenido y siguen manteniendo y m\u00e1s en estos momentos de crisis terrible, las familias, la vida y el desarrollo de los pa\u00edses,<\/strong> muchas veces sin reconocimiento ni visibilidad, por eso hoy m\u00e1s que nunca es importante hacer visibles a las mujeres que hacen que este mundo sea posible, amable y habitable dentro de la <strong>inhumanidad de un modelo salvaje, capitalista y machista<\/strong> que cada d\u00eda devora la vida de muchas mujeres y de nuestra propia tierra&#8221;.<\/p>\n<p>A las 13 horas, y ante numeroso p\u00fablico, sobre todo femenino, Del Valle <strong>ha impuesto sus manos en el Paseo de las Estrellas<\/strong>, la iniciativa de la Denominaci\u00f3n de Origen Protegida que emula el famoso bulevar hollywoodiense. Las otras personalidades que han plasmado sus huellas en el Paseo desde su inauguraci\u00f3n en 2014 son:<strong> David Trueba, Gabino Diego, Miguel \u00c1ngel Lamata, Paula Ortiz, Eduardo Noriega, Elvira Lindo, Luisa Gavasa y Jos\u00e9 Ram\u00f3n de la Morena<\/strong>.<\/p>\n<p>Del Valle se ha mostrado emocionada tras el acto: &#8220;Ver a todas las mujeres, con este reconocimiento, con todo el cari\u00f1o de un pueblo al que quiero <strong>desde hace mucho tiempo y al que me unen lazos afectivos y de compromiso, es muy, muy impresionante<\/strong>. Es ver plasmada la gratitud de la gente, de un trabajo de a\u00f1os de lucha, que muchas veces cuando una est\u00e1 sola y se enfrenta a los muros de la intolerancia, del machismo, de un pa\u00eds y de un mundo que no nos gusta nada, <strong>de pronto verte querida y reconocida por la gente es un refuerzo para darle sentido a lo que haces<\/strong> y seguir adelante&#8221;.<\/p>\n<p>Seg\u00fan ha explicado, <strong>su relaci\u00f3n con Cari\u00f1ena &#8220;es afectiva y viene de hace unos a\u00f1os, cuando estuvimos actuando <\/strong>y fue la primera vez que hice un modelo de concierto en solitario, de caf\u00e9s concierto, a las 4 de la tarde, todo con mujeres, y me pareci\u00f3 maravillosa la apuesta por la cultura de Cari\u00f1ena. El apoyo a los artistas, a la cultura de este pa\u00eds, en momentos donde la cultura parece que no interesa nada, <strong>que desde el \u00e1mbito institucional y desde el \u00e1mbito popular y local se apueste as\u00ed me parece fundamental<\/strong>&#8220;.<\/p>\n<p><strong>MAR\u00cdA VICTORIA BROTO: &#8220;LA D.O.P. CARI\u00d1ENA SUPONE MUCHO PARA EL MANTENIMIENTO DE LA POBLACI\u00d3N DE ESTA COMARCA&#8221;<\/strong><\/p>\n<p>Por su parte, la <strong>consejera del Gobierno de Arag\u00f3n, Mar\u00eda Victoria Broto<\/strong> ha manifestado que &#8220;es una satisfacci\u00f3n celebrar el D\u00eda de la mujer rural en Cari\u00f1ena, con <strong>la Denominaci\u00f3n de Origen Protegida que ha supuesto tanto para el mantenimiento de la poblaci\u00f3n de esta comarca<\/strong>. Y tambi\u00e9n l\u00f3gicamente contar con la presencia de Cristina del Valle, que ha puesto sus manos en este Paseo que todav\u00eda tiene mucho espacio para que personas de prestigio en el mundo de la cultura o cualquier otra de las artes puedan participar y dejar sus huellas&#8221;.<\/p>\n<p>Los actos del D\u00eda Internacional de la Mujer Rural en Cari\u00f1ena han continuado con una <strong>comida en Bodegas Care<\/strong>, en la que se han degustado postres elaborados por mujeres de origen extranjero residentes en la comarca de Cari\u00f1ena. Tras la comida se desarrollar\u00e1n dos paneles: &#8220;<strong>Historias de vida, vidas con historia<\/strong>&#8220;, con la intervenci\u00f3n de tres mujeres de origen extranjero residentes en la comarca, y &#8220;<strong>Mujer y agricultura, \u00bfuna profesi\u00f3n masculina?&#8221;,<\/strong> con otras tres mujeres vinculadas al sector primario.<\/p>\n<hr>\n<figure id=\"attachment_442\" aria-describedby=\"caption-attachment-442\" style=\"width: 300px\" class=\"wp-caption alignnone\"><a href=\"\/_archivos\/imagenes\/3360.jpg\" target=\"_blank\" rel=\"noopener noreferrer\"><img decoding=\"async\" class=\"size-medium\" src=\"\/_archivos\/imagenes\/300\/3360.jpg\" alt=\"Cristina del Valle tras imponer sus manos en el Paseo de las Estrellas de Cari\u00f1ena\" title=\"Cristina del Valle tras imponer sus manos en el Paseo de las Estrellas de Cari\u00f1ena\" width=\"300\" height=\"auto\" \/><\/a><figcaption id=\"caption-attachment-442\" class=\"wp-caption-text\"><a href=\"\/_archivos\/imagenes\/3360.jpg\" target=\"_blank\" rel=\"noopener noreferrer\">Descargar imagen<\/a><\/figcaption><\/figure>\n<figure id=\"attachment_442\" aria-describedby=\"caption-attachment-442\" style=\"width: 300px\" class=\"wp-caption alignnone\"><a href=\"\/_archivos\/imagenes\/3361.jpg\" target=\"_blank\" rel=\"noopener noreferrer\"><img decoding=\"async\" class=\"size-medium\" src=\"\/_archivos\/imagenes\/300\/3361.jpg\" alt=\"Cristina del Valle y Mar\u00eda Victoria Broto con mujeres de Cari\u00f1ena tras la firma en el Libro de Honor\" title=\"Cristina del Valle y Mar\u00eda Victoria Broto con mujeres de Cari\u00f1ena tras la firma en el Libro de Honor\" width=\"300\" height=\"auto\" \/><\/a><figcaption id=\"caption-attachment-442\" class=\"wp-caption-text\"><a href=\"\/_archivos\/imagenes\/3361.jpg\" target=\"_blank\" rel=\"noopener noreferrer\">Descargar imagen<\/a><\/figcaption><\/figure>\n<figure id=\"attachment_442\" aria-describedby=\"caption-attachment-442\" style=\"width: 300px\" class=\"wp-caption alignnone\"><a href=\"\/_archivos\/imagenes\/3362.jpg\" target=\"_blank\" rel=\"noopener noreferrer\"><img decoding=\"async\" class=\"size-medium\" src=\"\/_archivos\/imagenes\/300\/3362.jpg\" alt=\"Numerosas mujeres asistieron al acto\" title=\"Numerosas mujeres asistieron al acto\" width=\"300\" height=\"auto\" \/><\/a><figcaption id=\"caption-attachment-442\" class=\"wp-caption-text\"><a href=\"\/_archivos\/imagenes\/3362.jpg\" target=\"_blank\" rel=\"noopener noreferrer\">Descargar imagen<\/a><\/figcaption><\/figure>    \t<\/p>\n","protected":false},"excerpt":{"rendered":"<p>Cristina del Valle, cantante del d\u00fao &#8220;Amistades Peligrosas&#8221; y activista contra la violencia de g\u00e9nero y el maltrato animal, ha protagonizado este domingo en Cari\u00f1ena los actos del D\u00eda Internacional de la Mujer Rural, organizados por la Comarca Campo de Cari\u00f1ena en colaboraci\u00f3n con la Denominaci\u00f3n de Origen Protegida Cari\u00f1ena y la Ruta del Vino &hellip;<\/p>\n","protected":false},"author":6,"featured_media":4024,"comment_status":"closed","ping_status":"closed","sticky":false,"template":"","format":"standard","meta":{"_genesis_hide_title":false,"_genesis_hide_breadcrumbs":false,"_genesis_hide_singular_image":false,"_genesis_hide_footer_widgets":false,"_genesis_custom_body_class":"","_genesis_custom_post_class":"","_genesis_layout":"","ngg_post_thumbnail":0,"footnotes":""},"categories":[1],"tags":[],"class_list":{"0":"post-4023","1":"post","2":"type-post","3":"status-publish","4":"format-standard","5":"has-post-thumbnail","7":"category-noticias","8":"entry"},"_links":{"self":[{"href":"https:\/\/elvinodelaspiedras.es\/en\/wp-json\/wp\/v2\/posts\/4023"}],"collection":[{"href":"https:\/\/elvinodelaspiedras.es\/en\/wp-json\/wp\/v2\/posts"}],"about":[{"href":"https:\/\/elvinodelaspiedras.es\/en\/wp-json\/wp\/v2\/types\/post"}],"author":[{"embeddable":true,"href":"https:\/\/elvinodelaspiedras.es\/en\/wp-json\/wp\/v2\/users\/6"}],"replies":[{"embeddable":true,"href":"https:\/\/elvinodelaspiedras.es\/en\/wp-json\/wp\/v2\/comments?post=4023"}],"version-history":[{"count":1,"href":"https:\/\/elvinodelaspiedras.es\/en\/wp-json\/wp\/v2\/posts\/4023\/revisions"}],"predecessor-version":[{"id":5886,"href":"https:\/\/elvinodelaspiedras.es\/en\/wp-json\/wp\/v2\/posts\/4023\/revisions\/5886"}],"wp:featuredmedia":[{"embeddable":true,"href":"https:\/\/elvinodelaspiedras.es\/en\/wp-json\/wp\/v2\/media\/4024"}],"wp:attachment":[{"href":"https:\/\/elvinodelaspiedras.es\/en\/wp-json\/wp\/v2\/media?parent=4023"}],"wp:term":[{"taxonomy":"category","embeddable":true,"href":"https:\/\/elvinodelaspiedras.es\/en\/wp-json\/wp\/v2\/categories?post=4023"},{"taxonomy":"post_tag","embeddable":true,"href":"https:\/\/elvinodelaspiedras.es\/en\/wp-json\/wp\/v2\/tags?post=4023"}],"curies":[{"name":"wp","href":"https:\/\/api.w.org\/{rel}","templated":true}]}}