{"id":4025,"date":"2017-10-16T00:00:00","date_gmt":"2017-10-16T00:00:00","guid":{"rendered":"http:\/\/elvinodelaspiedras.local\/primer-g7-de-indicaciones-geograficas-efow-y-cecrv-se-suman-al-llamamiento-para-una-mejora-de-la-proteccion-de-las-ig-a-nivel-mundial\/"},"modified":"2020-11-13T12:29:29","modified_gmt":"2020-11-13T12:29:29","slug":"primer-g7-de-indicaciones-geograficas-efow-y-cecrv-se-suman-al-llamamiento-para-una-mejora-de-la-proteccion-de-las-ig-a-nivel-mundial","status":"publish","type":"post","link":"https:\/\/elvinodelaspiedras.es\/en\/comunicacion\/noticias\/primer-g7-de-indicaciones-geograficas-efow-y-cecrv-se-suman-al-llamamiento-para-una-mejora-de-la-proteccion-de-las-ig-a-nivel-mundial\/","title":{"rendered":"Primer g7 de indicaciones geogr\u00e1ficas. efow y cecrv se suman al llamamiento para una mejora de la protecci\u00f3n de las ig a nivel mundial"},"content":{"rendered":"<p><strong>EFOW<\/strong>, la organizaci\u00f3n que representa los intereses de las <strong>Denominaciones de Origen Protegidas (D.O.P.)<\/strong> ante las instituciones de la UE y CECRV, la asociaci\u00f3n nacional que representa a las denominaciones de origen de vino, han apoyado y suscrito el <strong>manifiesto de las indicaciones geogr\u00e1ficas<\/strong> de los pa\u00edses m\u00e1s ricos del mundo, presentado hoy en B\u00e9rgamo, en la conferencia G7GI que se ha celebrado en el marco del encuentro que los ministros de Agricultura del G7 mantendr\u00e1n en la misma ciudad italiana, los d\u00edas 14 y 15 de octubre.<\/p>\n<p>Con motivo de esta reuni\u00f3n, auspiciada por el Ministro Italiano de Agricultura, Maurizio Martina, y en la que estuvo presente el presidente de EFOW, Bernard Farges, representando a todos los miembros de la organizaci\u00f3n, las Indicaciones Geogr\u00e1ficas han solicitado a los gobiernos del G7 y a la comunidad internacional que <strong>sigan promoviendo y defendiendo las IG como Derechos de Propiedad Intelectual <\/strong>(DPI).<\/p>\n<p>Durante el encuentro, los miembros de EFOW han podido constatar la determinaci\u00f3n de sus colegas para trabajar juntos en desarrollar las Indicaciones Geogr\u00e1ficas en todo el mundo y <strong>proteger sus derechos en diferentes mercados y tambi\u00e9n en Internet<\/strong>.<\/p>\n<p>El presidente de la EFOW, M. Bernard Farges, expres\u00f3 su entusiasmo y el de los miembros de EFOW por &#8220;formar parte de esta gran familia, que va en aumento&#8221; La organizaci\u00f3n de este evento y el importante apoyo a la declaraci\u00f3n demuestran que las Indicaciones <strong>Geogr\u00e1ficas son capaces de responder a numerosos desaf\u00edos como el desarrollo sostenible, la agricultura diversificada<\/strong> y no estandarizada, el empleo en las zonas rurales y la protecci\u00f3n de los consumidores frente al fraude y las falsificaciones&#8221;. El Sr. Farges a\u00f1adi\u00f3 que &#8220;la UE desempe\u00f1a un papel importante. Sin los esfuerzos de las instituciones europeas y de los Estados Miembro para proteger nuestras IG en terceros pa\u00edses y promover estas figuras de calidad, nuestros productos y nuestras regiones sin duda ser\u00edan menos din\u00e1micas&#8221;.<a name=\"_GoBack\"><\/a><\/p>\n<p>El presidente de CECRV, David Palacios Algarra, considera que encuentros como \u00e9ste contribuyen a &#8220;d<strong>ifundir y comunicar los valores y la aportaci\u00f3n de las denominaciones de origen <\/strong>desde un punto de vista econ\u00f3mico, social y medioambiental&#8221;. Y a\u00f1ade que &#8220;para CECRV es una prioridad formar parte de una organizaci\u00f3n de denominaciones de origen europeas para defender ante las instituciones de la UE y a nivel internacional la necesidad de una protecci\u00f3n efectiva de las denominaciones de origen y de sus derechos de propiedad intelectual, as\u00ed como la conveniencia de fomentar un sistema de figuras de calidad como el de la UE en otros mercados y regiones del mundo&#8221;.<\/p>\n<p>CECRV integra en la actualidad a <strong>52 Consejos Reguladores<\/strong>, representativos de <strong>54 denominaciones de origen vitivin\u00edcolas<\/strong> (los consejos reguladores de Jerez y M\u00e1laga lo son tambi\u00e9n de las D.O. Manzanilla y Sierras de M\u00e1laga, respectivamente), m\u00e1s del 80 % del total de las denominaciones de origen vitivin\u00edcolas espa\u00f1olas y, en t\u00e9rminos de comercializaci\u00f3n, m\u00e1s del 90% del volumen de vino amparado por D.O., seg\u00fan los \u00faltimos datos disponibles publicados por el Ministerio de Agricultura y Pesca, Alimentaci\u00f3n y Medio Ambiente, referidos a la campa\u00f1a 2015\/2016.<\/p>\n<p>Seg\u00fan estos mismos datos, CECRV agrupa a <strong>3.869 bodegas<\/strong> (el 95,43 % del total de bodegas adscritas a las 69 D.O. del vino que existen hoy en Espa\u00f1a), que comercializan <strong>10.711.730 hl. de vino con D.O.,<\/strong> la inmensa mayor\u00eda del vino envasado con D.O. (83,85%) que se comercializa en nuestro pa\u00eds, seg\u00fan los datos del MAPAMA.<\/p>\n<p>Las 54 Denominaciones de Origen miembro de la Conferencia integran a <strong>118.320 viticultores<\/strong> (el 98,03% del total de viticultores adscritos a las 69 D.O.) y son titulares de <strong>549.300 hect\u00e1reas de vi\u00f1edo <\/strong>(el 96,02% del total de superficie adscrita a las D.O. y el 57,74% de las 951.200 has. de vi\u00f1edo en Espa\u00f1a).<\/p>\n<p>CECRV forma parte tambi\u00e9n de la <em>European Federation of Origin Wines<\/em> (EFOW), junto a las organizaciones que representan a Denominaciones de Origen e Indicaciones Geogr\u00e1ficas del resto de grandes pa\u00edses productores de nuestro entorno (Francia, Italia y Portugal).<\/p>\n<hr>\n<figure id=\"attachment_443\" aria-describedby=\"caption-attachment-443\" style=\"width: 300px\" class=\"wp-caption alignnone\"><a href=\"\/_archivos\/imagenes\/3352.jpg\" target=\"_blank\" rel=\"noopener noreferrer\"><img decoding=\"async\" class=\"size-medium\" src=\"\/_archivos\/imagenes\/300\/3352.jpg\" alt=\"ImmaginiEvidenza-G7\" title=\"ImmaginiEvidenza-G7\" width=\"300\" height=\"auto\" \/><\/a><figcaption id=\"caption-attachment-443\" class=\"wp-caption-text\"><a href=\"\/_archivos\/imagenes\/3352.jpg\" target=\"_blank\" rel=\"noopener noreferrer\">Descargar imagen<\/a><\/figcaption><\/figure>\n","protected":false},"excerpt":{"rendered":"<p>EFOW, la organizaci\u00f3n que representa los intereses de las Denominaciones de Origen Protegidas (D.O.P.) ante las instituciones de la UE y CECRV, la asociaci\u00f3n nacional que representa a las denominaciones de origen de vino, han apoyado y suscrito el manifiesto de las indicaciones geogr\u00e1ficas de los pa\u00edses m\u00e1s ricos del mundo, presentado hoy en B\u00e9rgamo, &hellip;<\/p>\n","protected":false},"author":6,"featured_media":2547,"comment_status":"closed","ping_status":"closed","sticky":false,"template":"","format":"standard","meta":{"_genesis_hide_title":false,"_genesis_hide_breadcrumbs":false,"_genesis_hide_singular_image":false,"_genesis_hide_footer_widgets":false,"_genesis_custom_body_class":"","_genesis_custom_post_class":"","_genesis_layout":"","ngg_post_thumbnail":0,"footnotes":""},"categories":[1],"tags":[],"class_list":{"0":"post-4025","1":"post","2":"type-post","3":"status-publish","4":"format-standard","5":"has-post-thumbnail","7":"category-noticias","8":"entry"},"_links":{"self":[{"href":"https:\/\/elvinodelaspiedras.es\/en\/wp-json\/wp\/v2\/posts\/4025"}],"collection":[{"href":"https:\/\/elvinodelaspiedras.es\/en\/wp-json\/wp\/v2\/posts"}],"about":[{"href":"https:\/\/elvinodelaspiedras.es\/en\/wp-json\/wp\/v2\/types\/post"}],"author":[{"embeddable":true,"href":"https:\/\/elvinodelaspiedras.es\/en\/wp-json\/wp\/v2\/users\/6"}],"replies":[{"embeddable":true,"href":"https:\/\/elvinodelaspiedras.es\/en\/wp-json\/wp\/v2\/comments?post=4025"}],"version-history":[{"count":1,"href":"https:\/\/elvinodelaspiedras.es\/en\/wp-json\/wp\/v2\/posts\/4025\/revisions"}],"predecessor-version":[{"id":5885,"href":"https:\/\/elvinodelaspiedras.es\/en\/wp-json\/wp\/v2\/posts\/4025\/revisions\/5885"}],"wp:featuredmedia":[{"embeddable":true,"href":"https:\/\/elvinodelaspiedras.es\/en\/wp-json\/wp\/v2\/media\/2547"}],"wp:attachment":[{"href":"https:\/\/elvinodelaspiedras.es\/en\/wp-json\/wp\/v2\/media?parent=4025"}],"wp:term":[{"taxonomy":"category","embeddable":true,"href":"https:\/\/elvinodelaspiedras.es\/en\/wp-json\/wp\/v2\/categories?post=4025"},{"taxonomy":"post_tag","embeddable":true,"href":"https:\/\/elvinodelaspiedras.es\/en\/wp-json\/wp\/v2\/tags?post=4025"}],"curies":[{"name":"wp","href":"https:\/\/api.w.org\/{rel}","templated":true}]}}