{"id":4026,"date":"2017-10-20T00:00:00","date_gmt":"2017-10-20T00:00:00","guid":{"rendered":"http:\/\/elvinodelaspiedras.local\/bodegas-de-la-dop-carinena-viajan-esta-semana-a-paises-bajos-y-belgica-para-cerrar-acuerdos\/"},"modified":"2020-11-13T12:29:29","modified_gmt":"2020-11-13T12:29:29","slug":"bodegas-de-la-dop-carinena-viajan-esta-semana-a-paises-bajos-y-belgica-para-cerrar-acuerdos","status":"publish","type":"post","link":"https:\/\/elvinodelaspiedras.es\/en\/comunicacion\/noticias\/bodegas-de-la-dop-carinena-viajan-esta-semana-a-paises-bajos-y-belgica-para-cerrar-acuerdos\/","title":{"rendered":"Bodegas de la D.O.P. Cari\u00f1ena viajan esta semana a Pa\u00edses Bajos y B\u00e9lgica para cerrar acuerdos"},"content":{"rendered":"<p>El &#8216;Vino de las Piedras&#8217; sigue ampliando fronteras en Europa. Bodegas de la D.O.P. Cari\u00f1ena se han desplazado esta semana a Pa\u00edses Bajos y B\u00e9lgica para mantener reuniones individuales con importadores y distribuidores de vino de ambos pa\u00edses. Cada una de las bodegas viaja con su agenda de reuniones ya confeccionada en funci\u00f3n de los contactos que han realizado durante los \u00faltimos meses gracias al plan de promoci\u00f3n de la D.O.P. Cari\u00f1ena en estos mercados, cofinanciado por el Programa de Desarrollo Rural y con el que colabora Arag\u00f3n Exterior (Arex) tanto desde Zaragoza como con su delegaci\u00f3n en Benelux.<\/p>\n<p>Las reuniones de esta semana suponen un tercer y nuevo hito en lo que va de a\u00f1o para la promoci\u00f3n de los Vinos de las Piedras en estos mercados europeos. La primera de las acciones se centr\u00f3 en dar a conocer las bodegas de la D.O.P. a la prensa especializada y se continu\u00f3, ya en septiembre, con la visita a Cari\u00f1ena de una delegaci\u00f3n de importadores y distribuidores tanto de B\u00e9lgica como de Pa\u00edses Bajos.<\/p>\n<p><strong>Publicaciones especializadas<\/strong><\/p>\n<p>Este verano, periodistas especializados en el sector del vino de B\u00e9lgica y Pa\u00edses Bajos participaron en una visita organizada a Cari\u00f1ena. Los reporteros pudieron conocer de primera mano tanto el trabajo de la D.O.P. como de las bodegas, as\u00ed como los atractivos tur\u00edsticos de la provincia. El viaje se ha materializado en tres reportajes publicados por las revistas de vino m\u00e1s importantes de ambos mercados.<\/p>\n<p>El magac\u00edn PersWijn, revista para profesionales y amantes del vino de Pa\u00edses Bajos, ha editado en su \u00faltima edici\u00f3n un suplemento especial de 16 p\u00e1ginas sobre Cari\u00f1ena en el que Ronald de Groot, jefe de redacci\u00f3n de la publicaci\u00f3n, destaca la \u00abdeliciosa garnacha\u00bb y alaba la capacidad de las bodegas para lograr \u00abuna buena combinaci\u00f3n entre el vino moderno internacional y el vino especial de anta\u00f1o\u00bb.<\/p>\n<p>Por su parte, la revista VINO, la m\u00e1s importante del sector en B\u00e9lgica, public\u00f3 en septiembre reportajes especiales sobre los vinos de Cari\u00f1ena tanto en la propia publicaci\u00f3n como en el suplemento Essentielle Vino!, que se reparte gratuitamente con los diarios La Libre Belgique y La Derni\u00e8re Heure\/Les Sports, as\u00ed como en De Morgen (en neerland\u00e9s).<\/p>\n<p><strong>Fiesta de la Vendimia<\/strong><\/p>\n<p>La segunda acci\u00f3n de promoci\u00f3n se desarroll\u00f3 a finales de septiembre. Una quincena de importadores, distribuidores, prescriptores y periodistas de ambos pa\u00edses se desplazaron hasta Cari\u00f1ena, donde visitaron varias bodegas y vi\u00f1edos, el Museo del Vino y asistieron a la 51\u00aa Fiesta de la Vendimia.<\/p>\n<p>A lo largo de tres d\u00edas, los visitantes conocieron el origen de &#8216;El Vino de las Piedras&#8217;: terroir, clima, vi\u00f1as y variedades, y el proceso de producci\u00f3n de los vinos. Las visitas tambi\u00e9n se acompa\u00f1aron con maridajes con gastronom\u00eda aragonesa.<\/p>\n<p>Las reuniones individuales que se van a celebrar durante esta semana en Pa\u00edses Bajos y B\u00e9lgica cierran el c\u00edrculo de promoci\u00f3n en los que se ha estado trabajando durante los \u00faltimos meses desde la D.O.P. Cari\u00f1ena en colaboraci\u00f3n con Arag\u00f3n Exterior.<\/p>\n<p><strong>Exportaciones de vino de la D.O.P. Cari\u00f1ena<\/strong><\/p>\n<p>Pa\u00edses Bajos es el octavo mercado de exportaci\u00f3n de la D.O.P. Cari\u00f1ena, con m\u00e1s de 1,2 millones de botellas vendidas en 2016. En B\u00e9lgica, estos vinos cuentan con menor presencia hasta el momento, pero los organizadores del Plan de Promoci\u00f3n esperan aumentar sus ventas a ra\u00edz de las acciones comerciales realizadas. Del total de la producci\u00f3n de la D.O.P. en 2016 (casi 65 mio. l), m\u00e1s de dos tercios se vendieron fuera de Espa\u00f1a.<\/p>\n<hr>\n<figure id=\"attachment_444\" aria-describedby=\"caption-attachment-444\" style=\"width: 300px\" class=\"wp-caption alignnone\"><a href=\"\/_archivos\/imagenes\/3363.jpg\" target=\"_blank\" rel=\"noopener noreferrer\"><img decoding=\"async\" class=\"size-medium\" src=\"\/_archivos\/imagenes\/300\/3363.jpg\" alt=\"viaje a belgica\" title=\"viaje a belgica\" width=\"300\" height=\"auto\" \/><\/a><figcaption id=\"caption-attachment-444\" class=\"wp-caption-text\"><a href=\"\/_archivos\/imagenes\/3363.jpg\" target=\"_blank\" rel=\"noopener noreferrer\">Descargar imagen<\/a><\/figcaption><\/figure>\n","protected":false},"excerpt":{"rendered":"<p>El &#8216;Vino de las Piedras&#8217; sigue ampliando fronteras en Europa. Bodegas de la D.O.P. Cari\u00f1ena se han desplazado esta semana a Pa\u00edses Bajos y B\u00e9lgica para mantener reuniones individuales con importadores y distribuidores de vino de ambos pa\u00edses. Cada una de las bodegas viaja con su agenda de reuniones ya confeccionada en funci\u00f3n de los &hellip;<\/p>\n","protected":false},"author":6,"featured_media":4027,"comment_status":"closed","ping_status":"closed","sticky":false,"template":"","format":"standard","meta":{"_genesis_hide_title":false,"_genesis_hide_breadcrumbs":false,"_genesis_hide_singular_image":false,"_genesis_hide_footer_widgets":false,"_genesis_custom_body_class":"","_genesis_custom_post_class":"","_genesis_layout":"","ngg_post_thumbnail":0,"footnotes":""},"categories":[1],"tags":[],"class_list":{"0":"post-4026","1":"post","2":"type-post","3":"status-publish","4":"format-standard","5":"has-post-thumbnail","7":"category-noticias","8":"entry"},"_links":{"self":[{"href":"https:\/\/elvinodelaspiedras.es\/en\/wp-json\/wp\/v2\/posts\/4026"}],"collection":[{"href":"https:\/\/elvinodelaspiedras.es\/en\/wp-json\/wp\/v2\/posts"}],"about":[{"href":"https:\/\/elvinodelaspiedras.es\/en\/wp-json\/wp\/v2\/types\/post"}],"author":[{"embeddable":true,"href":"https:\/\/elvinodelaspiedras.es\/en\/wp-json\/wp\/v2\/users\/6"}],"replies":[{"embeddable":true,"href":"https:\/\/elvinodelaspiedras.es\/en\/wp-json\/wp\/v2\/comments?post=4026"}],"version-history":[{"count":1,"href":"https:\/\/elvinodelaspiedras.es\/en\/wp-json\/wp\/v2\/posts\/4026\/revisions"}],"predecessor-version":[{"id":5884,"href":"https:\/\/elvinodelaspiedras.es\/en\/wp-json\/wp\/v2\/posts\/4026\/revisions\/5884"}],"wp:featuredmedia":[{"embeddable":true,"href":"https:\/\/elvinodelaspiedras.es\/en\/wp-json\/wp\/v2\/media\/4027"}],"wp:attachment":[{"href":"https:\/\/elvinodelaspiedras.es\/en\/wp-json\/wp\/v2\/media?parent=4026"}],"wp:term":[{"taxonomy":"category","embeddable":true,"href":"https:\/\/elvinodelaspiedras.es\/en\/wp-json\/wp\/v2\/categories?post=4026"},{"taxonomy":"post_tag","embeddable":true,"href":"https:\/\/elvinodelaspiedras.es\/en\/wp-json\/wp\/v2\/tags?post=4026"}],"curies":[{"name":"wp","href":"https:\/\/api.w.org\/{rel}","templated":true}]}}