{"id":4028,"date":"2017-10-31T00:00:00","date_gmt":"2017-10-31T00:00:00","guid":{"rendered":"http:\/\/elvinodelaspiedras.local\/el-comercio-online-y-la-agenda-europea-centran-la-asamblea-general-de-otono-de-cecrv\/"},"modified":"2020-11-13T12:29:29","modified_gmt":"2020-11-13T12:29:29","slug":"el-comercio-online-y-la-agenda-europea-centran-la-asamblea-general-de-otono-de-cecrv","status":"publish","type":"post","link":"https:\/\/elvinodelaspiedras.es\/en\/comunicacion\/noticias\/el-comercio-online-y-la-agenda-europea-centran-la-asamblea-general-de-otono-de-cecrv\/","title":{"rendered":"El comercio online y la agenda europea centran la asamblea general de oto\u00f1o de cecrv"},"content":{"rendered":"<p>C\u00f3mo contribuir a <strong>la comercializaci\u00f3n de los vinos con D.O<\/strong>. y c\u00f3mo <strong>mejorar la protecci\u00f3n normativa de las denominaciones de origen a nivel europeo e internacional<\/strong> fueron algunos de los temas que abord\u00f3 la <strong>Asamblea General <\/strong>de oto\u00f1o de la Conferencia Espa\u00f1ola de Consejos Reguladores Vitivin\u00edcolas <strong>(CECRV)<\/strong>, la asociaci\u00f3n que representa a las denominaciones de origen de vino de nuestro pa\u00eds.<\/p>\n<p>CECRV celebr\u00f3 el viernes 27 de octubre su segunda Asamblea General del a\u00f1o. A la cita acudieron<strong> 63 representantes de casi 40 denominaciones de origen<\/strong>, de las 54 que forman parte de la organizaci\u00f3n. La reuni\u00f3n del m\u00e1ximo \u00f3rgano de gobierno de la asociaci\u00f3n que representa a las denominaciones de origen de vino de nuestro pa\u00eds se celebr\u00f3 en el Castillo de Pe\u00f1afiel (Valladolid), en el marco de un programa de actividades organizado por el C.R.D.O. Ribera del Duero para <strong>conocer la realidad vitivin\u00edcola de una de las principales D.O. de nuestro pa\u00eds.<\/strong><\/p>\n<p>La primera parte de la reuni\u00f3n se centr\u00f3 en repasar <strong>la creciente actividad y colaboraci\u00f3n <\/strong>mantenida en lo que va de a\u00f1o <strong>entre CECRV y la Administraci\u00f3n General del Estado<\/strong>, especialmente el Ministerio de Agricultura y Pesca, Alimentaci\u00f3n y Medio Ambiente (MAPAMA), as\u00ed como con otras organizaciones sectoriales, como la Organizaci\u00f3n Interprofesional del Vino de Espa\u00f1a (OIVE). En el caso del MAPAMA, se destac\u00f3 especialmente el apoyo del departamento, y en especial de la Subdirecci\u00f3n General de Calidad Diferenciada y Agricultura Ecol\u00f3gica, a la organizaci\u00f3n, lo que redunda en beneficio de las DD.OO. y que cristaliza en acciones concretas a trav\u00e9s del convenio que CECRV mantiene con el Ministerio.<\/p>\n<p>Buen ejemplo de ello, como qued\u00f3 de manifiesto en la Asamblea, es la apuesta de MAPAMA y CECRV <strong>por proporcionar mayor conocimiento<\/strong> a las denominaciones de origen de vino y a sus bodegas inscritas sobre <strong>comercio online<\/strong>, como una de las v\u00edas con mayor potencial presente y futuro para <strong>contribuir a la comercializaci\u00f3n de los vinos con D.O.<\/strong> Y es que la Conferencia y el Ministerio organizan el d\u00eda 14 de noviembre en Madrid &#8220;VyCO: Vino y Comercio Online&#8221;, una jornada que, de la mano de destacados profesionales y de las principales <strong>plataformas de e-commerce, <\/strong>servir\u00e1 para concienciar a las DD.OO. y a sus bodegas de la importancia de apostar por esta v\u00eda de comercializaci\u00f3n.<\/p>\n<p>La segunda parte del encuentro qued\u00f3 focalizada en la<strong> agenda europea de la organizaci\u00f3n,<\/strong> en la que se <strong>trabaja coordinadamente con la European Federation of Origin Wines (EFOW)<\/strong>, que representa ante las instituciones de la Uni\u00f3n Europea a CECRV y a las organizaciones que engloban a las DD.OO. en Francia, Italia y Portugal. As\u00ed, las casi <strong>40 denominaciones de origen de nuestro pa\u00eds que se dieron cita <\/strong>en la Asamblea General abordaron y perfilaron la estrategia a seguir para defender los intereses de sus operadores en asuntos sectoriales muy relevantes para la protecci\u00f3n normativa de las DD.OO. a nivel europeo, como el proceso de<strong> simplificaci\u00f3n de la normativa vitivin\u00edcola <\/strong>europea emprendido por la Comisi\u00f3n Europea en los \u00faltimos dos a\u00f1os, los mecanismos de protecci\u00f3n de las DD.OO. en las negociaciones comerciales internacionales que la Uni\u00f3n Europea mantiene con diferentes pa\u00edses y bloques de terceros pa\u00edses o la reforma de la Pol\u00edtica Agraria Com\u00fan post-2020.<\/p>\n<p>Por \u00faltimo, la Asamblea supuso tambi\u00e9n una constataci\u00f3n d<strong>el nivel de implicaci\u00f3n de CECRV a nivel europeo,<\/strong> que se traducir\u00e1 entre otras cosas en la participaci\u00f3n de una ampl\u00edsima <strong>delegaci\u00f3n espa\u00f1ola en el I Congreso de Denominaciones de Origen de la Uni\u00f3n Europea<\/strong> organizado por EFOW en Bruselas, los d\u00edas 21 y 22 de noviembre, al que asistir\u00e1n casi una veintena de DD.OO. de nuestro pa\u00eds.<\/p>\n<p>Tras la segunda reuni\u00f3n anual del m\u00e1ximo \u00f3rgano de gobierno de la Conferencia los <strong>m\u00e1s de 60 asistentes<\/strong>, procedentes de denominaciones de origen de todo el pa\u00eds, pudieron conocer de cerca la realidad vitivin\u00edcola y productiva de la D.O. Ribera del Duero, una de las zonas vitivin\u00edcolas con mayor prestigio en nuestro pa\u00eds y a nivel internacional.<\/p>\n<p><strong>CECRV integra en la actualidad a 52 Consejos Reguladores,<\/strong> representativos de 54 denominaciones de origen vitivin\u00edcolas (los consejos reguladores de Jerez y M\u00e1laga lo son tambi\u00e9n de las D.O. Manzanilla y Sierras de M\u00e1laga, respectivamente),<strong> m\u00e1s del 80% del total de las denominaciones de origen vitivin\u00edcolas espa\u00f1olas<\/strong> y, en t\u00e9rminos de comercializaci\u00f3n, m\u00e1s del 90% del volumen de vino amparado por D.O., seg\u00fan los \u00faltimos datos disponibles publicados por el Ministerio de Agricultura y Pesca, Alimentaci\u00f3n y Medio Ambiente, referidos a la campa\u00f1a 2015\/2016.<\/p>\n<p>Seg\u00fan estos mismos datos, <strong>CECRV agrupa a 3.869 bodegas <\/strong>(el 95,43 % del total de bodegas adscritas a las 69 D.O. del vino que existen hoy en Espa\u00f1a), que comercializan 10.711.730 hl. de vino con D.O., la inmensa mayor\u00eda del vino envasado con D.O. (83,85%) que se comercializa en nuestro pa\u00eds, seg\u00fan los datos del MAPAMA.<\/p>\n<p>Las 54 Denominaciones de Origen miembro de la Conferencia <strong>integran a 118.320 viticultores<\/strong> (el 98,03% del total de viticultores adscritos a las 69 D.O.) y son titulares de 549.300 hect\u00e1reas de vi\u00f1edo (el 96,02% del total de superficie adscrita a las D.O. y el 57,74% de las 951.200 has. de vi\u00f1edo en Espa\u00f1a).<\/p>\n<p><strong>CECRV forma parte tambi\u00e9n de la European Federation of Origin Wines (EFOW)<\/strong>, junto a las organizaciones que representan a Denominaciones de Origen e Indicaciones Geogr\u00e1ficas del resto de grandes pa\u00edses productores de nuestro entorno (Francia, Italia y Portugal).<\/p>\n<hr>\n<figure id=\"attachment_445\" aria-describedby=\"caption-attachment-445\" style=\"width: 300px\" class=\"wp-caption alignnone\"><a href=\"\/_archivos\/imagenes\/3364.jpg\" target=\"_blank\" rel=\"noopener noreferrer\"><img decoding=\"async\" class=\"size-medium\" src=\"\/_archivos\/imagenes\/300\/3364.jpg\" alt=\"Foto asistentes AG\" title=\"Foto asistentes AG\" width=\"300\" height=\"auto\" \/><\/a><figcaption id=\"caption-attachment-445\" class=\"wp-caption-text\"><a href=\"\/_archivos\/imagenes\/3364.jpg\" target=\"_blank\" rel=\"noopener noreferrer\">Descargar imagen<\/a><\/figcaption><\/figure>\n<figure id=\"attachment_445\" aria-describedby=\"caption-attachment-445\" style=\"width: 300px\" class=\"wp-caption alignnone\"><a href=\"\/_archivos\/imagenes\/3365.jpg\" target=\"_blank\" rel=\"noopener noreferrer\"><img decoding=\"async\" class=\"size-medium\" src=\"\/_archivos\/imagenes\/300\/3365.jpg\" alt=\"Momentos antes de comenzar la AG\" title=\"Momentos antes de comenzar la AG\" width=\"300\" height=\"auto\" \/><\/a><figcaption id=\"caption-attachment-445\" class=\"wp-caption-text\"><a href=\"\/_archivos\/imagenes\/3365.jpg\" target=\"_blank\" rel=\"noopener noreferrer\">Descargar imagen<\/a><\/figcaption><\/figure>\n<figure id=\"attachment_445\" aria-describedby=\"caption-attachment-445\" style=\"width: 300px\" class=\"wp-caption alignnone\"><a href=\"\/_archivos\/imagenes\/3366.jpg\" target=\"_blank\" rel=\"noopener noreferrer\"><img decoding=\"async\" class=\"size-medium\" src=\"\/_archivos\/imagenes\/300\/3366.jpg\" alt=\"Transcurso de la reuni\u00f3n\" title=\"Transcurso de la reuni\u00f3n\" width=\"300\" height=\"auto\" \/><\/a><figcaption id=\"caption-attachment-445\" class=\"wp-caption-text\"><a href=\"\/_archivos\/imagenes\/3366.jpg\" target=\"_blank\" rel=\"noopener noreferrer\">Descargar imagen<\/a><\/figcaption><\/figure>    \t<\/p>\n","protected":false},"excerpt":{"rendered":"<p>C\u00f3mo contribuir a la comercializaci\u00f3n de los vinos con D.O. y c\u00f3mo mejorar la protecci\u00f3n normativa de las denominaciones de origen a nivel europeo e internacional fueron algunos de los temas que abord\u00f3 la Asamblea General de oto\u00f1o de la Conferencia Espa\u00f1ola de Consejos Reguladores Vitivin\u00edcolas (CECRV), la asociaci\u00f3n que representa a las denominaciones de &hellip;<\/p>\n","protected":false},"author":6,"featured_media":4029,"comment_status":"closed","ping_status":"closed","sticky":false,"template":"","format":"standard","meta":{"_genesis_hide_title":false,"_genesis_hide_breadcrumbs":false,"_genesis_hide_singular_image":false,"_genesis_hide_footer_widgets":false,"_genesis_custom_body_class":"","_genesis_custom_post_class":"","_genesis_layout":"","ngg_post_thumbnail":0,"footnotes":""},"categories":[1],"tags":[],"class_list":{"0":"post-4028","1":"post","2":"type-post","3":"status-publish","4":"format-standard","5":"has-post-thumbnail","7":"category-noticias","8":"entry"},"_links":{"self":[{"href":"https:\/\/elvinodelaspiedras.es\/en\/wp-json\/wp\/v2\/posts\/4028"}],"collection":[{"href":"https:\/\/elvinodelaspiedras.es\/en\/wp-json\/wp\/v2\/posts"}],"about":[{"href":"https:\/\/elvinodelaspiedras.es\/en\/wp-json\/wp\/v2\/types\/post"}],"author":[{"embeddable":true,"href":"https:\/\/elvinodelaspiedras.es\/en\/wp-json\/wp\/v2\/users\/6"}],"replies":[{"embeddable":true,"href":"https:\/\/elvinodelaspiedras.es\/en\/wp-json\/wp\/v2\/comments?post=4028"}],"version-history":[{"count":1,"href":"https:\/\/elvinodelaspiedras.es\/en\/wp-json\/wp\/v2\/posts\/4028\/revisions"}],"predecessor-version":[{"id":5882,"href":"https:\/\/elvinodelaspiedras.es\/en\/wp-json\/wp\/v2\/posts\/4028\/revisions\/5882"}],"wp:featuredmedia":[{"embeddable":true,"href":"https:\/\/elvinodelaspiedras.es\/en\/wp-json\/wp\/v2\/media\/4029"}],"wp:attachment":[{"href":"https:\/\/elvinodelaspiedras.es\/en\/wp-json\/wp\/v2\/media?parent=4028"}],"wp:term":[{"taxonomy":"category","embeddable":true,"href":"https:\/\/elvinodelaspiedras.es\/en\/wp-json\/wp\/v2\/categories?post=4028"},{"taxonomy":"post_tag","embeddable":true,"href":"https:\/\/elvinodelaspiedras.es\/en\/wp-json\/wp\/v2\/tags?post=4028"}],"curies":[{"name":"wp","href":"https:\/\/api.w.org\/{rel}","templated":true}]}}