{"id":4030,"date":"2017-10-31T00:00:00","date_gmt":"2017-10-31T00:00:00","guid":{"rendered":"http:\/\/elvinodelaspiedras.local\/circe-coordina-un-innovador-proyecto-agroalimentario-en-la-dop-carinena\/"},"modified":"2020-11-13T12:29:29","modified_gmt":"2020-11-13T12:29:29","slug":"circe-coordina-un-innovador-proyecto-agroalimentario-en-la-dop-carinena","status":"publish","type":"post","link":"https:\/\/elvinodelaspiedras.es\/en\/comunicacion\/noticias\/circe-coordina-un-innovador-proyecto-agroalimentario-en-la-dop-carinena\/","title":{"rendered":"Circe coordina un innovador proyecto agroalimentario en la D.O.P. Cari\u00f1ena"},"content":{"rendered":"<p>La <strong>Fundaci\u00f3n CIRCE<\/strong> est\u00e1 coordinando un proyecto innovador de econom\u00eda circular en la <strong>Denominaci\u00f3n de Origen Protegida Cari\u00f1ena<\/strong>, aunque posteriormente podr\u00eda extenderse a otras denominaciones. El objetivo es desarrollar maquinaria para la recogida de la prepoda de vid, de manera que esta pueda estar disponible para su uso energ\u00e9tico como biomasa, que ser\u00eda utilizada por las propias bodegas o agricultores.<\/p>\n<p>El pasado 31 de julio, el <strong>Gobierno de Arag\u00f3n<\/strong> a trav\u00e9s del Departamento de Desarrollo Rural y Sostenibilidad aprob\u00f3 las ayudas para la creaci\u00f3n de grupos operativos de la <strong>Asociaci\u00f3n Europea para la Innovaci\u00f3n (AEI)<\/strong> correspondiente al a\u00f1o 2017. Estas ayudas de los fondos europeos FEADER, que fueron convocadas a principios de abril, se encuentran dentro del marco del Programa de Desarrollo Rural para Arag\u00f3n 2014-2020.<\/p>\n<p>De entre los proyectos aprobados, la Fundaci\u00f3n CIRCE coordinar\u00e1 uno de los proyectos de creaci\u00f3n de un grupo operativo que, entre otras cosas, impulsar\u00e1 la econom\u00eda circular en Arag\u00f3n en el sector de la vid y del vino.<\/p>\n<p>El grupo operativo, creado bajo el nombre <strong>&#8220;Innovaci\u00f3n en prepoda de vid para su uso como biomasa&#8221;,<\/strong> se encuentra en estos momentos y hasta ma\u00f1ana martes, 31 de octubre, ejecutando una primera fase de preparaci\u00f3n del proyecto de ejecuci\u00f3n.<\/p>\n<p>En el consorcio participan como beneficiarios: <strong>Construcciones Mec\u00e1nicas Alcay<\/strong>, empresa conocida por su marca <strong>Trituradoras Serrat<\/strong> (sito en Castej\u00f3n del Puente); <strong>Los Lites<\/strong>, empresa de servicios agr\u00edcolas dedicada a la realizaci\u00f3n de trabajos de agronom\u00eda en la zona de Cari\u00f1ena, as\u00ed como <strong>Destiler\u00edas San Valero<\/strong>, la importante alcoholera de Cari\u00f1ena.<\/p>\n<p>Con el fin de obtener una mejor visi\u00f3n de todos los campos y aspectos del proceso en los que se va a trabajar, participan como miembros no beneficiarios del proyecto la <strong>D.O.P Cari\u00f1ena, Bodegas Ayl\u00e9s y las Cooperativas Agroalimentarias de Arag\u00f3n (FACA)<\/strong>. Finalmente, la <strong>Fundaci\u00f3n CIRCE y CTA Cinco Villas<\/strong>, como centros tecnol\u00f3gicos, aportar\u00e1n su experiencia en la ejecuci\u00f3n de proyectos de innovaci\u00f3n.<\/p>\n<p>El grupo operativo creado tiene por objetivo presentar un proyecto de ejecuci\u00f3n en el que se desarrolle maquinaria para la recogida de la prepoda de vid, de manera que esta pueda estar disponible para su uso energ\u00e9tico. Conseguir movilizar esta biomasa de manera pr\u00e1ctica y rentable es la clave para que consumidores de biomasa de la zona como Destiler\u00edas San Valero, o futuros consumidores como las propias bodegas, puedan marcar un hito en la transici\u00f3n hacia una nueva forma de entender la gesti\u00f3n de los residuos agr\u00edcolas. Tender hacia una mayor calidad del aire mediante la disminuci\u00f3n de quemas de residuos al aire libre, una diversificaci\u00f3n de la actividad del entorno rural, la creaci\u00f3n de empleo y creaci\u00f3n de un tejido agroalimentario m\u00e1s competitivo y mejor posicionado son algunos de los objetivos de este proyecto.<\/p>\n<hr>\n<figure id=\"attachment_446\" aria-describedby=\"caption-attachment-446\" style=\"width: 300px\" class=\"wp-caption alignnone\"><a href=\"\/_archivos\/imagenes\/3369.jpg\" target=\"_blank\" rel=\"noopener noreferrer\"><img decoding=\"async\" class=\"size-medium\" src=\"\/_archivos\/imagenes\/300\/3369.jpg\" alt=\"prepoda 3\" title=\"prepoda 3\" width=\"300\" height=\"auto\" \/><\/a><figcaption id=\"caption-attachment-446\" class=\"wp-caption-text\"><a href=\"\/_archivos\/imagenes\/3369.jpg\" target=\"_blank\" rel=\"noopener noreferrer\">Descargar imagen<\/a><\/figcaption><\/figure>\n","protected":false},"excerpt":{"rendered":"<p>La Fundaci\u00f3n CIRCE est\u00e1 coordinando un proyecto innovador de econom\u00eda circular en la Denominaci\u00f3n de Origen Protegida Cari\u00f1ena, aunque posteriormente podr\u00eda extenderse a otras denominaciones. El objetivo es desarrollar maquinaria para la recogida de la prepoda de vid, de manera que esta pueda estar disponible para su uso energ\u00e9tico como biomasa, que ser\u00eda utilizada por &hellip;<\/p>\n","protected":false},"author":6,"featured_media":4031,"comment_status":"closed","ping_status":"closed","sticky":false,"template":"","format":"standard","meta":{"_genesis_hide_title":false,"_genesis_hide_breadcrumbs":false,"_genesis_hide_singular_image":false,"_genesis_hide_footer_widgets":false,"_genesis_custom_body_class":"","_genesis_custom_post_class":"","_genesis_layout":"","ngg_post_thumbnail":0,"footnotes":""},"categories":[1],"tags":[],"class_list":{"0":"post-4030","1":"post","2":"type-post","3":"status-publish","4":"format-standard","5":"has-post-thumbnail","7":"category-noticias","8":"entry"},"_links":{"self":[{"href":"https:\/\/elvinodelaspiedras.es\/en\/wp-json\/wp\/v2\/posts\/4030"}],"collection":[{"href":"https:\/\/elvinodelaspiedras.es\/en\/wp-json\/wp\/v2\/posts"}],"about":[{"href":"https:\/\/elvinodelaspiedras.es\/en\/wp-json\/wp\/v2\/types\/post"}],"author":[{"embeddable":true,"href":"https:\/\/elvinodelaspiedras.es\/en\/wp-json\/wp\/v2\/users\/6"}],"replies":[{"embeddable":true,"href":"https:\/\/elvinodelaspiedras.es\/en\/wp-json\/wp\/v2\/comments?post=4030"}],"version-history":[{"count":1,"href":"https:\/\/elvinodelaspiedras.es\/en\/wp-json\/wp\/v2\/posts\/4030\/revisions"}],"predecessor-version":[{"id":5883,"href":"https:\/\/elvinodelaspiedras.es\/en\/wp-json\/wp\/v2\/posts\/4030\/revisions\/5883"}],"wp:featuredmedia":[{"embeddable":true,"href":"https:\/\/elvinodelaspiedras.es\/en\/wp-json\/wp\/v2\/media\/4031"}],"wp:attachment":[{"href":"https:\/\/elvinodelaspiedras.es\/en\/wp-json\/wp\/v2\/media?parent=4030"}],"wp:term":[{"taxonomy":"category","embeddable":true,"href":"https:\/\/elvinodelaspiedras.es\/en\/wp-json\/wp\/v2\/categories?post=4030"},{"taxonomy":"post_tag","embeddable":true,"href":"https:\/\/elvinodelaspiedras.es\/en\/wp-json\/wp\/v2\/tags?post=4030"}],"curies":[{"name":"wp","href":"https:\/\/api.w.org\/{rel}","templated":true}]}}