{"id":4034,"date":"2017-11-22T00:00:00","date_gmt":"2017-11-22T00:00:00","guid":{"rendered":"http:\/\/elvinodelaspiedras.local\/poesia-musica-y-vino-de-las-piedras-se-reunen-en-la-presentacion-de-la-campana-de-navidad-de-la-denominacion-de-origen-protegida-carinena\/"},"modified":"2020-11-13T12:29:29","modified_gmt":"2020-11-13T12:29:29","slug":"poesia-musica-y-vino-de-las-piedras-se-reunen-en-la-presentacion-de-la-campana-de-navidad-de-la-denominacion-de-origen-protegida-carinena","status":"publish","type":"post","link":"https:\/\/elvinodelaspiedras.es\/en\/comunicacion\/noticias\/poesia-musica-y-vino-de-las-piedras-se-reunen-en-la-presentacion-de-la-campana-de-navidad-de-la-denominacion-de-origen-protegida-carinena\/","title":{"rendered":"\u201cPoes\u00eda, m\u00fasica y vino de las piedras\u201d se re\u00fanen en la presentaci\u00f3n de la campa\u00f1a de navidad de la denominaci\u00f3n de origen protegida Cari\u00f1ena"},"content":{"rendered":"<p>La Denominaci\u00f3n de Origen Protegida Cari\u00f1ena celebra este\u00a0<strong>viernes, 24 de noviembre<\/strong>, un acto en el que <strong>El Vino de las Piedras<\/strong> compartir\u00e1 protagonismo con la m\u00fasica y la poes\u00eda. El m\u00fasico y cantautor aragon\u00e9s, Celino Gracia, se encargar\u00e1 de poner la nota sonora a la noche y la poeta, actriz y videocreadora, Luc\u00eda Cam\u00f3n, ser\u00e1 la encargada de dar voz al sentimiento l\u00edrico de la velada. <\/p>\n<p>El acto tendr\u00e1 lugar en el <strong>Cafe Dubl\u00edn de Zaragoza (calle Juan Porcell, 12, semiesquina con la calle San Miguel), a partir de las 20,30 horas<\/strong>, y marcar\u00e1 el comienzo de la campa\u00f1a de Navidad de la D.O.P. Cari\u00f1ena. Asimismo, en ese encuentro, se recordar\u00e1 que el vino est\u00e1 presente en las celebraciones y que en las pr\u00f3ximas fechas festivas desempe\u00f1ar\u00e1 un papel especial. En el evento, <strong>el vino, la poes\u00eda y la m\u00fasica se maridar\u00e1n<\/strong> con unas sabrosas tapas, y se reflejar\u00e1 la estrecha relaci\u00f3n que existe entre el trabajo de los <strong>vitivinicultores de Cari\u00f1ena y el de los artistas<\/strong>, ya que ambos son fruto de\u00a0 un proceso creativo. La asistencia al acto es con invitaci\u00f3n.<\/p>\n<p><strong>EL ARTE DE &#8220;EL VINO DE LAS PIEDRAS&#8221;<\/strong><\/p>\n<p>El acto de Navidad de la D.O.P. Cari\u00f1ena enlaza con las campa\u00f1as de El Vino de las Piedras, en las que los <strong>sue\u00f1os, la magia y el arte han sido<\/strong> algunos elementos recurrentes. La \u00faltima, presentada el pasado mes de septiembre, est\u00e1 protagonizada por una <strong>bailarina de ballet<\/strong>.<\/p>\n<p>De esa forma, se remarca en v\u00ednculo del arte con los terrenos pedregosos de la Denominaci\u00f3n, que inspiraron la marca <strong>&#8220;El Vino de las Piedras&#8221;, puesta en marcha en 2011<\/strong>. Desde entonces, la Denominaci\u00f3n Cari\u00f1ena se identifica con este lema, que recuerda que sus vinos son fruto de la paciencia, experiencia y de las especiales condiciones de la tierra y del clima, lo que permite establecer un paralelismo entre el proceso vitivin\u00edcola y de creaci\u00f3n art\u00edstica.<\/p>\n<p><strong>TRAYECTORIA DE CELINO GRACIA Y LUCIA CAM\u00d3N<\/strong><\/p>\n<p><strong>Celino Gracia naci\u00f3 en Teruel en 1985.Alos 10 a\u00f1os se traslad\u00f3 a Zaragoza, donde prosigui\u00f3 sus estudios hasta la universidad. En aquel tiempo surgi\u00f3 su pasi\u00f3n por la m\u00fasica. Despu\u00e9s se march\u00f3 a Londres. All\u00ed escribi\u00f3 canciones y toc\u00f3 en diferentes sitios, hasta que la nostalgia por el idioma propia le anim\u00f3 a volver a Espa\u00f1a e instalarse en un precioso pueblo de la provincia de Teruel. <\/strong><\/p>\n<p>En los \u00faltimos a\u00f1os ha compartido tiempo y espacio con partituras y letras de canciones. En septiembre de 2016 public\u00f3 su primer \u00e1lbum de estudio, <strong>&#8220;Canciones que ser\u00e1n canciones&#8221;,<\/strong> que re\u00fane diez temas para escuchar con detenimiento.<\/p>\n<p>Por su parte, <strong>Luc\u00eda Cam\u00f3n<\/strong> es una poeta, actriz y videocreadora que centra su trabajo en comunicar su mundo interior a trav\u00e9s de diferentes formatos. Valenciana de nacimiento, de padres aragoneses, estudi\u00f3 Derecho en la Universidad de Valencia y en\u00a0 Johannes Gutenberg Universit\u00e4t de Mainz. <\/p>\n<p>En Alemania y Madrid se form\u00f3 como actriz y en 2003 decide fundar su propia compa\u00f1\u00eda, <strong>K Teatro<\/strong>, con la que comienza a investigar en la creaci\u00f3n y adaptaci\u00f3n de textos a partir de improvisaciones: la creaci\u00f3n instant\u00e1nea. En esta \u00e9poca, escribe su primera obra teatral, en la que se mezclan textos po\u00e9ticos con reflexiones cotidianas. En 2009 llega el momento de comunicar sus poes\u00edas en vivo. As\u00ed, tras su primer recital &#8220;Po\u00e9tico Debut&#8221;, comienza un camino de actuaciones y colaboraciones con diversos m\u00fasicos profesionales\u00a0 como <strong>Borja Barrueta, Santi Ibarretxe, Ariel Hernandez o Fran Rubio<\/strong>. Luc\u00eda Cam\u00f3n ha sido galardonada con cinco primeros premios por sus piezas de videoarte en los que mezcla el lenguaje audiovisual, los textos po\u00e9ticos y la interpretaci\u00f3n.<\/p>\n<hr>\n<figure id=\"attachment_448\" aria-describedby=\"caption-attachment-448\" style=\"width: 300px\" class=\"wp-caption alignnone\"><a href=\"\/_archivos\/imagenes\/3372.jpg\" target=\"_blank\" rel=\"noopener noreferrer\"><img decoding=\"async\" class=\"size-medium\" src=\"\/_archivos\/imagenes\/300\/3372.jpg\" alt=\"Luc\u00eda Cam\u00f3n\" title=\"Luc\u00eda Cam\u00f3n\" width=\"300\" height=\"auto\" \/><\/a><figcaption id=\"caption-attachment-448\" class=\"wp-caption-text\"><a href=\"\/_archivos\/imagenes\/3372.jpg\" target=\"_blank\" rel=\"noopener noreferrer\">Descargar imagen<\/a><\/figcaption><\/figure>\n<figure id=\"attachment_448\" aria-describedby=\"caption-attachment-448\" style=\"width: 300px\" class=\"wp-caption alignnone\"><a href=\"\/_archivos\/imagenes\/3373.jpg\" target=\"_blank\" rel=\"noopener noreferrer\"><img decoding=\"async\" class=\"size-medium\" src=\"\/_archivos\/imagenes\/300\/3373.jpg\" alt=\"Celino Gracia\" title=\"Celino Gracia\" width=\"300\" height=\"auto\" \/><\/a><figcaption id=\"caption-attachment-448\" class=\"wp-caption-text\"><a href=\"\/_archivos\/imagenes\/3373.jpg\" target=\"_blank\" rel=\"noopener noreferrer\">Descargar imagen<\/a><\/figcaption><\/figure>    \t<\/p>\n","protected":false},"excerpt":{"rendered":"<p>La Denominaci\u00f3n de Origen Protegida Cari\u00f1ena celebra este\u00a0viernes, 24 de noviembre, un acto en el que El Vino de las Piedras compartir\u00e1 protagonismo con la m\u00fasica y la poes\u00eda. El m\u00fasico y cantautor aragon\u00e9s, Celino Gracia, se encargar\u00e1 de poner la nota sonora a la noche y la poeta, actriz y videocreadora, Luc\u00eda Cam\u00f3n, ser\u00e1 &hellip;<\/p>\n","protected":false},"author":6,"featured_media":4035,"comment_status":"closed","ping_status":"closed","sticky":false,"template":"","format":"standard","meta":{"_genesis_hide_title":false,"_genesis_hide_breadcrumbs":false,"_genesis_hide_singular_image":false,"_genesis_hide_footer_widgets":false,"_genesis_custom_body_class":"","_genesis_custom_post_class":"","_genesis_layout":"","ngg_post_thumbnail":0,"footnotes":""},"categories":[1],"tags":[],"class_list":{"0":"post-4034","1":"post","2":"type-post","3":"status-publish","4":"format-standard","5":"has-post-thumbnail","7":"category-noticias","8":"entry"},"_links":{"self":[{"href":"https:\/\/elvinodelaspiedras.es\/en\/wp-json\/wp\/v2\/posts\/4034"}],"collection":[{"href":"https:\/\/elvinodelaspiedras.es\/en\/wp-json\/wp\/v2\/posts"}],"about":[{"href":"https:\/\/elvinodelaspiedras.es\/en\/wp-json\/wp\/v2\/types\/post"}],"author":[{"embeddable":true,"href":"https:\/\/elvinodelaspiedras.es\/en\/wp-json\/wp\/v2\/users\/6"}],"replies":[{"embeddable":true,"href":"https:\/\/elvinodelaspiedras.es\/en\/wp-json\/wp\/v2\/comments?post=4034"}],"version-history":[{"count":1,"href":"https:\/\/elvinodelaspiedras.es\/en\/wp-json\/wp\/v2\/posts\/4034\/revisions"}],"predecessor-version":[{"id":5880,"href":"https:\/\/elvinodelaspiedras.es\/en\/wp-json\/wp\/v2\/posts\/4034\/revisions\/5880"}],"wp:featuredmedia":[{"embeddable":true,"href":"https:\/\/elvinodelaspiedras.es\/en\/wp-json\/wp\/v2\/media\/4035"}],"wp:attachment":[{"href":"https:\/\/elvinodelaspiedras.es\/en\/wp-json\/wp\/v2\/media?parent=4034"}],"wp:term":[{"taxonomy":"category","embeddable":true,"href":"https:\/\/elvinodelaspiedras.es\/en\/wp-json\/wp\/v2\/categories?post=4034"},{"taxonomy":"post_tag","embeddable":true,"href":"https:\/\/elvinodelaspiedras.es\/en\/wp-json\/wp\/v2\/tags?post=4034"}],"curies":[{"name":"wp","href":"https:\/\/api.w.org\/{rel}","templated":true}]}}